{"id":132273,"date":"2025-12-29T11:53:24","date_gmt":"2025-12-29T11:53:24","guid":{"rendered":"https:\/\/rdnews.al\/?p=132273"},"modified":"2025-12-29T12:06:45","modified_gmt":"2025-12-29T12:06:45","slug":"berisha-rama-me-mesazhet-del-aq-sa-lubia-ne-dy-dosjet-e-saj-qofte-tuneli-qofte-unaza","status":"publish","type":"post","link":"https:\/\/rdnews.al\/index.php\/2025\/12\/29\/berisha-rama-me-mesazhet-del-aq-sa-lubia-ne-dy-dosjet-e-saj-qofte-tuneli-qofte-unaza\/","title":{"rendered":"Berisha: Rama, me mesazhet, del aq sa Lubia n\u00eb dy dosjet e saj, miliarda t\u00eb vjedhura dhe asnj\u00eb p\u00ebrgjegj\u00ebsi!"},"content":{"rendered":"<p>Kryetari i PD, Sali Berisha n\u00eb fjal\u00ebn e tij gjat\u00eb prezantimit t\u00eb drejtuesit t\u00eb ri t\u00eb Departamentit Brain Gain, u ndal s\u00ebrish te abuzimet e Belinda Ballukut, e cila \u00ebsht\u00eb e pandehur nga SPAK,<\/p>\n<p>Berisha tha se, Edi Rama po refuzon t\u00eb lejoj\u00eb heqjen e imunitetit p\u00ebr Belinda Ballukun, duke bllokuar hetimet dhe duke mbrojtur interesat e saj. Berisha, tha se \u201cdosjet e Lubis\u00eb\u201d jan\u00eb trondit\u00ebse dhe tregojn\u00eb vjedhje masive t\u00eb parave publike.<\/p>\n<p>\u201cNe n\u00eb kushtet kur ky regjim, Edi Rama pasi \u00ebsht\u00eb dokumentuar nga prokuroria se kan\u00eb abuzuar miliarda para t\u00eb qytetar\u00ebve dhe ka hequr \u00e7do mask\u00eb n\u00eb mbrojtje t\u00eb flakt\u00eb t\u00eb vjedhjeve dhe abuzimeve t\u00eb parave t\u00eb shqiptar\u00ebve, sepse \u00ebsht\u00eb vet\u00eb i implikuar.<\/p>\n<p>Dy dosjet e Lubis\u00eb, qoft\u00eb tuneli qoft\u00eb unaza, Rama del aq sa Lubia me mesazhet. Kurse AKSHI, AKSHI i kunatit dhe familjes \u00ebsht\u00eb historia m\u00eb unike n\u00eb Evrop\u00eb dhe Bot\u00eb, ku n\u00eb nj\u00eb agjenci shtet\u00ebrore merresh peng sepse merr pjes\u00eb n\u00eb tendera p\u00ebr ti hapur rrug\u00eb kunatit. Merresh peng dhe nuk hetohesh. Gerond Me\u00e7e duhet tia dije p\u00ebr nd\u00ebr autoriteteve gjermane p\u00ebr kontributin e tyre, sepse ai as q\u00eb do t\u00eb hetohej.<\/p>\n<p>Duhet t&#8217;ia dim\u00eb p\u00ebr nd\u00ebr, sepse si Gerondi u mor peng m\u00eb 18 gusht Daniel Shima. Mbeta duke b\u00ebr\u00eb status pas status pas ti dhe ai u zhduk, nuk ekziston. As hetim dhe asgj\u00eb. Jo, sepse ky njeri q\u00eb nuk do t\u00eb heq\u00eb imunitet, q\u00eb bllokon drejt\u00ebsin\u00eb p\u00ebr vjedhjet q\u00eb ka b\u00ebr\u00eb, ky njeri nuk lejonte hetimin. Por Gerond Me\u00e7e zb\u00ebrtheu se Ergys Agasi e kishte marr\u00eb peng\u201d, tha Berisha.<\/p>\n","protected":false},"excerpt":{"rendered":"<p>Kryetari i PD, Sali Berisha n\u00eb fjal\u00ebn e tij gjat\u00eb prezantimit t\u00eb drejtuesit t\u00eb ri t\u00eb Departamentit Brain Gain, u ndal s\u00ebrish te abuzimet e Belinda Ballukut, e cila \u00ebsht\u00eb e pandehur nga SPAK, Berisha tha se, Edi Rama po refuzon t\u00eb lejoj\u00eb heqjen e imunitetit p\u00ebr Belinda Ballukun, duke bllokuar hetimet dhe duke mbrojtur &hellip;<\/p>\n","protected":false},"author":4,"featured_media":128232,"comment_status":"closed","ping_status":"closed","sticky":false,"template":"","format":"standard","meta":{"footnotes":""},"categories":[37],"tags":[],"class_list":["post-132273","post","type-post","status-publish","format-standard","has-post-thumbnail","","category-politike"],"_links":{"self":[{"href":"https:\/\/rdnews.al\/index.php\/wp-json\/wp\/v2\/posts\/132273","targetHints":{"allow":["GET"]}}],"collection":[{"href":"https:\/\/rdnews.al\/index.php\/wp-json\/wp\/v2\/posts"}],"about":[{"href":"https:\/\/rdnews.al\/index.php\/wp-json\/wp\/v2\/types\/post"}],"author":[{"embeddable":true,"href":"https:\/\/rdnews.al\/index.php\/wp-json\/wp\/v2\/users\/4"}],"replies":[{"embeddable":true,"href":"https:\/\/rdnews.al\/index.php\/wp-json\/wp\/v2\/comments?post=132273"}],"version-history":[{"count":2,"href":"https:\/\/rdnews.al\/index.php\/wp-json\/wp\/v2\/posts\/132273\/revisions"}],"predecessor-version":[{"id":132275,"href":"https:\/\/rdnews.al\/index.php\/wp-json\/wp\/v2\/posts\/132273\/revisions\/132275"}],"wp:featuredmedia":[{"embeddable":true,"href":"https:\/\/rdnews.al\/index.php\/wp-json\/wp\/v2\/media\/128232"}],"wp:attachment":[{"href":"https:\/\/rdnews.al\/index.php\/wp-json\/wp\/v2\/media?parent=132273"}],"wp:term":[{"taxonomy":"category","embeddable":true,"href":"https:\/\/rdnews.al\/index.php\/wp-json\/wp\/v2\/categories?post=132273"},{"taxonomy":"post_tag","embeddable":true,"href":"https:\/\/rdnews.al\/index.php\/wp-json\/wp\/v2\/tags?post=132273"}],"curies":[{"name":"wp","href":"https:\/\/api.w.org\/{rel}","templated":true}]}}