{"id":132276,"date":"2025-12-29T12:32:44","date_gmt":"2025-12-29T12:32:44","guid":{"rendered":"https:\/\/rdnews.al\/?p=132276"},"modified":"2025-12-29T12:33:06","modified_gmt":"2025-12-29T12:33:06","slug":"berisha-kerkon-doreheqjen-e-rames-dhe-ballukut-te-dhenat-e-sigurise-kombetare-ne-duart-e-bandave","status":"publish","type":"post","link":"https:\/\/rdnews.al\/index.php\/2025\/12\/29\/berisha-kerkon-doreheqjen-e-rames-dhe-ballukut-te-dhenat-e-sigurise-kombetare-ne-duart-e-bandave\/","title":{"rendered":"Berisha k\u00ebrkon dor\u00ebheqjen e Ram\u00ebs dhe Ballukut: T\u00eb dh\u00ebnat e siguris\u00eb komb\u00ebtare n\u00eb duart e bandave!"},"content":{"rendered":"<p>Kryetari i PD, Sali Berisha ka k\u00ebrkuar zyrtarisht dor\u00ebheqjen e Edi Ram\u00ebs, n\u00eb krye t\u00eb qeveris\u00eb shqiptare, veprim t\u00eb cilin sipas kryedemokratit duhet ta b\u00ebj\u00eb edhe z\u00ebvend\u00ebsja e tij, Belinda Balluku.<\/p>\n<p>N\u00eb konferenc\u00ebn me gazetar\u00ebt, Berisha tha se, dor\u00ebheqja Rama-Balluku, duhet t\u00eb vij\u00eb p\u00ebr shkak t\u00eb kalimit t\u00eb t\u00eb dh\u00ebnave t\u00eb siguris\u00eb komb\u00ebtare n\u00eb duart e bandave dhe armiqve t\u00eb Shqip\u00ebris\u00eb dhe NATO-s<\/p>\n<p>Ai theksoi se, dosja e AKSHI-t nuk \u00ebsht\u00eb pra vet\u00ebm dosja e vjedhjeve t\u00eb qindra milion\u00eb eurove p\u00ebrmes baxhanakut t\u00eb tij n\u00eb AKSHI, dhe implikimit si\u00e7 tregojn\u00eb regjistrimet t\u00eb bashk\u00ebshortes s\u00eb tij n\u00eb p\u00ebrcaktimin e fituesve, nuk \u00ebsht\u00eb vet\u00ebm pengmarrjet, 3 pengmarrje jo 2, Gerond Me\u00e7e me 12 gusht, Daniel Shima nj\u00eb jav\u00eb m\u00eb von\u00eb dhe nj\u00eb tjet\u00ebr biznesmen i ri i marr\u00eb peng p\u00ebr shkak t\u00eb loj\u00ebrave t\u00eb fatit, monopol ekskluziv dhe total i kartelit t\u00eb drog\u00ebs n\u00eb Elbasan.<\/p>\n<p>Berisha: Jam sot k\u00ebtu p\u00ebr t\u00eb k\u00ebrkuar dor\u00ebheqjen e menj\u00ebhershme t\u00eb Edi Ram\u00ebs dhe Lubi Ballukut nga postet e tyre.<\/p>\n<p>\u00c7do dit\u00eb q\u00eb kalon po rrit n\u00eb m\u00ebnyr\u00eb eksponenciale zem\u00ebrimin dhe revolt\u00ebn tek qytetar\u00ebt e Tiran\u00ebs dhe qytetar\u00ebt shqiptar\u00eb.<\/p>\n<p>Po rrit vendosm\u00ebrin\u00eb e tyre p\u00ebr t\u2019i larguar me \u00e7do \u00e7mim nga pushteti k\u00ebta hajdut\u00eb q\u00eb tejkalojn\u00eb me vjedhjet e fondeve dhe pasurive publike t\u00eb gjitha vjedhjet q\u00eb jan\u00eb b\u00ebr\u00eb n\u00eb 113 vjet t\u00eb shtetit shqiptar.<\/p>\n<p>Bllokimi i drejt\u00ebsis\u00eb nga Edi Rama, refuzimi p\u00ebr heqjen e imunitetit dhe arrestimin e Lubi Ballukut, diktimi i vendimit t\u00eb Gjykat\u00ebs Kushtetuese jan\u00eb aktet m\u00eb t\u00eb r\u00ebnda, m\u00eb t\u00eb paprecedent n\u00eb historin\u00eb e nj\u00eb shteti, \u00ebsht\u00eb posht\u00ebrimi m\u00eb i madh q\u00eb u b\u00ebhet qytetar\u00ebve shqiptar\u00eb, duke u th\u00ebn\u00eb atyre se ne u kemi vjedhur, u vjedhim dhe do t\u2019u vjedhim sepse jemi mbi ligjin, mbi Kushtetut\u00ebn dhe kjo p\u00ebrb\u00ebn p\u00ebr \u00e7do qytetar q\u00eb beson n\u00eb barazin\u00eb para ligjit dhe ligjin, q\u00eb beson Kushtetut\u00ebn dhe rendin kushtetuese.<\/p>\n<p>Edi Rama p\u00ebrgjegj\u00ebsit\u00eb i ka m\u00eb t\u00eb r\u00ebnda se Lubi Balluku sepse n\u00ebse ata kan\u00eb vjedhur dhe shp\u00ebrdoruar miliarda n\u00eb veprat publike, nd\u00ebrmarrja, kopshti privat i Edi Ram\u00ebs, AKSHI, nuk \u00ebsht\u00eb kontrolluar nga Lubi Balluku.<\/p>\n<p>AKSHI ka qen\u00eb ekskluzivitet total i familjes Rama.<\/p>\n<p>N\u00eb dosjen e AKSHI-t jan\u00eb veprat m\u00eb t\u00eb sh\u00ebmtuara n\u00eb historin\u00eb e kombit, vjedhja e plot\u00eb dhe totale t\u00eb gjitha t\u00eb dh\u00ebnave t\u00eb siguris\u00eb komb\u00ebtare dhe ato q\u00eb vijn\u00eb nga Aleanca e Atlantikut t\u00eb Veriut n\u00eb Shqip\u00ebri.<\/p>\n<p>Kalimi i k\u00ebtyre t\u00eb dh\u00ebnave n\u00eb duart e bandave dhe armiqve t\u00eb betuar t\u00eb kombit shqiptar dhe NATO-s.<\/p>\n<p>Dosja e AKSHI-t nuk \u00ebsht\u00eb pra vet\u00ebm dosja e vjedhjeve t\u00eb qindra milion\u00eb eurove p\u00ebrmes baxhanakut t\u00eb tij n\u00eb AKSHI, dhe implikimit si\u00e7 tregojn\u00eb regjistrimet t\u00eb bashk\u00ebshortes s\u00eb tij n\u00eb p\u00ebrcaktimin e fituesve, nuk \u00ebsht\u00eb vet\u00ebm pengmarrjet, 3 pengmarrje jo 2, Gerond Me\u00e7e me 12 gusht, Daniel Shima nj\u00eb jav\u00eb m\u00eb von\u00eb dhe nj\u00eb tjet\u00ebr biznesmen i ri i marr\u00eb peng p\u00ebr shkak t\u00eb loj\u00ebrave t\u00eb fatit, monopol ekskluziv dhe total i kartelit t\u00eb drog\u00ebs n\u00eb Elbasan.<\/p>\n","protected":false},"excerpt":{"rendered":"<p>Kryetari i PD, Sali Berisha ka k\u00ebrkuar zyrtarisht dor\u00ebheqjen e Edi Ram\u00ebs, n\u00eb krye t\u00eb qeveris\u00eb shqiptare, veprim t\u00eb cilin sipas kryedemokratit duhet ta b\u00ebj\u00eb edhe z\u00ebvend\u00ebsja e tij, Belinda Balluku. N\u00eb konferenc\u00ebn me gazetar\u00ebt, Berisha tha se, dor\u00ebheqja Rama-Balluku, duhet t\u00eb vij\u00eb p\u00ebr shkak t\u00eb kalimit t\u00eb t\u00eb dh\u00ebnave t\u00eb siguris\u00eb komb\u00ebtare n\u00eb duart &hellip;<\/p>\n","protected":false},"author":4,"featured_media":132277,"comment_status":"closed","ping_status":"closed","sticky":false,"template":"","format":"standard","meta":{"footnotes":""},"categories":[37],"tags":[],"class_list":["post-132276","post","type-post","status-publish","format-standard","has-post-thumbnail","","category-politike"],"_links":{"self":[{"href":"https:\/\/rdnews.al\/index.php\/wp-json\/wp\/v2\/posts\/132276","targetHints":{"allow":["GET"]}}],"collection":[{"href":"https:\/\/rdnews.al\/index.php\/wp-json\/wp\/v2\/posts"}],"about":[{"href":"https:\/\/rdnews.al\/index.php\/wp-json\/wp\/v2\/types\/post"}],"author":[{"embeddable":true,"href":"https:\/\/rdnews.al\/index.php\/wp-json\/wp\/v2\/users\/4"}],"replies":[{"embeddable":true,"href":"https:\/\/rdnews.al\/index.php\/wp-json\/wp\/v2\/comments?post=132276"}],"version-history":[{"count":2,"href":"https:\/\/rdnews.al\/index.php\/wp-json\/wp\/v2\/posts\/132276\/revisions"}],"predecessor-version":[{"id":132279,"href":"https:\/\/rdnews.al\/index.php\/wp-json\/wp\/v2\/posts\/132276\/revisions\/132279"}],"wp:featuredmedia":[{"embeddable":true,"href":"https:\/\/rdnews.al\/index.php\/wp-json\/wp\/v2\/media\/132277"}],"wp:attachment":[{"href":"https:\/\/rdnews.al\/index.php\/wp-json\/wp\/v2\/media?parent=132276"}],"wp:term":[{"taxonomy":"category","embeddable":true,"href":"https:\/\/rdnews.al\/index.php\/wp-json\/wp\/v2\/categories?post=132276"},{"taxonomy":"post_tag","embeddable":true,"href":"https:\/\/rdnews.al\/index.php\/wp-json\/wp\/v2\/tags?post=132276"}],"curies":[{"name":"wp","href":"https:\/\/api.w.org\/{rel}","templated":true}]}}