{"id":132280,"date":"2025-12-29T12:36:01","date_gmt":"2025-12-29T12:36:01","guid":{"rendered":"https:\/\/rdnews.al\/?p=132280"},"modified":"2025-12-29T12:36:01","modified_gmt":"2025-12-29T12:36:01","slug":"berisha-rama-u-kthye-ne-avokatin-mjeran-te-lubise-bis-fondet-nuk-jane-perdorur-por-jane-vjedhur-nga-familja-supermafioze-rama","status":"publish","type":"post","link":"https:\/\/rdnews.al\/index.php\/2025\/12\/29\/berisha-rama-u-kthye-ne-avokatin-mjeran-te-lubise-bis-fondet-nuk-jane-perdorur-por-jane-vjedhur-nga-familja-supermafioze-rama\/","title":{"rendered":"Berisha: Rama u kthye n\u00eb avokatin mjeran t\u00eb Lubis\u00eb bis! Fondet nuk jan\u00eb p\u00ebrdorur, por jan\u00eb vjedhur nga familja supermafioze Rama"},"content":{"rendered":"<p>Kryetari i PD, Sali Berisha tha se, Edi Rama u kthye n\u00eb avokatin e z\u00ebvend\u00ebses s\u00eb tij, Belinda Balluku, duke u b\u00ebr\u00eb mburoj\u00eb mbrojt\u00ebse edhe p\u00ebr familjen e tij.<\/p>\n<p>N\u00eb konferenc\u00ebn me gazetar\u00ebt, Berisha tha se fondet e AKSHI-t nuk jan\u00eb p\u00ebrdorur, porse jan\u00eb vjedhur nga familja supermafioze Rama<\/p>\n<p><strong>Berisha:<\/strong> Edi Rama, q\u00eb b\u00ebri dje avokatin mjeran t\u00eb Lubis\u00eb bis, sipas t\u00eb cilit prokuroria e ka akuzuar at\u00eb p\u00ebr p\u00ebrdorimin e fondeve, p\u00ebrg\u00ebzoj nj\u00eb gazetar i cili shkruante se Rama ka p\u00ebrdorur aty gjuh\u00ebn oruelliane, ku vjedhja e shefit quhet p\u00ebrdorim, ku pla\u00e7kitja quhet mbik\u00ebqyrje nga shefi.<\/p>\n<p>Edi Rama pretendonte se Linda e dyt\u00eb e tij, se i kan\u00eb rastisur t\u00eb treja me Linda, Belinda, Mirlinda, Linda, se si i merr fati t\u00eb tria n\u00eb nj\u00eb rreth t\u00eb kuq, se Mirlinda po akuzohet se ka p\u00ebrdorur fonde.<\/p>\n<p>Po ka mbrojtje m\u00eb kriminale, m\u00eb t\u00eb turpshme se kjo?<\/p>\n<p>Si mund t\u00eb akuzosh se ka p\u00ebrdorur fondet?<\/p>\n<p>Akuzohet se ka vjedhur fondet. Se ka drejtuar nj\u00eb organizat\u00eb kriminale me Ergys Agasin, me koordinatorin e tij, dhe se fondet kan\u00eb shkuar q\u00eb t\u00eb gjitha n\u00eb familjen supermafioze Rama.<\/p>\n<p>Ndaj dhe p\u00ebr ta mbyllur edhe nj\u00ebher\u00eb, jep dor\u00ebheqjen sa m\u00eb par\u00eb.<\/p>\n<p>Je i pashpres\u00eb.<\/p>\n<p>Qytetar\u00ebt shqiptar\u00eb jan\u00eb t\u00eb zem\u00ebruar, t\u00eb revoltuar kund\u00ebr teje dhe t\u00eb gatsh\u00ebm q\u00eb t\u00eb paguajn\u00eb \u00e7do \u00e7mim p\u00ebr familjen tuaj.<\/p>\n","protected":false},"excerpt":{"rendered":"<p>Kryetari i PD, Sali Berisha tha se, Edi Rama u kthye n\u00eb avokatin e z\u00ebvend\u00ebses s\u00eb tij, Belinda Balluku, duke u b\u00ebr\u00eb mburoj\u00eb mbrojt\u00ebse edhe p\u00ebr familjen e tij. N\u00eb konferenc\u00ebn me gazetar\u00ebt, Berisha tha se fondet e AKSHI-t nuk jan\u00eb p\u00ebrdorur, porse jan\u00eb vjedhur nga familja supermafioze Rama Berisha: Edi Rama, q\u00eb b\u00ebri dje &hellip;<\/p>\n","protected":false},"author":4,"featured_media":132281,"comment_status":"closed","ping_status":"closed","sticky":false,"template":"","format":"standard","meta":{"footnotes":""},"categories":[37],"tags":[],"class_list":["post-132280","post","type-post","status-publish","format-standard","has-post-thumbnail","","category-politike"],"_links":{"self":[{"href":"https:\/\/rdnews.al\/index.php\/wp-json\/wp\/v2\/posts\/132280","targetHints":{"allow":["GET"]}}],"collection":[{"href":"https:\/\/rdnews.al\/index.php\/wp-json\/wp\/v2\/posts"}],"about":[{"href":"https:\/\/rdnews.al\/index.php\/wp-json\/wp\/v2\/types\/post"}],"author":[{"embeddable":true,"href":"https:\/\/rdnews.al\/index.php\/wp-json\/wp\/v2\/users\/4"}],"replies":[{"embeddable":true,"href":"https:\/\/rdnews.al\/index.php\/wp-json\/wp\/v2\/comments?post=132280"}],"version-history":[{"count":1,"href":"https:\/\/rdnews.al\/index.php\/wp-json\/wp\/v2\/posts\/132280\/revisions"}],"predecessor-version":[{"id":132282,"href":"https:\/\/rdnews.al\/index.php\/wp-json\/wp\/v2\/posts\/132280\/revisions\/132282"}],"wp:featuredmedia":[{"embeddable":true,"href":"https:\/\/rdnews.al\/index.php\/wp-json\/wp\/v2\/media\/132281"}],"wp:attachment":[{"href":"https:\/\/rdnews.al\/index.php\/wp-json\/wp\/v2\/media?parent=132280"}],"wp:term":[{"taxonomy":"category","embeddable":true,"href":"https:\/\/rdnews.al\/index.php\/wp-json\/wp\/v2\/categories?post=132280"},{"taxonomy":"post_tag","embeddable":true,"href":"https:\/\/rdnews.al\/index.php\/wp-json\/wp\/v2\/tags?post=132280"}],"curies":[{"name":"wp","href":"https:\/\/api.w.org\/{rel}","templated":true}]}}