{"id":132283,"date":"2025-12-29T12:39:15","date_gmt":"2025-12-29T12:39:15","guid":{"rendered":"https:\/\/rdnews.al\/?p=132283"},"modified":"2025-12-29T12:39:35","modified_gmt":"2025-12-29T12:39:35","slug":"berisha-pershendes-qytetaret-e-vlores-per-protesten-dinjitoze-pd-po-angazhohet-per-betejen-finale","status":"publish","type":"post","link":"https:\/\/rdnews.al\/index.php\/2025\/12\/29\/berisha-pershendes-qytetaret-e-vlores-per-protesten-dinjitoze-pd-po-angazhohet-per-betejen-finale\/","title":{"rendered":"Berisha: P\u00ebrsh\u00ebndes qytetar\u00ebt e Vlor\u00ebs p\u00ebr protest\u00ebn dinjitoze! PD po angazhohet p\u00ebr betej\u00ebn finale!"},"content":{"rendered":"<p>Kryetari i PD, Sali Berisha p\u00ebrsh\u00ebndeti qytetar\u00ebt e Vlor\u00ebs p\u00ebr protest\u00ebn e tyre dinjitoze! Ai tha se, Partia Demokratike po angazhohet p\u00ebr betej\u00ebn finale.<\/p>\n<p>Duke folur nga selia e PD, n\u00eb konferenc\u00ebn me gazetar\u00ebt, Berisha tha se p\u00ebrmes k\u00ebsaj proteste, vlonjat\u00ebt ua zun\u00eb festimet n\u00eb fyt zyrtar\u00ebve makut\u00eb, q\u00eb sipas kryedemokratit, kan\u00eb vjedhur fondet e uj\u00ebsjell\u00ebsit.<\/p>\n<p><strong>Berisha:<\/strong> S\u00eb dyti, dua t\u00eb p\u00ebrsh\u00ebndes p\u00ebrzem\u00ebrsisht qytetar\u00ebt e Vlor\u00ebs p\u00ebr protest\u00ebn e tyre dinjitoz\u00eb, p\u00ebr fibr\u00ebn e tyre qytetare, q\u00eb reaguan n\u00eb m\u00ebnyr\u00ebn m\u00eb t\u00eb fuqishme, ua zun\u00eb galan\u00eb n\u00eb fyt zyrtar\u00ebve makut\u00eb, q\u00eb kan\u00eb vjedhur fondet e uj\u00ebsjell\u00ebsit dhe ishin mbledhur t\u00eb festonin me to.<\/p>\n<p>Qytetar\u00eb dhe qytetare, ju p\u00ebrjetoni padrejt\u00ebsit\u00eb m\u00eb t\u00eb m\u00ebdha. Protesta juaj kund\u00ebr regjimit \u00ebsht\u00eb shp\u00ebtimtare p\u00ebr ju dhe p\u00ebr Shqip\u00ebrin\u00eb.<\/p>\n<p>Uji nuk mungon vet\u00ebm n\u00eb Vlor\u00eb, uji mungon n\u00eb mbar\u00eb Shqip\u00ebrin\u00eb.<\/p>\n<p>Arbitrariteti nuk ushtrohet vet\u00ebm n\u00eb Vlor\u00eb, ushtrohet n\u00eb \u00e7do skaj t\u00eb k\u00ebtij vendi.<\/p>\n<p>P\u00ebr t\u00eb shp\u00ebtuar duhet z\u00ebri juaj, duhet angazhimi juaj qytetar.<\/p>\n<p>T\u00eb p\u00ebrz\u00ebm\u00eb sa m\u00eb par\u00eb k\u00ebt\u00eb t\u00eb keqe t\u00eb madhe q\u00eb i ka r\u00ebn\u00eb n\u00eb krye Shqip\u00ebris\u00eb.<\/p>\n<p>PD angazhohet, opozita angazhohet n\u00eb betej\u00ebn finale p\u00ebr largimin e organizat\u00ebs kriminale nga pushteti, organizat\u00eb q\u00eb kryesohet nga Edi Rama.<\/p>\n","protected":false},"excerpt":{"rendered":"<p>Kryetari i PD, Sali Berisha p\u00ebrsh\u00ebndeti qytetar\u00ebt e Vlor\u00ebs p\u00ebr protest\u00ebn e tyre dinjitoze! Ai tha se, Partia Demokratike po angazhohet p\u00ebr betej\u00ebn finale. Duke folur nga selia e PD, n\u00eb konferenc\u00ebn me gazetar\u00ebt, Berisha tha se p\u00ebrmes k\u00ebsaj proteste, vlonjat\u00ebt ua zun\u00eb festimet n\u00eb fyt zyrtar\u00ebve makut\u00eb, q\u00eb sipas kryedemokratit, kan\u00eb vjedhur fondet e &hellip;<\/p>\n","protected":false},"author":4,"featured_media":132277,"comment_status":"closed","ping_status":"closed","sticky":false,"template":"","format":"standard","meta":{"footnotes":""},"categories":[37],"tags":[],"class_list":["post-132283","post","type-post","status-publish","format-standard","has-post-thumbnail","","category-politike"],"_links":{"self":[{"href":"https:\/\/rdnews.al\/index.php\/wp-json\/wp\/v2\/posts\/132283","targetHints":{"allow":["GET"]}}],"collection":[{"href":"https:\/\/rdnews.al\/index.php\/wp-json\/wp\/v2\/posts"}],"about":[{"href":"https:\/\/rdnews.al\/index.php\/wp-json\/wp\/v2\/types\/post"}],"author":[{"embeddable":true,"href":"https:\/\/rdnews.al\/index.php\/wp-json\/wp\/v2\/users\/4"}],"replies":[{"embeddable":true,"href":"https:\/\/rdnews.al\/index.php\/wp-json\/wp\/v2\/comments?post=132283"}],"version-history":[{"count":2,"href":"https:\/\/rdnews.al\/index.php\/wp-json\/wp\/v2\/posts\/132283\/revisions"}],"predecessor-version":[{"id":132285,"href":"https:\/\/rdnews.al\/index.php\/wp-json\/wp\/v2\/posts\/132283\/revisions\/132285"}],"wp:featuredmedia":[{"embeddable":true,"href":"https:\/\/rdnews.al\/index.php\/wp-json\/wp\/v2\/media\/132277"}],"wp:attachment":[{"href":"https:\/\/rdnews.al\/index.php\/wp-json\/wp\/v2\/media?parent=132283"}],"wp:term":[{"taxonomy":"category","embeddable":true,"href":"https:\/\/rdnews.al\/index.php\/wp-json\/wp\/v2\/categories?post=132283"},{"taxonomy":"post_tag","embeddable":true,"href":"https:\/\/rdnews.al\/index.php\/wp-json\/wp\/v2\/tags?post=132283"}],"curies":[{"name":"wp","href":"https:\/\/api.w.org\/{rel}","templated":true}]}}