{"id":132286,"date":"2025-12-29T12:43:56","date_gmt":"2025-12-29T12:43:56","guid":{"rendered":"https:\/\/rdnews.al\/?p=132286"},"modified":"2025-12-29T12:43:56","modified_gmt":"2025-12-29T12:43:56","slug":"berisha-opozita-do-te-filloje-protesta-pa-asnje-diskutim-bulevardi-eshte-rruga-e-fitores","status":"publish","type":"post","link":"https:\/\/rdnews.al\/index.php\/2025\/12\/29\/berisha-opozita-do-te-filloje-protesta-pa-asnje-diskutim-bulevardi-eshte-rruga-e-fitores\/","title":{"rendered":"Berisha: Opozita do t\u00eb filloj\u00eb protesta pa asnj\u00eb diskutim, bulevardi \u00ebsht\u00eb rruga e fitores!"},"content":{"rendered":"<p>Kryetari i PD, Sali Berisha ka rikonfirmuar vijimin e protestave t\u00eb opozit\u00ebs, duke e konsideruar bulevardin me protestues, si rrug\u00ebn e fitores.<\/p>\n<p>Berisha n\u00eb komunikimin e tij me gazetar\u00ebt tha se, sot m\u00eb shum\u00eb se kurr\u00eb, \u00ebsht\u00eb koha q\u00eb PD t\u00eb vendos\u00eb p\u00ebr t\u00eb marr\u00eb p\u00ebrsip\u00ebr misionin e ri t\u00eb saj.<\/p>\n<p><strong>Berisha:<\/strong> Opozita do t\u00eb filloj\u00eb protesta pa asnj\u00eb diskutim.<\/p>\n<p>Opozita po b\u00ebn gjith\u00e7ka p\u00ebr t\u00eb qart\u00ebsuar tek \u00e7do qytetar se, rruga e vetme \u00ebsht\u00eb protesta e q\u00ebndrueshme. Se \u00ebsht\u00eb koha, sot m\u00eb shum\u00eb se kurr\u00eb t\u00eb vendosi p\u00ebr t\u00eb marr\u00eb p\u00ebrsip\u00ebr misionin ton\u00eb t\u00eb ri.<\/p>\n<p>Misionin e p\u00ebrmbysjes s\u00eb regjimit t\u00eb narkoshtetit. Mision i cili do t\u00eb p\u00ebrmbushet sapo mij\u00ebra shqiptar\u00eb t\u00eb vendosin t\u00eb dalin n\u00eb shesh \u00e7do dit\u00eb.<\/p>\n<p>T\u00eb protestojn\u00eb kund\u00ebr regjimit. T\u00eb ndahen nga apatia, lodhja, m\u00ebrzitja, zhg\u00ebnjimi q\u00eb i ka pushtuar.<\/p>\n<p>Bulevardi \u00ebsht\u00eb sheshi, \u00ebsht\u00eb rruga e fitores.<\/p>\n<p>Asnj\u00eb prej tyre nuk duhet t&#8217;i thot\u00eb vetes se sa jemi. Idealet nuk maten me numra, forca e idealeve nuk maten nga numrat, por nga guximi dhe guximi i idealist\u00ebve \u00ebsht\u00eb i pashtersh\u00ebm dhe triumfues. Dhe un\u00eb kam besim t\u00eb madh se kjo karabina e kalbur q\u00eb po kund\u00ebrmon er\u00ebn m\u00eb t\u00eb keqe n\u00eb Shqip\u00ebri dhe mbar\u00eb Europ\u00ebn, do t\u00eb marr\u00eb vendin q\u00eb meriton.<\/p>\n","protected":false},"excerpt":{"rendered":"<p>Kryetari i PD, Sali Berisha ka rikonfirmuar vijimin e protestave t\u00eb opozit\u00ebs, duke e konsideruar bulevardin me protestues, si rrug\u00ebn e fitores. Berisha n\u00eb komunikimin e tij me gazetar\u00ebt tha se, sot m\u00eb shum\u00eb se kurr\u00eb, \u00ebsht\u00eb koha q\u00eb PD t\u00eb vendos\u00eb p\u00ebr t\u00eb marr\u00eb p\u00ebrsip\u00ebr misionin e ri t\u00eb saj. Berisha: Opozita do t\u00eb &hellip;<\/p>\n","protected":false},"author":4,"featured_media":131766,"comment_status":"closed","ping_status":"closed","sticky":false,"template":"","format":"standard","meta":{"footnotes":""},"categories":[37],"tags":[],"class_list":["post-132286","post","type-post","status-publish","format-standard","has-post-thumbnail","","category-politike"],"_links":{"self":[{"href":"https:\/\/rdnews.al\/index.php\/wp-json\/wp\/v2\/posts\/132286","targetHints":{"allow":["GET"]}}],"collection":[{"href":"https:\/\/rdnews.al\/index.php\/wp-json\/wp\/v2\/posts"}],"about":[{"href":"https:\/\/rdnews.al\/index.php\/wp-json\/wp\/v2\/types\/post"}],"author":[{"embeddable":true,"href":"https:\/\/rdnews.al\/index.php\/wp-json\/wp\/v2\/users\/4"}],"replies":[{"embeddable":true,"href":"https:\/\/rdnews.al\/index.php\/wp-json\/wp\/v2\/comments?post=132286"}],"version-history":[{"count":1,"href":"https:\/\/rdnews.al\/index.php\/wp-json\/wp\/v2\/posts\/132286\/revisions"}],"predecessor-version":[{"id":132287,"href":"https:\/\/rdnews.al\/index.php\/wp-json\/wp\/v2\/posts\/132286\/revisions\/132287"}],"wp:featuredmedia":[{"embeddable":true,"href":"https:\/\/rdnews.al\/index.php\/wp-json\/wp\/v2\/media\/131766"}],"wp:attachment":[{"href":"https:\/\/rdnews.al\/index.php\/wp-json\/wp\/v2\/media?parent=132286"}],"wp:term":[{"taxonomy":"category","embeddable":true,"href":"https:\/\/rdnews.al\/index.php\/wp-json\/wp\/v2\/categories?post=132286"},{"taxonomy":"post_tag","embeddable":true,"href":"https:\/\/rdnews.al\/index.php\/wp-json\/wp\/v2\/tags?post=132286"}],"curies":[{"name":"wp","href":"https:\/\/api.w.org\/{rel}","templated":true}]}}