{"id":132288,"date":"2025-12-29T12:46:57","date_gmt":"2025-12-29T12:46:57","guid":{"rendered":"https:\/\/rdnews.al\/?p=132288"},"modified":"2025-12-29T12:46:57","modified_gmt":"2025-12-29T12:46:57","slug":"berisha-per-opoziten-lubi-balluku-eshte-pa-imunitet-ate-e-mban-vetem-rama-qe-nuk-lejon-arrestimin-e-saj","status":"publish","type":"post","link":"https:\/\/rdnews.al\/index.php\/2025\/12\/29\/berisha-per-opoziten-lubi-balluku-eshte-pa-imunitet-ate-e-mban-vetem-rama-qe-nuk-lejon-arrestimin-e-saj\/","title":{"rendered":"Berisha: P\u00ebr opozit\u00ebn Lubi Balluku \u00ebsht\u00eb pa imunitet, at\u00eb e mban vet\u00ebm Rama q\u00eb nuk lejon arrestimin e saj!"},"content":{"rendered":"<p>Kryetari i PD, Sali Berisha tha se, p\u00ebr opozit\u00ebn Belinda Balluku \u00ebsht\u00eb pa imunitet, nd\u00ebrsa at\u00eb e mban vet\u00ebm Rama q\u00eb nuk lejon arrestimin e saj.<\/p>\n<p>Berisha tha se, opozita do i p\u00ebrgjigjet p\u00ebrs\u00ebri me rrug\u00eb ligjore, dhe me protesta t\u00eb fuqishme. 5 an\u00ebtar\u00eb t\u00eb K\u00ebshillit t\u00eb Mandateve p\u00ebrb\u00ebjn\u00eb kuorumin e K\u00ebshillit.<\/p>\n<p>Berisha: Opozita mblodhi komisionin, mbledhja e komisionit \u00ebsht\u00eb plot\u00ebsisht e ligjshme dhe p\u00ebr opozit\u00ebn Lubi Balluku nuk ka m\u00eb imunitet.<\/p>\n<p>E mban vet\u00ebm Edi Rama q\u00eb nuk lejon arrestimin e saj.<\/p>\n<p>Opozita do i p\u00ebrgjigjet p\u00ebrs\u00ebri me rrug\u00eb ligjore, dhe me protesta t\u00eb fuqishme.<\/p>\n<p>Ky \u00ebsht\u00eb kombinimi yn\u00eb.<\/p>\n<p>5 an\u00ebtar\u00eb t\u00eb K\u00ebshillit t\u00eb Mandateve p\u00ebrb\u00ebjn\u00eb kuorumin e K\u00ebshillit. Vendimet e tij jan\u00eb t\u00eb ligjshme, pa asnj\u00eb lloj komenti.<\/p>\n<p>De facto Lubia nuk ka m\u00eb imunitet.<\/p>\n","protected":false},"excerpt":{"rendered":"<p>Kryetari i PD, Sali Berisha tha se, p\u00ebr opozit\u00ebn Belinda Balluku \u00ebsht\u00eb pa imunitet, nd\u00ebrsa at\u00eb e mban vet\u00ebm Rama q\u00eb nuk lejon arrestimin e saj. Berisha tha se, opozita do i p\u00ebrgjigjet p\u00ebrs\u00ebri me rrug\u00eb ligjore, dhe me protesta t\u00eb fuqishme. 5 an\u00ebtar\u00eb t\u00eb K\u00ebshillit t\u00eb Mandateve p\u00ebrb\u00ebjn\u00eb kuorumin e K\u00ebshillit. Berisha: Opozita mblodhi &hellip;<\/p>\n","protected":false},"author":4,"featured_media":132281,"comment_status":"closed","ping_status":"closed","sticky":false,"template":"","format":"standard","meta":{"footnotes":""},"categories":[37],"tags":[],"class_list":["post-132288","post","type-post","status-publish","format-standard","has-post-thumbnail","","category-politike"],"_links":{"self":[{"href":"https:\/\/rdnews.al\/index.php\/wp-json\/wp\/v2\/posts\/132288","targetHints":{"allow":["GET"]}}],"collection":[{"href":"https:\/\/rdnews.al\/index.php\/wp-json\/wp\/v2\/posts"}],"about":[{"href":"https:\/\/rdnews.al\/index.php\/wp-json\/wp\/v2\/types\/post"}],"author":[{"embeddable":true,"href":"https:\/\/rdnews.al\/index.php\/wp-json\/wp\/v2\/users\/4"}],"replies":[{"embeddable":true,"href":"https:\/\/rdnews.al\/index.php\/wp-json\/wp\/v2\/comments?post=132288"}],"version-history":[{"count":1,"href":"https:\/\/rdnews.al\/index.php\/wp-json\/wp\/v2\/posts\/132288\/revisions"}],"predecessor-version":[{"id":132289,"href":"https:\/\/rdnews.al\/index.php\/wp-json\/wp\/v2\/posts\/132288\/revisions\/132289"}],"wp:featuredmedia":[{"embeddable":true,"href":"https:\/\/rdnews.al\/index.php\/wp-json\/wp\/v2\/media\/132281"}],"wp:attachment":[{"href":"https:\/\/rdnews.al\/index.php\/wp-json\/wp\/v2\/media?parent=132288"}],"wp:term":[{"taxonomy":"category","embeddable":true,"href":"https:\/\/rdnews.al\/index.php\/wp-json\/wp\/v2\/categories?post=132288"},{"taxonomy":"post_tag","embeddable":true,"href":"https:\/\/rdnews.al\/index.php\/wp-json\/wp\/v2\/tags?post=132288"}],"curies":[{"name":"wp","href":"https:\/\/api.w.org\/{rel}","templated":true}]}}