{"id":132290,"date":"2025-12-29T12:57:41","date_gmt":"2025-12-29T12:57:41","guid":{"rendered":"https:\/\/rdnews.al\/?p=132290"},"modified":"2025-12-29T12:57:41","modified_gmt":"2025-12-29T12:57:41","slug":"skandali-rama-jep-leje-per-betonizimin-e-perles-se-jugut-gjirit-te-llamanit","status":"publish","type":"post","link":"https:\/\/rdnews.al\/index.php\/2025\/12\/29\/skandali-rama-jep-leje-per-betonizimin-e-perles-se-jugut-gjirit-te-llamanit\/","title":{"rendered":"Skandali\/ Rama jep leje p\u00ebr betonizimin e perl\u00ebs s\u00eb jugut, &#8220;Gjirit t\u00eb Llamanit&#8221;"},"content":{"rendered":"<p>Nj\u00eb pik\u00eb e \u201cvo\u00e7k\u00ebl\u201d n\u00eb Gjirin e Llamanit, me sip\u00ebrfaqe 101.200 metra katror\u00eb, do t\u00eb betonohet. VoxNews ka siguruar ekskluzivisht dokumentet e projektit, i cili po zhvillohet nga dy biznesmen\u00ebt Arben Mu\u00e7obega dhe Redjan Basha. Me veprime dhe dokumente tep\u00ebr t\u00eb dyshimta, duke qen\u00eb se zona \u00ebsht\u00eb t\u00ebr\u00ebsisht shk\u00ebmbore, ata kan\u00eb arritur q\u00eb t\u00eb bindin qeverin\u00eb dhe ve\u00e7an\u00ebrisht ish-ministren e Mjedisit Mirela Kumbaro, e cila ka firmosur edhe lejen e zhvillimit.<\/p>\n<p>Prej shum\u00eb vitesh, biznesmeni Arben Mu\u00e7obega vijon q\u00eb t\u00eb shfryt\u00ebzoj\u00eb t\u00eb gjith\u00eb Gjirin e Llamanit, duke ngritur lokale dhe restorante luksoze, n\u00eb nj\u00eb nga gjiret m\u00eb t\u00eb bukura t\u00eb detit Jon, midis Himar\u00ebs dhe Porto Palermos. Mu\u00e7obega ka marr\u00eb vazhdimisht leje p\u00ebr shfryt\u00ebzimin e plazhit, nd\u00ebrkoh\u00eb q\u00eb ka publikuar edhe projekte q\u00eb e shnd\u00ebrrojn\u00eb t\u00eb gjith\u00eb zon\u00ebn e Llamanit n\u00eb nj\u00eb resort personal, pa asnj\u00eb dalje n\u00eb det p\u00ebr qytetar\u00ebt e thjesht\u00eb.<\/p>\n<p>Nd\u00ebrkoh\u00eb, krahas k\u00ebtij projekti, Mu\u00e7obega ia vuri syrin edhe kodr\u00ebs ngjitur me Gjirin e Llamanit. \u00cbsht\u00eb nj\u00eb kod\u00ebr shk\u00ebmbore, normalisht q\u00eb s\u2019duhet t\u00eb kishte pronar pasi \u00ebsht\u00eb e pashfryt\u00ebzueshme dhe t\u00ebr\u00ebsisht n\u00eb af\u00ebrsi dhe pjerr\u00ebsi t\u00eb madhe drejt detit Jon. Por, si n\u00eb \u00e7do vend t\u00eb bukur, ndoshta edhe asaj zone shk\u00ebmbore i ka dal\u00eb pronari si \u201ctok\u00eb buke e gjyshit\u201d.<\/p>\n<p><img loading=\"lazy\" decoding=\"async\" class=\"alignnone wp-image-48453 size-full\" src=\"https:\/\/ekofin.al\/wp-content\/uploads\/2025\/12\/2-4.jpeg\" sizes=\"auto, (max-width: 640px) 100vw, 640px\" srcset=\"https:\/\/ekofin.al\/wp-content\/uploads\/2025\/12\/2-4.jpeg 640w, https:\/\/ekofin.al\/wp-content\/uploads\/2025\/12\/2-4-300x216.jpeg 300w, https:\/\/ekofin.al\/wp-content\/uploads\/2025\/12\/2-4-150x108.jpeg 150w, https:\/\/ekofin.al\/wp-content\/uploads\/2025\/12\/2-4-450x323.jpeg 450w\" alt=\"\" width=\"640\" height=\"460\" \/><img loading=\"lazy\" decoding=\"async\" class=\"alignnone wp-image-48454 size-full\" src=\"https:\/\/ekofin.al\/wp-content\/uploads\/2025\/12\/3-4.jpeg\" sizes=\"auto, (max-width: 640px) 100vw, 640px\" srcset=\"https:\/\/ekofin.al\/wp-content\/uploads\/2025\/12\/3-4.jpeg 640w, https:\/\/ekofin.al\/wp-content\/uploads\/2025\/12\/3-4-300x147.jpeg 300w, https:\/\/ekofin.al\/wp-content\/uploads\/2025\/12\/3-4-150x74.jpeg 150w, https:\/\/ekofin.al\/wp-content\/uploads\/2025\/12\/3-4-450x221.jpeg 450w\" alt=\"\" width=\"640\" height=\"314\" \/><img loading=\"lazy\" decoding=\"async\" class=\"alignnone wp-image-48455 size-full\" src=\"https:\/\/ekofin.al\/wp-content\/uploads\/2025\/12\/4-4.jpeg\" sizes=\"auto, (max-width: 640px) 100vw, 640px\" srcset=\"https:\/\/ekofin.al\/wp-content\/uploads\/2025\/12\/4-4.jpeg 640w, https:\/\/ekofin.al\/wp-content\/uploads\/2025\/12\/4-4-300x126.jpeg 300w, https:\/\/ekofin.al\/wp-content\/uploads\/2025\/12\/4-4-150x63.jpeg 150w, https:\/\/ekofin.al\/wp-content\/uploads\/2025\/12\/4-4-450x188.jpeg 450w\" alt=\"\" width=\"640\" height=\"268\" \/><\/p>\n<p>Koha kaloi dhe, duke qen\u00eb se i gjith\u00eb bregdeti i jugut po mbushet me resorte, Mu\u00e7obega ka p\u00ebrgatitur me shpejt\u00ebsi dokumentet p\u00ebr t\u00eb marr\u00eb at\u00eb pik\u00ebn e \u201cvo\u00e7k\u00ebl\u201d. VoxNews ka siguruar ekskluzivisht dhjet\u00ebra dokumente t\u00eb projektit q\u00eb po shkat\u00ebrron nj\u00eb nga zonat m\u00eb t\u00eb bukura t\u00eb Shqip\u00ebris\u00eb, ku detajohet se jo pik\u00eb ka nj\u00eb sip\u00ebrfaqe plot 101.200 metra katror\u00eb.<\/p>\n<p>Leja e zhvillimit u firmos me shpejt\u00ebsi para zgjedhjeve t\u00eb fundit parlamentare, madje nga Mirela Kumbaro, ministrja e Mjedisit e cila i njeh mir\u00eb k\u00ebto pika t\u00eb \u201cvo\u00e7kla\u201d. Me nj\u00eb vendim t\u00eb beft\u00eb dhe me nj\u00eb prapasken\u00eb t\u00eb llahtarshme, duke qen\u00eb se ajo zon\u00eb u la qellimisht jasht\u00eb zon\u00ebs s\u00eb mbrojtur, Kumbaro ka firmosur nj\u00eb tjet\u00ebr dokument tjet\u00ebrsimi e shkat\u00ebrrimi, pas Gjirit t\u00eb Manastirit n\u00eb Sarand\u00eb.<\/p>\n<p><img loading=\"lazy\" decoding=\"async\" class=\"alignnone wp-image-48456 size-full\" src=\"https:\/\/ekofin.al\/wp-content\/uploads\/2025\/12\/5-3.jpeg\" sizes=\"auto, (max-width: 640px) 100vw, 640px\" srcset=\"https:\/\/ekofin.al\/wp-content\/uploads\/2025\/12\/5-3.jpeg 640w, https:\/\/ekofin.al\/wp-content\/uploads\/2025\/12\/5-3-300x225.jpeg 300w, https:\/\/ekofin.al\/wp-content\/uploads\/2025\/12\/5-3-150x113.jpeg 150w, https:\/\/ekofin.al\/wp-content\/uploads\/2025\/12\/5-3-450x338.jpeg 450w\" alt=\"\" width=\"640\" height=\"481\" \/><img loading=\"lazy\" decoding=\"async\" class=\"alignnone wp-image-48457 size-full\" src=\"https:\/\/ekofin.al\/wp-content\/uploads\/2025\/12\/6-2.jpeg\" sizes=\"auto, (max-width: 640px) 100vw, 640px\" srcset=\"https:\/\/ekofin.al\/wp-content\/uploads\/2025\/12\/6-2.jpeg 640w, https:\/\/ekofin.al\/wp-content\/uploads\/2025\/12\/6-2-300x202.jpeg 300w, https:\/\/ekofin.al\/wp-content\/uploads\/2025\/12\/6-2-150x101.jpeg 150w, https:\/\/ekofin.al\/wp-content\/uploads\/2025\/12\/6-2-450x303.jpeg 450w\" alt=\"\" width=\"640\" height=\"431\" \/><\/p>\n<p>Kush jan\u00eb p\u00ebrfituesit e k\u00ebsaj leje? Sipas dokumenteve q\u00eb disponon VoxNews, qeveria ka miratuar lejen e zhvillimit p\u00ebr projektin \u201cAmantes\u201d, n\u00eb Bashkin\u00eb Himar\u00eb, nj\u00eb \u201cresort multifunksional, hotel, vila dhe sh\u00ebrbime me subjekt nd\u00ebrtues shoq\u00ebrit\u00eb \u2018Capital B\u2019 dhe \u2018Bega 07\u2019\u201d.<\/p>\n<p>Kompania Capital B ka si pronar z. Redjan Basha, nd\u00ebrkoh\u00eb q\u00eb firma Bega 07 ka si pronar biznesmenin tep\u00ebr t\u00eb kaluar Arben Mu\u00e7obega, i akuzuar edhe nga eksponent\u00eb t\u00eb opozit\u00ebs p\u00ebr lidhje t\u00eb dyshimta, qoft\u00eb me bot\u00ebn e krimit ashtu edhe me politik\u00ebn.<\/p>\n<p><img loading=\"lazy\" decoding=\"async\" class=\"alignnone wp-image-48458 size-full\" src=\"https:\/\/ekofin.al\/wp-content\/uploads\/2025\/12\/7-2.jpeg\" sizes=\"auto, (max-width: 640px) 100vw, 640px\" srcset=\"https:\/\/ekofin.al\/wp-content\/uploads\/2025\/12\/7-2.jpeg 640w, https:\/\/ekofin.al\/wp-content\/uploads\/2025\/12\/7-2-300x159.jpeg 300w, https:\/\/ekofin.al\/wp-content\/uploads\/2025\/12\/7-2-150x80.jpeg 150w, https:\/\/ekofin.al\/wp-content\/uploads\/2025\/12\/7-2-450x239.jpeg 450w\" alt=\"\" width=\"640\" height=\"340\" \/><img loading=\"lazy\" decoding=\"async\" class=\"alignnone wp-image-48459 size-full\" src=\"https:\/\/ekofin.al\/wp-content\/uploads\/2025\/12\/8-1.jpeg\" sizes=\"auto, (max-width: 640px) 100vw, 640px\" srcset=\"https:\/\/ekofin.al\/wp-content\/uploads\/2025\/12\/8-1.jpeg 640w, https:\/\/ekofin.al\/wp-content\/uploads\/2025\/12\/8-1-300x158.jpeg 300w, https:\/\/ekofin.al\/wp-content\/uploads\/2025\/12\/8-1-150x79.jpeg 150w, https:\/\/ekofin.al\/wp-content\/uploads\/2025\/12\/8-1-450x236.jpeg 450w\" alt=\"\" width=\"640\" height=\"336\" \/><\/p>\n<p>N\u00eb dokumentet q\u00eb ka hulumtuar VoxNews shkruhet se projekti \u201cAmantes\u201d \u00ebsht\u00eb vler\u00ebsuar dhe trajtuar duke marr\u00eb n\u00eb konsiderat\u00eb t\u00eb gjith\u00eb aspektet si ato strategjike, nd\u00ebrtimore, sociale, ekonomike dhe mjedisore. \u201cProjekti i resortit me 5 yje \u2018Amentes\u2019 do t\u00eb zhvillohet n\u00eb zon\u00ebn e plazhit t\u00eb Llamanit, n\u00eb kufi me plazhin e Himar\u00ebs, n\u00eb Bashkin\u00eb Himar\u00eb,e cila ndodhet n\u00eb pjes\u00ebn jugper\u00ebndimore t\u00eb Shqip\u00ebris\u00eb\u201d thuhet n\u00eb lejen e zhvillimit.<\/p>\n<p>Sipas saj, resorti \u201cAmantes\u201d shtrihet n\u00eb kodr\u00ebn p\u00ebrbri plazhit t\u00eb Llamanit. \u201cSheshi i nd\u00ebrtimit t\u00eb resortit ka nj\u00eb sip\u00ebrfaqe prej 101.200 metra katror\u00eb me dalje t\u00eb drejtp\u00ebrdrejt\u00eb n\u00eb plazhin shk\u00ebmbor t\u00eb detit Jon, duke ofruar nj\u00eb pamje mahnit\u00ebse t\u00eb detit p\u00ebr t\u00eb gjith\u00eb pushuesit dhe vizitor\u00ebt e resortit\u201d shkruhet n\u00eb k\u00ebt\u00eb leje.<\/p>\n<p><img loading=\"lazy\" decoding=\"async\" class=\"alignnone wp-image-48460 size-full\" src=\"https:\/\/ekofin.al\/wp-content\/uploads\/2025\/12\/9-1.jpeg\" sizes=\"auto, (max-width: 640px) 100vw, 640px\" srcset=\"https:\/\/ekofin.al\/wp-content\/uploads\/2025\/12\/9-1.jpeg 640w, https:\/\/ekofin.al\/wp-content\/uploads\/2025\/12\/9-1-300x199.jpeg 300w, https:\/\/ekofin.al\/wp-content\/uploads\/2025\/12\/9-1-150x99.jpeg 150w, https:\/\/ekofin.al\/wp-content\/uploads\/2025\/12\/9-1-450x298.jpeg 450w\" alt=\"\" width=\"640\" height=\"424\" \/><\/p>\n<p>M\u00eb tej vijon me fjali klishe, t\u00eb tipit \u201cprojekti n\u00eb fjal\u00eb zotohet t\u00eb ruaj\u00eb dhe respektoj\u00eb zon\u00ebn e zhvillimit t\u00eb tij, duke marr\u00eb n\u00eb konsiderat\u00eb t\u00eb gjith\u00eb element\u00ebt natyrore t\u00eb zon\u00ebs\u201d.<\/p>\n<p>\u201cPeisazhi ekzistues ka nj\u00eb topografi t\u00eb pjerr\u00ebt q\u00eb shtrihet nga maja e kodr\u00ebs n\u00eb det, duke ofruar shtigje dhe pamje mbres\u00ebl\u00ebn\u00ebse. Duke nd\u00ebrprer\u00eb shkall\u00ebn e nd\u00ebrhyrjes, natyra mund t\u00eb p\u00ebrshkoj arkitektur\u00ebn dhe t\u00eb integrohet me t\u00eb. Si rezultat i k\u00ebsaj zgjidhje funksionale arkitektura dhe natyra b\u00ebhen nj\u00eb\u201d, vijon dokumenti.<\/p>\n<p>N\u00eb dokumente shkruhet se prona aktualisht \u00ebsht\u00eb bosh dhe e pashfryt\u00ebzuar, por n\u00eb pjes\u00ebn m\u00eb t\u00eb ul\u00ebt t\u00eb saj, n\u00eb af\u00ebrsi t\u00eb plazhit t\u00eb Llamanit, ndodhen disa objekte t\u00eb ulta kryesisht 2-3 kate. K\u00ebto objekte jan\u00eb nd\u00ebrtime q\u00eb i sh\u00ebrbejn\u00eb funksionit t\u00eb turizmit bregdetar veror.<\/p>\n<p>VoxNews ka m\u00ebsuar se Arben Mu\u00e7obega ka b\u00ebr\u00eb t\u00eb gjitha nd\u00ebrtimet n\u00eb at\u00eb zon\u00eb, duke e kthyer Gjirin e Llamanit n\u00eb nj\u00eb pron\u00eb private. Madje, ai merr leje leht\u00ebsisht nga institucionet shtet\u00ebrore, si leje plazhi apo vendosje strukturash, dhe m\u00eb pas ua shet k\u00ebto leje firmave t\u00eb tjer\u00eb.<\/p>\n<p>\u201cT\u00eb gjitha nd\u00ebrtimet q\u00eb ndodhen n\u00eb zon\u00eb jan\u00eb b\u00ebr\u00eb pas vitit 2000. Deri n\u00eb at\u00eb periudh\u00eb, jo vet\u00ebm prona, por e gjith\u00eb zon\u00eb e p\u00ebrfshir\u00eb k\u00ebtu dhe vij\u00ebn bregdetare ishte e pa nd\u00ebrtuar\u201d, shkruhet n\u00eb dokument.<\/p>\n<p><img loading=\"lazy\" decoding=\"async\" class=\"alignnone wp-image-48461 size-full\" src=\"https:\/\/ekofin.al\/wp-content\/uploads\/2025\/12\/10-1.jpeg\" sizes=\"auto, (max-width: 640px) 100vw, 640px\" srcset=\"https:\/\/ekofin.al\/wp-content\/uploads\/2025\/12\/10-1.jpeg 640w, https:\/\/ekofin.al\/wp-content\/uploads\/2025\/12\/10-1-300x147.jpeg 300w, https:\/\/ekofin.al\/wp-content\/uploads\/2025\/12\/10-1-150x74.jpeg 150w, https:\/\/ekofin.al\/wp-content\/uploads\/2025\/12\/10-1-450x221.jpeg 450w\" alt=\"\" width=\"640\" height=\"314\" \/><\/p>\n<p>M\u00ebsohet se n\u00eb at\u00eb resort do t\u00eb b\u00ebhet hotel luksoz, vila, apartamente dhe zona e nd\u00ebrmjetme komerciale, p\u00ebrfshir\u00eb restorantet, hap\u00ebsirat e mir\u00ebqenies dhe zonat e komunitetit q\u00eb p\u00ebrmir\u00ebsojn\u00eb p\u00ebrvoj\u00ebn turistike.<\/p>\n<p>\u201cQ\u00ebllimi i projektit \u00ebsht\u00eb krijimi i hap\u00ebsirave akomodues p\u00ebr banim dhe hoteleri, duke krijuar ndjesin\u00eb e nj\u00eb lokaliteti ftues. P\u00ebr k\u00ebt\u00eb p\u00ebrgjat\u00eb kodr\u00ebs jan\u00eb pikasur disa pozicione t\u00eb cilat do t\u00eb ofrojn\u00eb sh\u00ebrbime t\u00eb ndryshme dhe do t\u00eb funksionojn\u00eb si zona p\u00ebr bashkimin e komunitetit, socializimin, shpenzimin e nj\u00eb kohe cil\u00ebsore\u201d, vijon dokumenti.<\/p>\n<p>M\u00eb tej shkruan se vilat ndjekin nj\u00eb koncept \u201cstackingstone\u201d, i projektuar p\u00ebr t\u00eb minimizuar g\u00ebrmimet dhe p\u00ebr t\u00eb ruajtur topografin\u00eb e kodr\u00ebs. \u201cMasterplani parashikon 50 vila t\u00eb shp\u00ebrndara n\u00eb terren n\u00eb grupime 2 apo 3 vilash. T\u00eb gjitha k\u00ebto grupime p\u00ebrfshijn\u00eb 1 vil\u00eb t\u00eb madhe (apo 2 vila t\u00eb m\u00ebdha n\u00eb rastin e grupimeve 3-she) dhe 1 vil\u00eb t\u00eb vog\u00ebl\u201d thuhet n\u00eb dokument.<\/p>\n<p><img loading=\"lazy\" decoding=\"async\" class=\"alignnone wp-image-48462 size-full\" src=\"https:\/\/ekofin.al\/wp-content\/uploads\/2025\/12\/11-1.jpeg\" sizes=\"auto, (max-width: 640px) 100vw, 640px\" srcset=\"https:\/\/ekofin.al\/wp-content\/uploads\/2025\/12\/11-1.jpeg 640w, https:\/\/ekofin.al\/wp-content\/uploads\/2025\/12\/11-1-300x293.jpeg 300w, https:\/\/ekofin.al\/wp-content\/uploads\/2025\/12\/11-1-150x146.jpeg 150w, https:\/\/ekofin.al\/wp-content\/uploads\/2025\/12\/11-1-450x439.jpeg 450w\" alt=\"\" width=\"640\" height=\"625\" \/><\/p>\n<p>N\u00eb korrik t\u00eb vitit 2022, qeveria mori nj\u00eb vendim p\u00ebr shpallen e ekosistemit natyror detar-bregdetar t\u00eb gjirit t\u00eb Porto \u2013 Palermos. N\u00eb vendim p\u00ebrcaktohet se parku natyror ka nj\u00eb sip\u00ebrfaqe t\u00eb p\u00ebrgjithshme prej 1.694 hektar\u00ebsh, nga t\u00eb cilat 1.490 hektar\u00eb ose 87.93 % jan\u00eb sip\u00ebrfaqe detare dhe vet\u00ebm 204 hektar\u00eb ose 12.07 % jan\u00eb sip\u00ebrfaqe tok\u00ebsore.<\/p>\n<p>N\u00ebse do t\u00eb shikosh edhe hart\u00ebn, zona tok\u00ebsore \u00ebsht\u00eb vet\u00ebm ajo zallishte dhe disa shk\u00ebmbinj, gjithashtu edhe kalaja q\u00eb ndodhet n\u00eb at\u00eb zon\u00eb, n\u00eb nj\u00eb ishull t\u00eb vog\u00ebl. Me k\u00ebt\u00eb vendim u la jasht\u00eb zon\u00ebs s\u00eb mbrojtur e gjith\u00eb pjesa tjet\u00ebr tok\u00ebsore, q\u00eb praktikisht \u00ebsht\u00eb Porto Palermo apo edhe Gjiri i Llamanit. Vendim q\u00eb hapi edhe rrug\u00ebn e nd\u00ebrtimeve apo tjet\u00ebrsimit t\u00eb t\u00eb gjith\u00eb zon\u00ebs. Nj\u00eb skem\u00eb e p\u00ebrdorur edhe n\u00eb vende t\u00eb tjera, tep\u00ebr t\u00eb mbrojtura, kjo me q\u00ebllim lejimin e nd\u00ebrtimeve dhe betonit.<\/p>\n<p>\u00cbsht\u00eb b\u00ebr\u00eb nj\u00eb studim nga vet\u00eb Ministria e Mjedisit, e cila p\u00ebrfshinte n\u00eb park edhe Gjirin e Llamanit, por edhe nj\u00eb sip\u00ebrfaqe t\u00eb st\u00ebrmadhe toke n\u00eb Porto Palermo. Me apo pa dashje, ashtu si Gjiri i Llamanit, edhe ish-baza ushtarake e Porto Palermos, posht\u00eb t\u00eb cil\u00ebs ndodhen edhe tunelet n\u00ebnujore ku q\u00ebndronte flota ujore ushtarake, jan\u00eb l\u00ebn\u00eb jasht\u00eb parkut. Kjo me q\u00ebllim nd\u00ebrtimin e resorteve n\u00eb at\u00eb zon\u00eb.<\/p>\n<p>Duket s\u00ebrish nj\u00eb vendim tep\u00ebr i diskutuesh\u00ebm, pas ish-bazave ushtarake n\u00eb Sarand\u00eb dhe Sh\u00ebngjin, tjet\u00ebrsimi i t\u00eb cilave nga Ministria e Mbrojtjes \u00ebsht\u00eb n\u00ebn hetim nga Prokuroria e Posa\u00e7me. A do t\u00eb ket\u00eb t\u00eb nj\u00ebjtin fat edhe ky vendim i ministres Kumbaro?!\/<a href=\"https:\/\/www.voxnews.al\/investigim\/arben-mucobega-dhe-redjan-basha-betonojn-gjirin-e-llamanit-kumbaro-iu-i107190\" target=\"_blank\" rel=\"noopener\">VOX NEWS<\/a><\/p>\n","protected":false},"excerpt":{"rendered":"<p>Nj\u00eb pik\u00eb e \u201cvo\u00e7k\u00ebl\u201d n\u00eb Gjirin e Llamanit, me sip\u00ebrfaqe 101.200 metra katror\u00eb, do t\u00eb betonohet. VoxNews ka siguruar ekskluzivisht dokumentet e projektit, i cili po zhvillohet nga dy biznesmen\u00ebt Arben Mu\u00e7obega dhe Redjan Basha. Me veprime dhe dokumente tep\u00ebr t\u00eb dyshimta, duke qen\u00eb se zona \u00ebsht\u00eb t\u00ebr\u00ebsisht shk\u00ebmbore, ata kan\u00eb arritur q\u00eb t\u00eb bindin &hellip;<\/p>\n","protected":false},"author":3,"featured_media":132291,"comment_status":"closed","ping_status":"closed","sticky":false,"template":"","format":"standard","meta":{"footnotes":""},"categories":[37],"tags":[],"class_list":["post-132290","post","type-post","status-publish","format-standard","has-post-thumbnail","","category-politike"],"_links":{"self":[{"href":"https:\/\/rdnews.al\/index.php\/wp-json\/wp\/v2\/posts\/132290","targetHints":{"allow":["GET"]}}],"collection":[{"href":"https:\/\/rdnews.al\/index.php\/wp-json\/wp\/v2\/posts"}],"about":[{"href":"https:\/\/rdnews.al\/index.php\/wp-json\/wp\/v2\/types\/post"}],"author":[{"embeddable":true,"href":"https:\/\/rdnews.al\/index.php\/wp-json\/wp\/v2\/users\/3"}],"replies":[{"embeddable":true,"href":"https:\/\/rdnews.al\/index.php\/wp-json\/wp\/v2\/comments?post=132290"}],"version-history":[{"count":1,"href":"https:\/\/rdnews.al\/index.php\/wp-json\/wp\/v2\/posts\/132290\/revisions"}],"predecessor-version":[{"id":132292,"href":"https:\/\/rdnews.al\/index.php\/wp-json\/wp\/v2\/posts\/132290\/revisions\/132292"}],"wp:featuredmedia":[{"embeddable":true,"href":"https:\/\/rdnews.al\/index.php\/wp-json\/wp\/v2\/media\/132291"}],"wp:attachment":[{"href":"https:\/\/rdnews.al\/index.php\/wp-json\/wp\/v2\/media?parent=132290"}],"wp:term":[{"taxonomy":"category","embeddable":true,"href":"https:\/\/rdnews.al\/index.php\/wp-json\/wp\/v2\/categories?post=132290"},{"taxonomy":"post_tag","embeddable":true,"href":"https:\/\/rdnews.al\/index.php\/wp-json\/wp\/v2\/tags?post=132290"}],"curies":[{"name":"wp","href":"https:\/\/api.w.org\/{rel}","templated":true}]}}