{"id":132293,"date":"2025-12-29T16:40:21","date_gmt":"2025-12-29T16:40:21","guid":{"rendered":"https:\/\/rdnews.al\/?p=132293"},"modified":"2025-12-29T16:40:21","modified_gmt":"2025-12-29T16:40:21","slug":"vjosa-osmani-drejt-nje-mandati-te-dyte-si-presidente-e-kosoves","status":"publish","type":"post","link":"https:\/\/rdnews.al\/index.php\/2025\/12\/29\/vjosa-osmani-drejt-nje-mandati-te-dyte-si-presidente-e-kosoves\/","title":{"rendered":"Vjosa Osmani drejt nj\u00eb mandati t\u00eb dyt\u00eb si Presidente e Kosov\u00ebs"},"content":{"rendered":"<div class=\"chapo\">Presidentja e Kosov\u00ebs, Vjosa Osmani, ka konfirmuar se synon edhe nj\u00eb mandat t\u00eb dyt\u00eb n\u00eb krye t\u00eb shtetit, duke b\u00ebr\u00eb t\u00eb ditur se pas formimit t\u00eb institucioneve t\u00eb reja do t\u00eb nis\u00eb bisedime me partit\u00eb politike p\u00ebr t\u00eb siguruar mb\u00ebshtetjen e nevojshme p\u00ebr kandidatur\u00ebn e saj.<\/div>\n<p data-start=\"270\" data-end=\"589\">N\u00eb nj\u00eb intervist\u00eb p\u00ebr Radio Evropa e Lir\u00eb, Osmani theksoi se vendimi p\u00ebr zgjedhjen e presidentit i takon Kuvendit t\u00eb ri t\u00eb Kosov\u00ebs, por n\u00ebnvizoi se, pavar\u00ebsisht rezultatit t\u00eb k\u00ebtij procesi, ajo do t\u00eb vijoj\u00eb angazhimin e saj politik. \u201cSynoj t\u00eb vazhdoj angazhimin politik edhe n\u00ebse nuk zgjidhem presidente\u201d, u shpreh ajo.<\/p>\n<p data-start=\"591\" data-end=\"1236\">Presidentja b\u00ebri t\u00eb ditur se do t\u00eb zhvilloj\u00eb konsultime me t\u00eb gjitha partit\u00eb shqiptare, duke iu referuar edhe mb\u00ebshtetjes qytetare q\u00eb, sipas saj, reflektohet n\u00eb sondazhe. \u201cDo t\u00eb bisedoj me t\u00eb gjitha partit\u00eb shqiptare. Do t\u00eb duhet q\u00eb t\u00eb ulemi t\u00eb diskutojm\u00eb dhe t\u00eb shihet n\u00ebse do t\u00eb d\u00ebshirojn\u00eb q\u00eb t\u00eb d\u00ebgjohet vullneti i qytetarit i cili \u00ebsht\u00eb i qart\u00eb. N\u00eb shumic\u00ebn d\u00ebrrmuese t\u00eb matjeve shihet q\u00eb diku 81% t\u00eb qytetar\u00ebve d\u00ebshirojn\u00eb nj\u00eb mandat t\u00eb dyt\u00eb p\u00ebr mua. Do t\u00eb shohim n\u00ebse deputet\u00ebt d\u00ebshirojn\u00eb nj\u00eb materializim t\u00eb k\u00ebtij vullneti. N\u00ebse deputet\u00ebt nuk d\u00ebshirojn\u00eb dhe nuk kan\u00eb vullnet, un\u00eb do ta vazhdoj angazhimin tim politik\u201d, ka deklaruar Osmani.<\/p>\n<p data-start=\"1238\" data-end=\"1468\" data-is-last-node=\"\" data-is-only-node=\"\">Ajo p\u00ebrs\u00ebriti se procesi i zgjedhjes s\u00eb presidentit do t\u00eb varet nga p\u00ebrb\u00ebrja dhe vendimmarrja e parlamentit t\u00eb ri, duke theksuar se angazhimi i saj n\u00eb jet\u00ebn politike t\u00eb vendit do t\u00eb vazhdoj\u00eb pavar\u00ebsisht zhvillimeve institucionale.<\/p>\n","protected":false},"excerpt":{"rendered":"<p>Presidentja e Kosov\u00ebs, Vjosa Osmani, ka konfirmuar se synon edhe nj\u00eb mandat t\u00eb dyt\u00eb n\u00eb krye t\u00eb shtetit, duke b\u00ebr\u00eb t\u00eb ditur se pas formimit t\u00eb institucioneve t\u00eb reja do t\u00eb nis\u00eb bisedime me partit\u00eb politike p\u00ebr t\u00eb siguruar mb\u00ebshtetjen e nevojshme p\u00ebr kandidatur\u00ebn e saj. N\u00eb nj\u00eb intervist\u00eb p\u00ebr Radio Evropa e Lir\u00eb, Osmani &hellip;<\/p>\n","protected":false},"author":3,"featured_media":101818,"comment_status":"closed","ping_status":"closed","sticky":false,"template":"","format":"standard","meta":{"footnotes":""},"categories":[38],"tags":[],"class_list":["post-132293","post","type-post","status-publish","format-standard","has-post-thumbnail","","category-bota"],"_links":{"self":[{"href":"https:\/\/rdnews.al\/index.php\/wp-json\/wp\/v2\/posts\/132293","targetHints":{"allow":["GET"]}}],"collection":[{"href":"https:\/\/rdnews.al\/index.php\/wp-json\/wp\/v2\/posts"}],"about":[{"href":"https:\/\/rdnews.al\/index.php\/wp-json\/wp\/v2\/types\/post"}],"author":[{"embeddable":true,"href":"https:\/\/rdnews.al\/index.php\/wp-json\/wp\/v2\/users\/3"}],"replies":[{"embeddable":true,"href":"https:\/\/rdnews.al\/index.php\/wp-json\/wp\/v2\/comments?post=132293"}],"version-history":[{"count":1,"href":"https:\/\/rdnews.al\/index.php\/wp-json\/wp\/v2\/posts\/132293\/revisions"}],"predecessor-version":[{"id":132294,"href":"https:\/\/rdnews.al\/index.php\/wp-json\/wp\/v2\/posts\/132293\/revisions\/132294"}],"wp:featuredmedia":[{"embeddable":true,"href":"https:\/\/rdnews.al\/index.php\/wp-json\/wp\/v2\/media\/101818"}],"wp:attachment":[{"href":"https:\/\/rdnews.al\/index.php\/wp-json\/wp\/v2\/media?parent=132293"}],"wp:term":[{"taxonomy":"category","embeddable":true,"href":"https:\/\/rdnews.al\/index.php\/wp-json\/wp\/v2\/categories?post=132293"},{"taxonomy":"post_tag","embeddable":true,"href":"https:\/\/rdnews.al\/index.php\/wp-json\/wp\/v2\/tags?post=132293"}],"curies":[{"name":"wp","href":"https:\/\/api.w.org\/{rel}","templated":true}]}}