{"id":132297,"date":"2025-12-29T17:09:09","date_gmt":"2025-12-29T17:09:09","guid":{"rendered":"https:\/\/rdnews.al\/?p=132297"},"modified":"2025-12-29T17:09:09","modified_gmt":"2025-12-29T17:09:09","slug":"berisha-kosova-triumfoi-me-voten-e-lire-shqiperia-peng-i-ramaduros","status":"publish","type":"post","link":"https:\/\/rdnews.al\/index.php\/2025\/12\/29\/berisha-kosova-triumfoi-me-voten-e-lire-shqiperia-peng-i-ramaduros\/","title":{"rendered":"Berisha: Kosova triumfoi me vot\u00ebn e lir\u00eb, Shqip\u00ebria peng i Ramaduros"},"content":{"rendered":"<p>Kryetari i PD, Sali Berisha uron Kosov\u00ebn p\u00ebr zgjedhjet Parlamentare t\u00eb 28 dhjetorit 2025 n\u00eb Kosov\u00eb.<\/p>\n<p>N\u00eb nj\u00eb reagim\u00a0n\u00eb facebook ai e quajti &#8216;nj\u00eb sukses frym\u00ebzues p\u00ebr Shqip\u00ebrin\u00eb,\u00a0ku armiku i eg\u00ebr i vot\u00ebs s\u00eb lir\u00eb t\u00eb qytetar\u00ebve shqiptar\u00eb, Ramaduro i Europ\u00ebs, ka shnd\u00ebrruar procesin jetik t\u00eb zgjedhjeve t\u00eb lira n\u00eb fars\u00eb t\u00eb sh\u00ebmtuar elektorale.<\/p>\n<p>\u200b<strong>Reagimi<\/strong><\/p>\n<p>T\u00eb dashur miq, dje Kosova zhvilloi zgjedhjet palamentare t\u00eb parakohshme, t\u00eb dytat n\u00eb nj\u00eb hark kohor 10 mujor.<\/p>\n<p>K\u00ebto zgjedhje p\u00ebr fushat\u00ebn, procedur\u00ebn e votimit, gar\u00ebn e lir\u00eb, administrimin e vot\u00ebs ishin nj\u00eb sukses i v\u00ebrtet\u00eb i demokracis\u00eb s\u00eb re t\u00eb Kosov\u00ebs dhe mbar\u00eb qytetar\u00ebve t\u00eb saj dhe shpresoj nj\u00eb frym\u00ebzim p\u00ebr shqiptar\u00ebt n\u00eb Shqip\u00ebri, ku armiku i eg\u00ebr i vot\u00ebs s\u00eb lir\u00eb t\u00eb qytetar\u00ebve shqiptar\u00eb, Ramaduro i Europ\u00ebs, ka shnd\u00ebrruar procesin jetik t\u00eb zgjedhjeve t\u00eb lira n\u00eb fars\u00eb t\u00eb sh\u00ebmtuar elektorale.<\/p>\n<p>Me k\u00ebt\u00eb rast dua t\u00eb uroj p\u00ebrzem\u00ebrsisht qytetar\u00ebt e lir\u00eb t\u00eb Kosov\u00ebs, autoriteret e vendit dhe institucionet e administrimit t\u00eb procesit zgjedhor dhe forcat politike p\u00ebr arritjen e v\u00ebrtet\u00eb t\u00eb rendit demokratik t\u00eb vendit t\u00eb tyre.<\/p>\n<p>Uroj fituesin e zgjedhjeve Z. Albin Kurti p\u00ebr fitoren e thell\u00eb t\u00eb k\u00ebtyre zgjedhjeve, por edhe t\u00eb gjitha forcat e tjera politike p\u00ebr pjes\u00ebmarrjen dhe q\u00ebndrimet e tyre dinjitoze gjat\u00eb fushat\u00ebs dhe respektimin e vendimit t\u00eb sovranit. Dhe nj\u00ebher\u00eb urime Kosov\u00ebs, krenari e shqiptar\u00ebve<\/p>\n","protected":false},"excerpt":{"rendered":"<p>Kryetari i PD, Sali Berisha uron Kosov\u00ebn p\u00ebr zgjedhjet Parlamentare t\u00eb 28 dhjetorit 2025 n\u00eb Kosov\u00eb. N\u00eb nj\u00eb reagim\u00a0n\u00eb facebook ai e quajti &#8216;nj\u00eb sukses frym\u00ebzues p\u00ebr Shqip\u00ebrin\u00eb,\u00a0ku armiku i eg\u00ebr i vot\u00ebs s\u00eb lir\u00eb t\u00eb qytetar\u00ebve shqiptar\u00eb, Ramaduro i Europ\u00ebs, ka shnd\u00ebrruar procesin jetik t\u00eb zgjedhjeve t\u00eb lira n\u00eb fars\u00eb t\u00eb sh\u00ebmtuar elektorale. \u200bReagimi &hellip;<\/p>\n","protected":false},"author":4,"featured_media":132298,"comment_status":"closed","ping_status":"closed","sticky":false,"template":"","format":"standard","meta":{"footnotes":""},"categories":[37],"tags":[],"class_list":["post-132297","post","type-post","status-publish","format-standard","has-post-thumbnail","","category-politike"],"_links":{"self":[{"href":"https:\/\/rdnews.al\/index.php\/wp-json\/wp\/v2\/posts\/132297","targetHints":{"allow":["GET"]}}],"collection":[{"href":"https:\/\/rdnews.al\/index.php\/wp-json\/wp\/v2\/posts"}],"about":[{"href":"https:\/\/rdnews.al\/index.php\/wp-json\/wp\/v2\/types\/post"}],"author":[{"embeddable":true,"href":"https:\/\/rdnews.al\/index.php\/wp-json\/wp\/v2\/users\/4"}],"replies":[{"embeddable":true,"href":"https:\/\/rdnews.al\/index.php\/wp-json\/wp\/v2\/comments?post=132297"}],"version-history":[{"count":1,"href":"https:\/\/rdnews.al\/index.php\/wp-json\/wp\/v2\/posts\/132297\/revisions"}],"predecessor-version":[{"id":132299,"href":"https:\/\/rdnews.al\/index.php\/wp-json\/wp\/v2\/posts\/132297\/revisions\/132299"}],"wp:featuredmedia":[{"embeddable":true,"href":"https:\/\/rdnews.al\/index.php\/wp-json\/wp\/v2\/media\/132298"}],"wp:attachment":[{"href":"https:\/\/rdnews.al\/index.php\/wp-json\/wp\/v2\/media?parent=132297"}],"wp:term":[{"taxonomy":"category","embeddable":true,"href":"https:\/\/rdnews.al\/index.php\/wp-json\/wp\/v2\/categories?post=132297"},{"taxonomy":"post_tag","embeddable":true,"href":"https:\/\/rdnews.al\/index.php\/wp-json\/wp\/v2\/tags?post=132297"}],"curies":[{"name":"wp","href":"https:\/\/api.w.org\/{rel}","templated":true}]}}