{"id":132312,"date":"2025-12-29T17:59:20","date_gmt":"2025-12-29T17:59:20","guid":{"rendered":"https:\/\/rdnews.al\/?p=132312"},"modified":"2025-12-29T17:59:20","modified_gmt":"2025-12-29T17:59:20","slug":"vendimi-rama-nuk-lejon-arrestimin-e-ballukut","status":"publish","type":"post","link":"https:\/\/rdnews.al\/index.php\/2025\/12\/29\/vendimi-rama-nuk-lejon-arrestimin-e-ballukut\/","title":{"rendered":"Vendimi\/ Rama nuk lejon arrestimin e Ballukut"},"content":{"rendered":"<p>Franc NURI<\/p>\n<p>Me vendimin e sot\u00ebm, dat\u00eb 29 Dhjetor 2025, Kuvendi i Shqip\u00ebris\u00eb jo vet\u00ebm de facto, por tashm\u00eb edhe de jure, \u00ebsht\u00eb shnd\u00ebrruar n\u00eb mburoj\u00eb ndaj arrestimit t\u00eb Z\u00ebvend\u00ebskryeministres Belinda Balluku dhe, n\u00eb m\u00ebnyr\u00eb t\u00eb turpshme, n\u00eb avokat mbrojt\u00ebs t\u00eb saj.<br \/>\nKjo \u00ebsht\u00eb e paprecedent\u00eb, e papare dhe e pad\u00ebgjuar n\u00eb historin\u00eb parlamentare t\u00eb vendit.<\/p>\n<p>Ajo q\u00eb po ndodh sot \u00ebsht\u00eb tallje dhe karshill\u00ebk i hapur ndaj drejt\u00ebsis\u00eb, nj\u00eb fyerje brutale ndaj inteligjenc\u00ebs s\u00eb \u00e7do qytetari q\u00eb ka dy pare mend p\u00ebr shtetin e s\u00eb drejt\u00ebs, Kushtetut\u00ebn dhe respektin ndaj institucioneve, p\u00ebrfshir\u00eb organet e drejt\u00ebsis\u00eb.<\/p>\n<p>Miq, SPAK prej jav\u00ebsh ka v\u00ebn\u00eb n\u00ebn hetim zyrtarisht Z\u00ebvend\u00ebskryeministren e Edi Ram\u00ebs, duke k\u00ebrkuar pezullimin e saj nga detyra, pik\u00ebrisht p\u00ebr t\u00eb shmangur rrezikun e prishjes s\u00eb provave dhe intimidimit t\u00eb d\u00ebshmitar\u00ebve.<br \/>\nN\u00eb \u00e7do shtet normal, p\u00ebrball\u00eb nj\u00eb vendimi gjykate, rruga do t\u00eb ishte e qart\u00eb: zbatim i vendimit, dor\u00ebheqje ose shkarkim, dhe p\u00ebrballje me drejt\u00ebsin\u00eb si \u00e7do qytetar i zakonsh\u00ebm, pa mburoja politike dhe pa imunitet.<\/p>\n<p>Por jo n\u00eb Shqip\u00ebrin\u00eb e Ram\u00ebs.<br \/>\nPas nj\u00eb mbrojtjeje publike t\u00eb hapur nga Kryeministri, erdhi nj\u00eb vendim \u201cas mish e as peshk\u201d i Gjykat\u00ebs Kushtetuese, q\u00eb \u201cngriu\u201d pezullimin dhe i hapi rrug\u00eb Ballukut t\u00eb rikthehej n\u00eb zyr\u00ebn e shtetit, sikur t\u00eb mos kishte ndodhur asgj\u00eb.<\/p>\n<p>Hetimet nd\u00ebrkoh\u00eb u thelluan.<br \/>\nDosjet po plasin dhe po flasin, me prova p\u00ebr abuzime marramend\u00ebse dhe skandale t\u00eb papara m\u00eb par\u00eb.<br \/>\nDhe SPAK b\u00ebri at\u00eb q\u00eb duhej b\u00ebr\u00eb q\u00eb n\u00eb fillim: k\u00ebrkoi arrestimin e Belinda Ballukut.<\/p>\n<p>E k\u00ebtu ndodhi kthesa hipokrite 180\u00b0.<br \/>\nAta q\u00eb deri dje betoheshin se \u201cnuk nd\u00ebrhyjn\u00eb n\u00eb drejt\u00ebsi\u201d, q\u00eb u thoshin t\u00eb tjer\u00ebve \u201cmerrni avokat\u00eb vet\u00eb\u201d, q\u00eb mburreshin se do votonin \u00e7do k\u00ebrkes\u00eb p\u00ebr heqje imuniteti \u2013 sot jan\u00eb shnd\u00ebrruar n\u00eb mur mbrojt\u00ebs politik dhe ligjor, duke tejkaluar edhe rolin e avokatit mbrojt\u00ebs.<\/p>\n<p>Sot Kuvendi u diskreditua plot\u00ebsisht, duke nxjerr\u00eb nj\u00eb vendim absurd dhe qesharak, ku n\u00eb thelb thuhet:<br \/>\n\u201cMbledhja do t\u00eb thirret kur Belinda Balluku t\u00eb ket\u00eb mbaruar leximin e dosjes.\u201d<\/p>\n<p>Pra, kur t\u2019i doj\u00eb asaj qejfi.<br \/>\nPa afat. Pa dat\u00eb. Pa p\u00ebrgjegj\u00ebsi.<\/p>\n<p>At\u00ebher\u00eb pse nuk dalin dhe ta thon\u00eb hapur q\u00eb REFUZOJN\u00cb t\u2019ia heqin imunitetin Belinda Ballukut?<br \/>\nT\u00eb pakt\u00ebn, kjo do t\u00eb ishte m\u00eb e ndershme.<\/p>\n<p>Kan\u00eb qeverisur bashk\u00eb.<br \/>\nKan\u00eb b\u00ebr\u00eb gjith\u00e7ka bashk\u00eb.<br \/>\nDhe bashk\u00eb do t\u00eb bien nga pushteti.<\/p>\n<p>13 vitet e &#8220;Rilindjes&#8221; shkat\u00ebrrimtare po shkojn\u00eb drejt fundit.<\/p>\n<p>Durim. K\u00ebto jan\u00eb luhatjet e fundit t\u00eb nj\u00eb regjimi anti-shtet, t\u00eb nd\u00ebrtuar mbi mashtrime, abuzime dhe pla\u00e7kitje t\u00eb shqiptar\u00ebve.<\/p>\n","protected":false},"excerpt":{"rendered":"<p>Franc NURI Me vendimin e sot\u00ebm, dat\u00eb 29 Dhjetor 2025, Kuvendi i Shqip\u00ebris\u00eb jo vet\u00ebm de facto, por tashm\u00eb edhe de jure, \u00ebsht\u00eb shnd\u00ebrruar n\u00eb mburoj\u00eb ndaj arrestimit t\u00eb Z\u00ebvend\u00ebskryeministres Belinda Balluku dhe, n\u00eb m\u00ebnyr\u00eb t\u00eb turpshme, n\u00eb avokat mbrojt\u00ebs t\u00eb saj. Kjo \u00ebsht\u00eb e paprecedent\u00eb, e papare dhe e pad\u00ebgjuar n\u00eb historin\u00eb parlamentare t\u00eb &hellip;<\/p>\n","protected":false},"author":3,"featured_media":123017,"comment_status":"closed","ping_status":"closed","sticky":false,"template":"","format":"standard","meta":{"footnotes":""},"categories":[37],"tags":[],"class_list":["post-132312","post","type-post","status-publish","format-standard","has-post-thumbnail","","category-politike"],"_links":{"self":[{"href":"https:\/\/rdnews.al\/index.php\/wp-json\/wp\/v2\/posts\/132312","targetHints":{"allow":["GET"]}}],"collection":[{"href":"https:\/\/rdnews.al\/index.php\/wp-json\/wp\/v2\/posts"}],"about":[{"href":"https:\/\/rdnews.al\/index.php\/wp-json\/wp\/v2\/types\/post"}],"author":[{"embeddable":true,"href":"https:\/\/rdnews.al\/index.php\/wp-json\/wp\/v2\/users\/3"}],"replies":[{"embeddable":true,"href":"https:\/\/rdnews.al\/index.php\/wp-json\/wp\/v2\/comments?post=132312"}],"version-history":[{"count":1,"href":"https:\/\/rdnews.al\/index.php\/wp-json\/wp\/v2\/posts\/132312\/revisions"}],"predecessor-version":[{"id":132313,"href":"https:\/\/rdnews.al\/index.php\/wp-json\/wp\/v2\/posts\/132312\/revisions\/132313"}],"wp:featuredmedia":[{"embeddable":true,"href":"https:\/\/rdnews.al\/index.php\/wp-json\/wp\/v2\/media\/123017"}],"wp:attachment":[{"href":"https:\/\/rdnews.al\/index.php\/wp-json\/wp\/v2\/media?parent=132312"}],"wp:term":[{"taxonomy":"category","embeddable":true,"href":"https:\/\/rdnews.al\/index.php\/wp-json\/wp\/v2\/categories?post=132312"},{"taxonomy":"post_tag","embeddable":true,"href":"https:\/\/rdnews.al\/index.php\/wp-json\/wp\/v2\/tags?post=132312"}],"curies":[{"name":"wp","href":"https:\/\/api.w.org\/{rel}","templated":true}]}}