{"id":132314,"date":"2025-12-29T18:02:28","date_gmt":"2025-12-29T18:02:28","guid":{"rendered":"https:\/\/rdnews.al\/?p=132314"},"modified":"2025-12-29T18:04:55","modified_gmt":"2025-12-29T18:04:55","slug":"protesta-per-ujin-proteste-kunder-korrupsionit","status":"publish","type":"post","link":"https:\/\/rdnews.al\/index.php\/2025\/12\/29\/protesta-per-ujin-proteste-kunder-korrupsionit\/","title":{"rendered":"Protesta p\u00ebr ujin-Protest\u00eb kund\u00ebr korrupsionit"},"content":{"rendered":"<p><strong>Nga Bujar Leskaj\u00a0<\/strong><\/p>\n<p>Qytetar\u00ebt e Vlor\u00ebs dhan\u00eb nj\u00eb leksion t\u00eb vyer proteste dhe nd\u00ebrgjegj\u00ebsimi qytetar. Prej dy dit\u00ebsh, qytetar\u00eb t\u00eb lir\u00eb, t\u00eb vendosur dhe dinjitoz\u00eb kan\u00eb dal\u00eb n\u00eb protest\u00eb p\u00ebr t\u00eb kund\u00ebrshtuar gjendjen e jasht\u00ebzakonshme q\u00eb po kalon qyteti, i cili prej m\u00eb shum\u00eb se kat\u00ebr dit\u00ebsh \u00ebsht\u00eb l\u00ebn\u00eb pa uj\u00eb t\u00eb pijsh\u00ebm. Nj\u00eb situat\u00eb e papranueshme p\u00ebr nj\u00eb qytet turistik, p\u00ebr nj\u00eb qytet historik dhe p\u00ebr nj\u00eb komunitet q\u00eb meriton sh\u00ebrbime baz\u00eb dhe dinjitet.<\/p>\n<p>Dit\u00ebn e djeshme, protestuesit e guximsh\u00ebm vlonjat\u00eb dhan\u00eb nj\u00eb mesazh t\u00eb fort\u00eb p\u00ebrball\u00eb nj\u00eb mbr\u00ebmjeje gala t\u00eb mbushur me karshill\u00ebk dhe indiferenc\u00eb institucionale. Nd\u00ebrsa qyteti vuante munges\u00ebn e ujit, luksit dhe propagand\u00ebs iu dha p\u00ebrpar\u00ebsi. Me t\u00eb drejt\u00eb, thirrja qytetare q\u00eb jehoi fuqish\u00ebm ishte: \u201cNuk ka gala, kur jemi pa u la (lar\u00eb)!\u201d nj\u00eb thirrje q\u00eb p\u00ebrmbledh realitetin e dhimbsh\u00ebm dhe revolt\u00ebn e ndershme t\u00eb qytetar\u00ebve.<\/p>\n<p>Kjo thirrje d\u00ebshmon nj\u00eb leksion qytetarie!\u00a0\u00a0 Bashkia e Vlor\u00ebs dhe Uj\u00ebsjell\u00ebsi jan\u00eb shnd\u00ebrruar n\u00eb dy vatra korrupsioni dhe keqmenaxhimi. Qytetar\u00ebt sot po p\u00ebrballen me korrupsion flagrant, me vjedhje t\u00eb hapura dhe abuzime t\u00eb r\u00ebnda q\u00eb kan\u00eb shkat\u00ebrruar nj\u00eb sh\u00ebrbim jetik si uji. Ashtu si\u00e7 denoncoi publikisht edhe an\u00ebtari i K\u00ebshillit Bashkiak, Geron Gunbardhi, vet\u00ebm p\u00ebr nj\u00eb tubacion vlera e vjedhjes arrin n\u00eb rreth 400 mij\u00eb euro, fonde t\u00eb zhdukura plot\u00ebsisht.<\/p>\n<p>Nd\u00ebrkoh\u00eb, investimet e keqmenaxhuara nd\u00ebr vite n\u00eb Uj\u00ebsjell\u00ebs kapin shifr\u00ebn alarmante prej 110 milion\u00eb eurosh, pa dh\u00ebn\u00eb asnj\u00eb zgjidhje reale p\u00ebr qytetar\u00ebt.<\/p>\n<p>I riu demokrat vlonjat, Sekretari Funksional p\u00ebr Marr\u00ebdh\u00ebniet me Publikun pran\u00eb Deg\u00ebs s\u00eb PD Vlor\u00eb, z.Rezenbrik Serjani, theksoi se prefektja e Vlor\u00ebs duhet t\u00eb shpall\u00eb menj\u00ebher\u00eb gjendjen e jasht\u00ebzakonshme n\u00eb qytet, pasi situata po shkon drejt nj\u00eb krize humanitare dhe rreziku real p\u00ebr epidemi \u00ebsht\u00eb i pranish\u00ebm. Ai denoncoi gjithashtu propagand\u00ebn e drejtorit t\u00eb p\u00ebrgjithsh\u00ebm t\u00eb Uj\u00ebsjell\u00ebsit, duke v\u00ebn\u00eb n\u00eb dukje se autobotet q\u00eb shp\u00ebrndajn\u00eb uj\u00eb n\u00eb m\u00ebnyr\u00eb alternative nuk jan\u00eb t\u00eb pajisura me flet\u00eb analize higjieno-sanitare, duke rrezikuar drejtp\u00ebrdrejt sh\u00ebndetin e qytetar\u00ebve.<\/p>\n<p>Me ironi, por me nj\u00eb mesazh t\u00eb fort\u00eb qytetar, z.Serjani u shpreh: \u201cUj\u00ebsjell\u00ebsi po rregullon tuba apo anije kozmike?\u201d, duke denoncuar zvarritjen, paaft\u00ebsin\u00eb dhe munges\u00ebn e p\u00ebrgjegjshm\u00ebris\u00eb institucionale. Mir\u00ebnjohje dhe fal\u00ebnderim p\u00ebr t\u00eb gjith\u00eb qytetar\u00ebt vlonjat\u00eb q\u00eb u vendos\u00ebn n\u00eb ball\u00eb t\u00eb protestave, duke dh\u00ebn\u00eb nj\u00eb mesazh t\u00eb qart\u00eb qytetar dhe komb\u00ebtar: heshtja nuk \u00ebsht\u00eb m\u00eb zgjidhje. Masiviteti, guximi, dinjiteti dhe p\u00ebrballja e drejtp\u00ebrdrejt\u00eb me padrejt\u00ebsin\u00eb treguan se shoq\u00ebria civile n\u00eb Vlor\u00eb \u00ebsht\u00eb e gjall\u00eb dhe e vet\u00ebdijshme; si dhe nj\u00eb fal\u00ebnderim i ve\u00e7ant\u00eb p\u00ebr t\u00eb rinjt\u00eb e Forumit Rinor t\u00eb PD n\u00eb Vlor\u00eb, t\u00eb cil\u00ebt po d\u00ebshmojn\u00eb se angazhimi qytetar \u00ebsht\u00eb i domosdosh\u00ebm p\u00ebr ndryshimin dhe p\u00ebr mbrojtjen e interesit publik.<\/p>\n<p>Protestat duhet t\u00eb vazhdojn\u00eb, kund\u00ebr korrupsionit, keqqeverisjes dhe bab\u00ebzis\u00eb s\u00eb sektit Rama!<\/p>\n","protected":false},"excerpt":{"rendered":"<p>Nga Bujar Leskaj\u00a0 Qytetar\u00ebt e Vlor\u00ebs dhan\u00eb nj\u00eb leksion t\u00eb vyer proteste dhe nd\u00ebrgjegj\u00ebsimi qytetar. Prej dy dit\u00ebsh, qytetar\u00eb t\u00eb lir\u00eb, t\u00eb vendosur dhe dinjitoz\u00eb kan\u00eb dal\u00eb n\u00eb protest\u00eb p\u00ebr t\u00eb kund\u00ebrshtuar gjendjen e jasht\u00ebzakonshme q\u00eb po kalon qyteti, i cili prej m\u00eb shum\u00eb se kat\u00ebr dit\u00ebsh \u00ebsht\u00eb l\u00ebn\u00eb pa uj\u00eb t\u00eb pijsh\u00ebm. Nj\u00eb situat\u00eb &hellip;<\/p>\n","protected":false},"author":4,"featured_media":73556,"comment_status":"closed","ping_status":"closed","sticky":false,"template":"","format":"standard","meta":{"footnotes":""},"categories":[37],"tags":[],"class_list":["post-132314","post","type-post","status-publish","format-standard","has-post-thumbnail","","category-politike"],"_links":{"self":[{"href":"https:\/\/rdnews.al\/index.php\/wp-json\/wp\/v2\/posts\/132314","targetHints":{"allow":["GET"]}}],"collection":[{"href":"https:\/\/rdnews.al\/index.php\/wp-json\/wp\/v2\/posts"}],"about":[{"href":"https:\/\/rdnews.al\/index.php\/wp-json\/wp\/v2\/types\/post"}],"author":[{"embeddable":true,"href":"https:\/\/rdnews.al\/index.php\/wp-json\/wp\/v2\/users\/4"}],"replies":[{"embeddable":true,"href":"https:\/\/rdnews.al\/index.php\/wp-json\/wp\/v2\/comments?post=132314"}],"version-history":[{"count":3,"href":"https:\/\/rdnews.al\/index.php\/wp-json\/wp\/v2\/posts\/132314\/revisions"}],"predecessor-version":[{"id":132317,"href":"https:\/\/rdnews.al\/index.php\/wp-json\/wp\/v2\/posts\/132314\/revisions\/132317"}],"wp:featuredmedia":[{"embeddable":true,"href":"https:\/\/rdnews.al\/index.php\/wp-json\/wp\/v2\/media\/73556"}],"wp:attachment":[{"href":"https:\/\/rdnews.al\/index.php\/wp-json\/wp\/v2\/media?parent=132314"}],"wp:term":[{"taxonomy":"category","embeddable":true,"href":"https:\/\/rdnews.al\/index.php\/wp-json\/wp\/v2\/categories?post=132314"},{"taxonomy":"post_tag","embeddable":true,"href":"https:\/\/rdnews.al\/index.php\/wp-json\/wp\/v2\/tags?post=132314"}],"curies":[{"name":"wp","href":"https:\/\/api.w.org\/{rel}","templated":true}]}}