{"id":132348,"date":"2025-12-30T09:32:19","date_gmt":"2025-12-30T09:32:19","guid":{"rendered":"https:\/\/rdnews.al\/?p=132348"},"modified":"2025-12-30T09:33:58","modified_gmt":"2025-12-30T09:33:58","slug":"gjykata-refuzon-sekuestrimin-e-20-pasurive-te-kristjan-bocit-dhe-mikut-te-veliajt-elman-abules","status":"publish","type":"post","link":"https:\/\/rdnews.al\/index.php\/2025\/12\/30\/gjykata-refuzon-sekuestrimin-e-20-pasurive-te-kristjan-bocit-dhe-mikut-te-veliajt-elman-abules\/","title":{"rendered":"Gjykata refuzon sekuestrimin e 20 pasurive t\u00eb Kristjan Bo\u00e7it dhe mikut t\u00eb Veliajt, Elman Abule"},"content":{"rendered":"<p>Gjykata e Tiran\u00ebs, ka vendosur t\u00eb mos sekuestroj\u00eb rreth 20 pasuri me vler\u00eb gati 50 milion euro, p\u00ebr t\u00eb cilat policia dhe prokuroria e kryeqytetit, ka pasur indicie t\u00eb forta se vijn\u00eb nga aktiviteti kriminal i personave q\u00eb i posedojn\u00eb ato.<\/p>\n<p>Informacionet e siguruara nga gazetari Elton Qyno, tregojn\u00eb se miku i Erjon Veliaj, Elman Abule, q\u00eb sot n\u00eb Tiran\u00eb konsiderohet biznesmen i suksesh\u00ebm, n\u00eb vitin 2004-2005, ka q\u00ebn\u00eb n\u00eb Belgjik\u00eb nj\u00eb hajdut i dhunsh\u00ebm, duke p\u00ebrdorur \u00e7el\u00ebsa t\u00eb kopjuar dhe metod\u00ebn e thyerjes.<\/p>\n<p>Drejtoria e Interpolit n\u00eb 12 shtator 2023 \u00ebsht\u00eb informuar se Elman Abule rezulton i d\u00ebnuar m\u00eb dat\u00eb 17 janar 2007, nga Gjykata e Antvvep, me 30 muaj burg p\u00ebr vepr\u00ebn penale t\u00eb \u201cVjedhje me thyerje ose duke p\u00ebrdorur \u00e7el\u00ebsa t\u00eb kopjuar dhe krijim bande\u201d, duke u d\u00ebnuar ky shtetas me 2 vjet burg me kusht dhe 1 vit vit n\u00eb burg p\u00ebr \u201ckrijim bande\u201d.<\/p>\n<p>Gjithashtu, rezulton se miku i Abules dhe ish-ortak me subjektin \u201cRametal\u201d dhe shoq\u00ebrin\u00eb tjet\u00ebr \u201cFerro Chrome Holding\u201d, ka q\u00ebn\u00eb Kristian Bo\u00e7i, i p\u00ebrfshir\u00eb n\u00eb veprimtari t\u00eb paligjshme dhe i arrestuar n\u00eb vitin 2011 n\u00eb Itali, i cili njihet p\u00ebr lidhjet e tij dhe me persona t\u00eb tjer\u00eb t\u00eb p\u00ebrfshir\u00eb n\u00eb trafikun nd\u00ebrkomb\u00ebtar t\u00eb narkotik\u00ebve si Eldi Dizdari.<\/p>\n<p>Gazetari Qyno,ka m\u00ebsuar se vendimi i mospranimit t\u00eb k\u00ebrkes\u00ebs s\u00eb prokuroris\u00eb, \u00ebsht\u00eb dh\u00ebn\u00eb pak dit\u00eb m\u00eb par\u00eb nga gjyqtari i Tiran\u00ebs, Altin Abdiu, i cili n\u00eb fillim t\u00eb muajit qershor 2025 u rikthye n\u00eb funksionin e gjyqtarit nga Komisioni i Posa\u00e7\u00ebm i Apelimit.<\/p>\n<p>Abdiu, refuzoi t\u00eb sekuestroj\u00eb 20 shoq\u00ebri tregtare, dyqane, apartamente e vila me vler\u00eb rreth 50 milion\u00eb euro, t\u00eb cilat zot\u00ebrohen nga Kristian Bo\u00e7i, Elman Abule, mik i af\u00ebrt i Erjon Veliaj, Vladimir Avramit si dhe 4 personave t\u00eb tjer\u00eb t\u00eb lidhur me k\u00ebta persona.<\/p>\n<p>Nd\u00ebrkoh\u00eb pritet q\u00eb me zbardhjen e vendimit t\u00eb gjykat\u00ebs, prokuroria e Tiran\u00ebs t\u00eb ushtroj\u00eb Apelim n\u00eb gjykat\u00ebn e Apelit, duke k\u00ebrkuar sekuestrimin e k\u00ebtyre pasurive.<\/p>\n<p>Kujtojm\u00eb se n\u00eb muajin Qershor 2024, e nj\u00ebjta gjykat\u00eb por me gjyqtare tjet\u00ebr, ka vendosur pranimin e k\u00ebrkes\u00ebs duke urdh\u00ebruar sekuestrimin e pasurive t\u00eb personave t\u00eb implikuar n\u00eb veprimtari kriminale.<\/p>\n<p>N\u00eb vendimin e par\u00eb gjykata argumenton se:<\/p>\n<p>\u201c\u2026n\u00eb kuad\u00ebr t\u00eb veprimtaris\u00eb s\u00eb tij t\u00eb paligjshme, Elman Abule, ka themeluar nj\u00eb s\u00ebr\u00eb shoq\u00ebrish tregtare, me q\u00ebllimin t\u00eb maskoj\u00eb kryerjen e aktiviteteve t\u00eb paligjshme nga ana e tij, me veprimtari t\u00eb konsideruara si t\u00eb ligjshme. Ky shtetas, n\u00ebp\u00ebrmjet krijimit t\u00eb nj\u00eb s\u00ebr\u00eb kompanive, disa prej tyre n\u00ebn administrimin edhe t\u00eb Kristian Bo\u00e7i apo Vladimir Avrami, kan\u00eb krijuar nj\u00eb skem\u00eb t\u00eb mir\u00ebfillt\u00eb t\u00eb pastrimit t\u00eb produkteve t\u00eb vepr\u00ebs penale\u2026\u201d.<\/p>\n<p>Por 1 muaj m\u00eb pas, n\u00eb muajin Korrik 2024, ky vendim sekuestroje \u00ebsht\u00eb prishur nga Gjykata e Apelit n\u00eb Tiran\u00eb, duke e kthyer \u00e7\u00ebshtjen p\u00ebr rishqyrtim n\u00eb shkall\u00ebn e par\u00eb me trup tjet\u00ebr gjykues.<\/p>\n<p>Shkak i prishjes s\u00eb vendimit n\u00eb Apel, t\u00eb sekuestrimit t\u00eb rreth 20 pasurive, \u00ebsht\u00eb b\u00ebr\u00eb nj\u00eb q\u00ebndrim absurd q\u00eb ka mbajtur n\u00eb seanc\u00ebn gjyq\u00ebsore prokurorja Arta Marku.<\/p>\n<p>Pas dh\u00ebnies s\u00eb vendimit Gjykata e Apelit njoftoi se vendimin p\u00ebr rigjykimin e \u00e7\u00ebshtjes n\u00eb shkall\u00ebn e par\u00eb, e nd\u00ebrmori pasi prokurorja Arta Marku, mbajti q\u00ebndrimin n\u00eb seanc\u00eb se: \u201c\u2026vendimi i gjykat\u00ebs s\u00eb Tiran\u00ebs \u00ebsht\u00eb i paarsyetuar dhe konfondohet midis Ligjit Antimafia dhe Kodit t\u00eb Procedur\u00ebs Penale\u2026\u201d.<\/p>\n<p>Por pal\u00ebt, prokuroria dhe personat e v\u00ebn\u00eb n\u00eb hetim p\u00ebr pastrim parash, kontraband\u00eb t\u00eb mallrave dhe evazion fiscal, shkuan me rekurs n\u00eb Gjykat\u00ebn e Lart\u00eb duke mbajtur pretendimet e tyre.<\/p>\n<p>Pas shqyrtimit t\u00eb \u00e7\u00ebshtjes Gjykata e Lart\u00eb, vendosi t\u00eb ler\u00eb n\u00eb fuqi vendimin e Aelit, q\u00eb urdh\u00ebronte rishqyrtimin nga e para t\u00eb k\u00ebrkes\u00ebs s\u00eb prokuroris\u00eb s\u00eb Tiran\u00ebs, p\u00ebr sekuestrimin e 20 pasurive t\u00eb disa personave t\u00eb proceduar.<\/p>\n<p>\u00c7\u00ebshtja \u00ebsht\u00eb shortuar dhe k\u00ebrkesa i ka r\u00ebn\u00eb p\u00ebr shqyrtim gjyqtarit Altin Abdiu, i cili pak dit\u00eb m\u00eb par\u00eb ka vendosur t\u00eb mospranoj\u00eb k\u00ebrkes\u00ebn e prokuroris\u00eb dhe liroj\u00eb t\u00eb gjitha pronat e personave.<\/p>\n<p>Pavar\u00ebsisht k\u00ebtij vendimi, pritet q\u00eb \u00e7\u00ebshtja t\u00eb Apelohet nga prokuroria e Tiran\u00ebs. Nd\u00ebrsa ky vendim nuk e pengon hetimin penal, pasi tashm\u00eb m\u00ebsohet se prokuroria \u00ebsht\u00eb n\u00eb faz\u00ebn e kryerjes s\u00eb aktit t\u00eb ekspertimit financiar me q\u00ebllim nxjerjen e nj\u00eb bilanci mbi justifikimin e ligjsh\u00ebm ose jo t\u00eb pasurive t\u00eb krijuara nga personat e proceduar. \/Elton Qyno\/ Syri.net\/<\/p>\n","protected":false},"excerpt":{"rendered":"<p>Gjykata e Tiran\u00ebs, ka vendosur t\u00eb mos sekuestroj\u00eb rreth 20 pasuri me vler\u00eb gati 50 milion euro, p\u00ebr t\u00eb cilat policia dhe prokuroria e kryeqytetit, ka pasur indicie t\u00eb forta se vijn\u00eb nga aktiviteti kriminal i personave q\u00eb i posedojn\u00eb ato. Informacionet e siguruara nga gazetari Elton Qyno, tregojn\u00eb se miku i Erjon Veliaj, Elman &hellip;<\/p>\n","protected":false},"author":4,"featured_media":132350,"comment_status":"closed","ping_status":"closed","sticky":false,"template":"","format":"standard","meta":{"footnotes":""},"categories":[37],"tags":[],"class_list":["post-132348","post","type-post","status-publish","format-standard","has-post-thumbnail","","category-politike"],"_links":{"self":[{"href":"https:\/\/rdnews.al\/index.php\/wp-json\/wp\/v2\/posts\/132348","targetHints":{"allow":["GET"]}}],"collection":[{"href":"https:\/\/rdnews.al\/index.php\/wp-json\/wp\/v2\/posts"}],"about":[{"href":"https:\/\/rdnews.al\/index.php\/wp-json\/wp\/v2\/types\/post"}],"author":[{"embeddable":true,"href":"https:\/\/rdnews.al\/index.php\/wp-json\/wp\/v2\/users\/4"}],"replies":[{"embeddable":true,"href":"https:\/\/rdnews.al\/index.php\/wp-json\/wp\/v2\/comments?post=132348"}],"version-history":[{"count":2,"href":"https:\/\/rdnews.al\/index.php\/wp-json\/wp\/v2\/posts\/132348\/revisions"}],"predecessor-version":[{"id":132351,"href":"https:\/\/rdnews.al\/index.php\/wp-json\/wp\/v2\/posts\/132348\/revisions\/132351"}],"wp:featuredmedia":[{"embeddable":true,"href":"https:\/\/rdnews.al\/index.php\/wp-json\/wp\/v2\/media\/132350"}],"wp:attachment":[{"href":"https:\/\/rdnews.al\/index.php\/wp-json\/wp\/v2\/media?parent=132348"}],"wp:term":[{"taxonomy":"category","embeddable":true,"href":"https:\/\/rdnews.al\/index.php\/wp-json\/wp\/v2\/categories?post=132348"},{"taxonomy":"post_tag","embeddable":true,"href":"https:\/\/rdnews.al\/index.php\/wp-json\/wp\/v2\/tags?post=132348"}],"curies":[{"name":"wp","href":"https:\/\/api.w.org\/{rel}","templated":true}]}}