{"id":132354,"date":"2025-12-30T12:23:48","date_gmt":"2025-12-30T12:23:48","guid":{"rendered":"https:\/\/rdnews.al\/?p=132354"},"modified":"2025-12-30T12:23:48","modified_gmt":"2025-12-30T12:23:48","slug":"berisha-kete-vit-shperthyen-ne-te-kater-anet-ujerat-e-zeza-te-regjimit-mafioz-te-rames","status":"publish","type":"post","link":"https:\/\/rdnews.al\/index.php\/2025\/12\/30\/berisha-kete-vit-shperthyen-ne-te-kater-anet-ujerat-e-zeza-te-regjimit-mafioz-te-rames\/","title":{"rendered":"Berisha: K\u00ebt\u00eb vit shp\u00ebrthyen n\u00eb t\u00eb kat\u00ebr an\u00ebt uj\u00ebrat e zeza t\u00eb regjimit mafioz t\u00eb Ram\u00ebs!"},"content":{"rendered":"<p>Kryetari i PD, Sali Berisha, gjat\u00eb fjal\u00ebs s\u00eb tij n\u00eb konferenc\u00ebn me gazetar\u00ebt tha se, viti 2025 ka sh\u00ebnuar nj\u00eb periudh\u00eb t\u00eb err\u00ebt p\u00ebr Shqip\u00ebrin\u00eb, duke i referuar k\u00ebtij viti si kulmin e narkoregjimit t\u00eb Edi Ram\u00ebs.<\/p>\n<p>Berisha tha se, ky ka qen\u00eb nj\u00eb vit n\u00eb t\u00eb cilin qytetar\u00ebt shqiptar\u00eb jan\u00eb varf\u00ebruar m\u00eb shum\u00eb se kurr\u00eb, duke u p\u00ebrballur me nj\u00eb rritje t\u00eb padrejt\u00ebsis\u00eb dhe abuzimeve nga pushteti. Ai e cil\u00ebsoi k\u00ebt\u00eb vit si nj\u00eb moment kur &#8220;uj\u00ebrat e zeza t\u00eb regjimit mafioz&#8221; shp\u00ebrthyen n\u00eb t\u00eb kat\u00ebr an\u00ebt e vendit.<\/p>\n<p>Berisha: Mbyllim k\u00ebtu sot komunikimin me mediat, dhe n\u00ebp\u00ebrmjet tyre me qytetar\u00ebt, dhe \u00ebsht\u00eb tradit\u00eb t\u00eb b\u00ebjm\u00eb nj\u00eb bilanc t\u00eb shkurt\u00ebr t\u00eb k\u00ebtij viti kulmor t\u00eb narkoregjimit t\u00eb Edi Ram\u00ebs.<\/p>\n<p>Viti 2025 ishte nj\u00eb vit, n\u00eb t\u00eb cilin qytetar\u00ebt shqiptar\u00eb u vodh\u00ebn m\u00eb shum\u00eb se kurr\u00eb n\u00eb 35 vite, m\u00eb shum\u00eb se kurr\u00eb n\u00eb ekzistenc\u00ebn e tyre.<\/p>\n<p>K\u00ebt\u00eb vit shp\u00ebrthyen n\u00eb t\u00eb kat\u00ebr an\u00ebt uj\u00ebrat e zeza t\u00eb regjimit mafioz t\u00eb Edi Ram\u00ebs.<\/p>\n<p>Viti 2025 ishte viti n\u00eb t\u00eb cilin bastardi i xhelat\u00ebve t\u00eb regjimit t\u00eb Enver Hoxh\u00ebs, konkretisht Kristaq Ram\u00ebs dhe Spiro Kolek\u00ebs q\u00eb firmosnin varjen n\u00eb litar t\u00eb kund\u00ebrshtar\u00ebve politik\u00eb dhe k\u00ebrkonin p\u00ebrdorimin e tankeve dhe topave ndaj student\u00ebve kund\u00ebr vendosjes s\u00eb pluralizmit politik, shnd\u00ebrroi para shqiptar\u00ebve dhe bot\u00ebs procesin zgjedhor n\u00eb nj\u00eb fars\u00eb t\u00eb plot\u00eb elektorale.<br \/>\nTransformoi n\u00eb nj\u00eb strofull t\u00eb krimit parlamentin e vendit.<\/p>\n<p>Shkelmoi \u00e7do parim t\u00eb nj\u00eb shteti demokratik.<\/p>\n<p>Edi Rama hoqi \u00e7do mask\u00eb, bllokoi \u00e7do hap\u00ebsir\u00eb n\u00eb parlament p\u00ebr opozit\u00ebn shqiptare, d\u00ebshmoi se pasardh\u00ebsi i denj\u00eb i xhelat\u00ebve t\u00eb regjimit komunist \u00ebsht\u00eb i gatsh\u00ebm t\u00eb zbatoj\u00eb n\u00eb k\u00ebt\u00eb vend pik\u00eb p\u00ebr pik\u00eb ato platforma q\u00eb zhduk\u00ebn nga Shqip\u00ebria opozit\u00ebn.<\/p>\n","protected":false},"excerpt":{"rendered":"<p>Kryetari i PD, Sali Berisha, gjat\u00eb fjal\u00ebs s\u00eb tij n\u00eb konferenc\u00ebn me gazetar\u00ebt tha se, viti 2025 ka sh\u00ebnuar nj\u00eb periudh\u00eb t\u00eb err\u00ebt p\u00ebr Shqip\u00ebrin\u00eb, duke i referuar k\u00ebtij viti si kulmin e narkoregjimit t\u00eb Edi Ram\u00ebs. Berisha tha se, ky ka qen\u00eb nj\u00eb vit n\u00eb t\u00eb cilin qytetar\u00ebt shqiptar\u00eb jan\u00eb varf\u00ebruar m\u00eb shum\u00eb se &hellip;<\/p>\n","protected":false},"author":4,"featured_media":132355,"comment_status":"closed","ping_status":"closed","sticky":false,"template":"","format":"standard","meta":{"footnotes":""},"categories":[37],"tags":[],"class_list":["post-132354","post","type-post","status-publish","format-standard","has-post-thumbnail","","category-politike"],"_links":{"self":[{"href":"https:\/\/rdnews.al\/index.php\/wp-json\/wp\/v2\/posts\/132354","targetHints":{"allow":["GET"]}}],"collection":[{"href":"https:\/\/rdnews.al\/index.php\/wp-json\/wp\/v2\/posts"}],"about":[{"href":"https:\/\/rdnews.al\/index.php\/wp-json\/wp\/v2\/types\/post"}],"author":[{"embeddable":true,"href":"https:\/\/rdnews.al\/index.php\/wp-json\/wp\/v2\/users\/4"}],"replies":[{"embeddable":true,"href":"https:\/\/rdnews.al\/index.php\/wp-json\/wp\/v2\/comments?post=132354"}],"version-history":[{"count":1,"href":"https:\/\/rdnews.al\/index.php\/wp-json\/wp\/v2\/posts\/132354\/revisions"}],"predecessor-version":[{"id":132356,"href":"https:\/\/rdnews.al\/index.php\/wp-json\/wp\/v2\/posts\/132354\/revisions\/132356"}],"wp:featuredmedia":[{"embeddable":true,"href":"https:\/\/rdnews.al\/index.php\/wp-json\/wp\/v2\/media\/132355"}],"wp:attachment":[{"href":"https:\/\/rdnews.al\/index.php\/wp-json\/wp\/v2\/media?parent=132354"}],"wp:term":[{"taxonomy":"category","embeddable":true,"href":"https:\/\/rdnews.al\/index.php\/wp-json\/wp\/v2\/categories?post=132354"},{"taxonomy":"post_tag","embeddable":true,"href":"https:\/\/rdnews.al\/index.php\/wp-json\/wp\/v2\/tags?post=132354"}],"curies":[{"name":"wp","href":"https:\/\/api.w.org\/{rel}","templated":true}]}}