{"id":132357,"date":"2025-12-30T12:27:56","date_gmt":"2025-12-30T12:27:56","guid":{"rendered":"https:\/\/rdnews.al\/?p=132357"},"modified":"2025-12-30T12:27:56","modified_gmt":"2025-12-30T12:27:56","slug":"rama-tha-se-sdo-heqe-imunitetin-e-ballukut-berisha-akt-antikushtetues-dhe-provokim-i-ulet-per-cdo-shqiptar","status":"publish","type":"post","link":"https:\/\/rdnews.al\/index.php\/2025\/12\/30\/rama-tha-se-sdo-heqe-imunitetin-e-ballukut-berisha-akt-antikushtetues-dhe-provokim-i-ulet-per-cdo-shqiptar\/","title":{"rendered":"Rama tha se s&#8217;do heq\u00eb imunitetin e Ballukut\/ Berisha: Akt antikushtetues dhe provokim i ul\u00ebt p\u00ebr \u00e7do shqiptar"},"content":{"rendered":"<p>Kryetari i PD, Sali Berisha, reagoi ashp\u00ebr ndaj deklarat\u00ebs s\u00eb kryeministrit Edi Rama, i cili njoftoi se nuk do t\u00eb heq\u00eb imunitetin nga ministrja e Infrastruktur\u00ebs, Belinda Balluku.<br \/>\nSipas Berish\u00ebs, ky veprim \u00ebsht\u00eb nj\u00eb akt antikushtetues dhe nj\u00eb provokim i ul\u00ebt p\u00ebr \u00e7do qytetar shqiptar q\u00eb ka paguar taksat e tij, nd\u00ebrkoh\u00eb q\u00eb vjedhjet e miliona eurove vazhdojn\u00eb t\u00eb mbeten t\u00eb pasqiruara. Ai e cil\u00ebsoi k\u00ebt\u00eb si nj\u00eb vazhdim t\u00eb politik\u00ebs s\u00eb korrupsionit t\u00eb Edi Ram\u00ebs dhe nj\u00eb tentativ\u00eb p\u00ebr t\u00eb mbrojtur ato q\u00eb ai i quajti &#8220;kriminel\u00ebt e regjimit&#8221;.<\/p>\n<p><strong>Berisha:<\/strong> Por, ky vit gjithashtu u karakterizua nga nj\u00eb denoncim nd\u00ebrkomb\u00ebtar n\u00eb nj\u00eb seri rezolutash t\u00eb firmosura nga partit\u00eb politike t\u00eb qendr\u00ebs s\u00eb djatht\u00eb dhe t\u00eb djathta n\u00eb mbar\u00eb bot\u00ebn, n\u00eb t\u00eb cilat damkoset narkodiktatori Edi Rama, farsa e tij elektorale, p\u00ebrdorimi i Altin Troplinit dhe institucioneve t\u00eb tjera kund\u00ebr pluralizmit politik dhe opozit\u00ebs.<br \/>\nKy vit sh\u00ebnoi damkosjen e Edi Ram\u00ebs n\u00eb mediat bot\u00ebrore por edhe n\u00eb institucionet m\u00eb t\u00eb r\u00ebnd\u00ebsishme t\u00eb planetit si\u00e7 \u00ebsht\u00eb Kongresi i SHBA, Asambleja parlamentare i k\u00ebshillit t\u00eb Europ\u00ebs, parlamenti Europian dhe Asambleja Parlamentare e OSBE, institucione k\u00ebto themelore n\u00eb Europ\u00eb dhe bot\u00eb t\u00eb rendit demokratik.<br \/>\nEdi Rama hoqi \u00e7do mask\u00eb, doli si\u00e7 \u00ebsht\u00eb hajduti m\u00eb i madh n\u00eb historin\u00eb e kombit shqiptar.<br \/>\nE v\u00ebrteta \u00ebsht\u00eb se afera e tunelit t\u00eb Llogaras\u00eb n\u00eb vetvete nuk \u00ebsht\u00eb m\u00eb e vog\u00ebl se afera e djeg\u00ebsit t\u00eb Tiran\u00ebs apo djeg\u00ebsve n\u00eb Tiran\u00ebs.<br \/>\nPor n\u00eb rastin e hetimit t\u00eb djeg\u00ebsve, ai b\u00ebri kurban Arben Ahmetajn, njeriun q\u00eb kishte refuzuar 5 her\u00eb t\u00eb firmos projektin e djeg\u00ebsit t\u00eb Tiran\u00ebs, por q\u00eb pavar\u00ebsisht nga kjo, arriti me Troplinin e tij n\u00eb Skap t\u00eb l\u00ebshoj\u00eb urdh\u00ebr-arresti dhe t\u00eb mos merret asnj\u00eb dit\u00eb n\u00eb pyetje si nism\u00ebtar, si organizator, si ekzekutor i projektit t\u00eb djeg\u00ebsit t\u00eb Tiran\u00ebs, zhdukjes s\u00eb 130 milion\u00eb eurove pa nam dhe nishan n\u00eb kontot bankare t\u00eb tij dhe t\u00eb Erion Veliajt.<br \/>\nPor n\u00eb rast se Altin Troplini, nj\u00eb mercenar i shpifur i Edi Ram\u00ebs amnistoi n\u00eb k\u00ebt\u00eb m\u00ebnyr\u00eb djeg\u00ebsin e Tiran\u00ebs dhe 130 milion\u00eb euro t\u00eb qytetar\u00ebve shqiptar\u00eb, n\u00eb fakt rreth 400 milion\u00eb po t\u00eb marrim edhe djeg\u00ebsit e tjer\u00eb, nj\u00eb prokuror tjet\u00ebr nuk ndoqi rrug\u00ebn e tij n\u00eb afer\u00ebn e tunelit t\u00eb Llogaras\u00eb dhe nd\u00ebrtimin e unaz\u00ebs s\u00eb Tiran\u00ebs, t\u00eb denoncuara dhjet\u00ebra her\u00eb k\u00ebtu para jush, por mori p\u00ebrsip\u00ebr t\u00eb zbatoj\u00eb ligjin.<br \/>\nN\u00eb zbatim t\u00eb ligjit ai shkoi direkt te Edi Rama sepse Lubia nuk \u00ebsht\u00eb gj\u00eb tjet\u00ebr n\u00eb at\u00eb afer\u00eb ve\u00e7se nj\u00eb hajdute e Edi Ram\u00ebs, q\u00eb vodhi bashk\u00eb me t\u00eb, por zbatoi urdhrat e tij.<br \/>\nDosjet e Lubi Ballukut nxor\u00ebn para shqiptar\u00ebve dhe bot\u00ebs fytyr\u00ebn e v\u00ebrtet\u00eb t\u00eb hajdutit Edi Rama.<br \/>\nAto d\u00ebshmuan se autori i v\u00ebrtet\u00eb i vjedhjes 93 milion\u00eb euro me tunelin e Llogaras\u00eb \u00ebsht\u00eb Edi Rama.<br \/>\nAto d\u00ebshmuan se lotet e unaz\u00ebs s\u00eb Tiran\u00ebs, p\u00ebrve\u00e7 Lubis\u00eb, \u00ebsht\u00eb dora e zez\u00eb e Edi Ram\u00ebs q\u00eb ndante tenderat.<br \/>\nNdaj Edi Rama n\u00eb nj\u00eb vendim antikushtetues, antiligjor, n\u00eb nj\u00eb provokacion t\u00eb ul\u00ebt p\u00ebr \u00e7do shqiptar q\u00eb ka paguar taksat e tij dhe jan\u00eb vjedhur nga Lubi Balluku dhe Edi Rama, n\u00eb nj\u00eb provokacion t\u00eb pad\u00ebgjuar ndonj\u00ebher\u00eb, bllokoi k\u00ebrkesat e prokuroris\u00eb me gjykat\u00ebs t\u00eb padenj\u00eb, t\u00eb cil\u00ebt shkelmojn\u00eb Kushtetut\u00ebn nj\u00eblloj sikur t\u00eb ishin organizat\u00eb partie e partis\u00eb s\u00eb krimit.<br \/>\nDhe tani nga zyra e tij, n\u00eb m\u00ebnyr\u00eb identike me nj\u00eb hajdut t\u00eb papenduar, deklaron se 16 mij\u00eb faqet e sjella nga prokuroria nuk kan\u00eb asgj\u00eb p\u00ebr Lubi Ballukun, prandaj kthejini mbrapsht se nuk hiqet imuniteti i saj.<\/p>\n","protected":false},"excerpt":{"rendered":"<p>Kryetari i PD, Sali Berisha, reagoi ashp\u00ebr ndaj deklarat\u00ebs s\u00eb kryeministrit Edi Rama, i cili njoftoi se nuk do t\u00eb heq\u00eb imunitetin nga ministrja e Infrastruktur\u00ebs, Belinda Balluku. Sipas Berish\u00ebs, ky veprim \u00ebsht\u00eb nj\u00eb akt antikushtetues dhe nj\u00eb provokim i ul\u00ebt p\u00ebr \u00e7do qytetar shqiptar q\u00eb ka paguar taksat e tij, nd\u00ebrkoh\u00eb q\u00eb vjedhjet e &hellip;<\/p>\n","protected":false},"author":4,"featured_media":132358,"comment_status":"closed","ping_status":"closed","sticky":false,"template":"","format":"standard","meta":{"footnotes":""},"categories":[37],"tags":[],"class_list":["post-132357","post","type-post","status-publish","format-standard","has-post-thumbnail","","category-politike"],"_links":{"self":[{"href":"https:\/\/rdnews.al\/index.php\/wp-json\/wp\/v2\/posts\/132357","targetHints":{"allow":["GET"]}}],"collection":[{"href":"https:\/\/rdnews.al\/index.php\/wp-json\/wp\/v2\/posts"}],"about":[{"href":"https:\/\/rdnews.al\/index.php\/wp-json\/wp\/v2\/types\/post"}],"author":[{"embeddable":true,"href":"https:\/\/rdnews.al\/index.php\/wp-json\/wp\/v2\/users\/4"}],"replies":[{"embeddable":true,"href":"https:\/\/rdnews.al\/index.php\/wp-json\/wp\/v2\/comments?post=132357"}],"version-history":[{"count":1,"href":"https:\/\/rdnews.al\/index.php\/wp-json\/wp\/v2\/posts\/132357\/revisions"}],"predecessor-version":[{"id":132359,"href":"https:\/\/rdnews.al\/index.php\/wp-json\/wp\/v2\/posts\/132357\/revisions\/132359"}],"wp:featuredmedia":[{"embeddable":true,"href":"https:\/\/rdnews.al\/index.php\/wp-json\/wp\/v2\/media\/132358"}],"wp:attachment":[{"href":"https:\/\/rdnews.al\/index.php\/wp-json\/wp\/v2\/media?parent=132357"}],"wp:term":[{"taxonomy":"category","embeddable":true,"href":"https:\/\/rdnews.al\/index.php\/wp-json\/wp\/v2\/categories?post=132357"},{"taxonomy":"post_tag","embeddable":true,"href":"https:\/\/rdnews.al\/index.php\/wp-json\/wp\/v2\/tags?post=132357"}],"curies":[{"name":"wp","href":"https:\/\/api.w.org\/{rel}","templated":true}]}}