{"id":132364,"date":"2025-12-30T12:38:07","date_gmt":"2025-12-30T12:38:07","guid":{"rendered":"https:\/\/rdnews.al\/?p=132364"},"modified":"2025-12-30T12:39:30","modified_gmt":"2025-12-30T12:39:30","slug":"berisha-kthetrat-e-zeza-te-edi-rames-nepermjet-akshi-t-jane-shtrire-si-tentakula-ne-kadastrat-e-vendit","status":"publish","type":"post","link":"https:\/\/rdnews.al\/index.php\/2025\/12\/30\/berisha-kthetrat-e-zeza-te-edi-rames-nepermjet-akshi-t-jane-shtrire-si-tentakula-ne-kadastrat-e-vendit\/","title":{"rendered":"Berisha: Kthetrat e zeza t\u00eb Edi Ram\u00ebs n\u00ebp\u00ebrmjet AKSHI-t jan\u00eb shtrir\u00eb si tentakula n\u00eb kadastrat e vendit"},"content":{"rendered":"<p>Kryetari i PD, Sali Berisha, gjat\u00eb fjal\u00ebs s\u00eb tij p\u00ebr mediat tha se, kthetrat e zeza t\u00eb Edi Ram\u00ebs n\u00ebp\u00ebrmjet AKSHI-t jan\u00eb shtrir\u00eb si tentakula n\u00eb kadastrat e vendit.<br \/>\nBerisha u shpreh se p\u00ebr m\u00eb shum\u00eb se nj\u00eb vit, Edi Rama ka bllokuar \u00e7do mund\u00ebsi kontrolli t\u00eb kadastr\u00ebs, duke p\u00ebrdorur k\u00ebshilltar\u00ebt dhe bandit\u00ebt e tij p\u00ebr t\u00eb k\u00ebrc\u00ebnuar dhe intimiduar drejtues t\u00eb institucioneve shtet\u00ebrore.<\/p>\n<p><strong>Berisha:<\/strong> Por sot duhet t\u00eb informoj shqiptar\u00ebt se kthetrat e zeza t\u00eb AKSHI-t, n\u00eb fakt t\u00eb Edi Ram\u00ebs n\u00ebp\u00ebrmjet AKSHI-t, jan\u00eb shtrir\u00eb si tentakula n\u00eb kadastrat e vendit.<br \/>\nEdi Rama, prej pothuaj nj\u00eb viti, ka bllokuar kadastr\u00ebn nga \u00e7do lloj kontrolli.<br \/>\nE ndaluar.<br \/>\nDhe p\u00ebr t\u00eb bllokuar kadastr\u00ebn ndaj \u00e7do lloj kontrolli, Edi Rama ka p\u00ebrdorur jo vet\u00ebm urdhrin ndaj atyre punonj\u00ebsve, por Edi Rama ka d\u00ebrguar k\u00ebshilltar\u00ebt e tij bandit\u00eb p\u00ebr t\u00eb k\u00ebrc\u00ebnuar n\u00eb m\u00ebnyr\u00eb mafioze drejtues institucionesh q\u00eb kan\u00eb p\u00ebr detyr\u00eb kontrollin n\u00eb em\u00ebr t\u00eb shtetit shqiptar.<br \/>\n\u00c7ka tregon se Rumi i v\u00ebrtet\u00eb i kadastr\u00ebs \u00ebsht\u00eb Edi Rama me Ergys Agasin dhe band\u00ebn e tij.<br \/>\nRumi \u00ebsht\u00eb lule me ato q\u00eb ka kryer Edi Rama me Ergys Agasin dhe band\u00ebn e tij n\u00eb pronat e shqiptar\u00ebe, n\u00eb pronat e shtetit shqiptar n\u00eb t\u00ebr\u00ebsi dhe n\u00eb ve\u00e7anti n\u00eb brigjet e Jonit<br \/>\nAfera e AKSHI-t \u00ebsht\u00eb afera m\u00eb multidimensionale q\u00eb ka shp\u00ebrthyer ndonj\u00ebher\u00eb.<br \/>\nTe kryebanditi Ergys Agasi, koordinatori privat i Edi Ram\u00ebs, faleshin ministra, jan\u00eb t\u00eb regjistruar, zyrtar\u00ebt m\u00eb t\u00eb lart\u00eb t\u00eb shtetit, disa gjykat\u00ebs, disa skapist\u00eb dhe t\u00eb tjer\u00eb.<br \/>\nFaktikisht zyra e Ergys Agasit ishte zyra e kryeministrit n\u00eb hije t\u00eb Shqip\u00ebris\u00eb protektorat krimi.<\/p>\n","protected":false},"excerpt":{"rendered":"<p>Kryetari i PD, Sali Berisha, gjat\u00eb fjal\u00ebs s\u00eb tij p\u00ebr mediat tha se, kthetrat e zeza t\u00eb Edi Ram\u00ebs n\u00ebp\u00ebrmjet AKSHI-t jan\u00eb shtrir\u00eb si tentakula n\u00eb kadastrat e vendit. Berisha u shpreh se p\u00ebr m\u00eb shum\u00eb se nj\u00eb vit, Edi Rama ka bllokuar \u00e7do mund\u00ebsi kontrolli t\u00eb kadastr\u00ebs, duke p\u00ebrdorur k\u00ebshilltar\u00ebt dhe bandit\u00ebt e tij &hellip;<\/p>\n","protected":false},"author":4,"featured_media":132366,"comment_status":"closed","ping_status":"closed","sticky":false,"template":"","format":"standard","meta":{"footnotes":""},"categories":[37],"tags":[],"class_list":["post-132364","post","type-post","status-publish","format-standard","has-post-thumbnail","","category-politike"],"_links":{"self":[{"href":"https:\/\/rdnews.al\/index.php\/wp-json\/wp\/v2\/posts\/132364","targetHints":{"allow":["GET"]}}],"collection":[{"href":"https:\/\/rdnews.al\/index.php\/wp-json\/wp\/v2\/posts"}],"about":[{"href":"https:\/\/rdnews.al\/index.php\/wp-json\/wp\/v2\/types\/post"}],"author":[{"embeddable":true,"href":"https:\/\/rdnews.al\/index.php\/wp-json\/wp\/v2\/users\/4"}],"replies":[{"embeddable":true,"href":"https:\/\/rdnews.al\/index.php\/wp-json\/wp\/v2\/comments?post=132364"}],"version-history":[{"count":1,"href":"https:\/\/rdnews.al\/index.php\/wp-json\/wp\/v2\/posts\/132364\/revisions"}],"predecessor-version":[{"id":132365,"href":"https:\/\/rdnews.al\/index.php\/wp-json\/wp\/v2\/posts\/132364\/revisions\/132365"}],"wp:featuredmedia":[{"embeddable":true,"href":"https:\/\/rdnews.al\/index.php\/wp-json\/wp\/v2\/media\/132366"}],"wp:attachment":[{"href":"https:\/\/rdnews.al\/index.php\/wp-json\/wp\/v2\/media?parent=132364"}],"wp:term":[{"taxonomy":"category","embeddable":true,"href":"https:\/\/rdnews.al\/index.php\/wp-json\/wp\/v2\/categories?post=132364"},{"taxonomy":"post_tag","embeddable":true,"href":"https:\/\/rdnews.al\/index.php\/wp-json\/wp\/v2\/tags?post=132364"}],"curies":[{"name":"wp","href":"https:\/\/api.w.org\/{rel}","templated":true}]}}