{"id":132369,"date":"2025-12-30T17:49:18","date_gmt":"2025-12-30T17:49:18","guid":{"rendered":"https:\/\/rdnews.al\/?p=132369"},"modified":"2025-12-30T18:03:14","modified_gmt":"2025-12-30T18:03:14","slug":"berisha-i-them-edi-rames-prite-zemerimin-popullor-te-garantoj-se-shume-shpejt-do-bjere-mbi-ty","status":"publish","type":"post","link":"https:\/\/rdnews.al\/index.php\/2025\/12\/30\/berisha-i-them-edi-rames-prite-zemerimin-popullor-te-garantoj-se-shume-shpejt-do-bjere-mbi-ty\/","title":{"rendered":"Berisha paralajm\u00ebron Ram\u00ebn\/ Shum\u00eb shpejt do p\u00ebrballesh me zem\u00ebrimin popullor\u201d"},"content":{"rendered":"<p>Kryetari i PD, Sali Berisha i b\u00ebri nj\u00eb paralajm\u00ebrim t\u00eb forte kryeministrit Edi Rama. Berisha tha gjat\u00eb konferenc\u00ebs p\u00ebrhtyp se, i them Edi Ram\u00ebs zem\u00ebrimin popullor shum\u00eb shpejt do bjer\u00eb mbi ty.<\/p>\n<p>Berisha theksoi se, zhvillimet e fundit, ve\u00e7an\u00ebrisht ngjarjet e 11 Majit, treguan se Rama \u00ebsht\u00eb nj\u00eb &#8220;kriminel&#8221; q\u00eb ka p\u00ebrfituar nga abuzimi me pasurit\u00eb e shqiptar\u00ebve dhe se tani po u thot\u00eb qytetar\u00ebve se do t&#8217;i vjedh\u00eb m\u00eb shum\u00eb, duke anashkaluar drejt\u00ebsin\u00eb.<\/p>\n<p><strong>Berisha<\/strong>: Pra, zhvillimet e muajve t\u00eb fundit, 11 Maji dhe zhvillimet n\u00eb vazhdim, provuan para \u00e7do shqiptari se Edi Rama ka zero legjitimitet n\u00eb postin e tij.<\/p>\n<p>Se ai \u00ebsht\u00eb nj\u00eb kriminel, nj\u00eb delinkuent q\u00eb e ka vendin n\u00eb bank\u00ebn e t\u00eb akuzuarit, para drejt\u00ebsis\u00eb.<\/p>\n<p>Se ai po kryen krimin e sh\u00ebmtuar jo vet\u00ebm t\u00eb vjedhjes s\u00eb qindra e qindra milion\u00eb, n\u00eb mos miliarda si\u00e7 \u00ebsht\u00eb afera e Portit t\u00eb Durr\u00ebsit, por tani u thot\u00eb shqiptar\u00ebve se do u vjedh se drejt\u00ebsia nuk ekziston.<\/p>\n<p>\u00c7ka p\u00ebrb\u00ebn nj\u00eb kushtrim t\u00eb madh p\u00ebr \u00e7do shqiptar dhe un\u00eb i them Edi Ram\u00ebs, prite zem\u00ebrimin popullor.<\/p>\n<p>T\u00eb garantoj se shum\u00eb shpejt do bjer\u00eb mbi ty.<\/p>\n<p>Duke p\u00ebrfunduar u uroj ju g\u00ebzuar Vitin e Ri.<\/p>\n<p>U uroj qytetar\u00ebve shqiptar\u00eb k\u00ebt\u00eb vit dhe t\u00eb fillojm\u00eb vitin tjet\u00ebr me forca, energji dhe guxim p\u00ebr t\u00eb \u00e7liruar veten ton\u00eb, qytetar\u00ebt shqiptar\u00eb, Shqip\u00ebrin\u00eb, nga ky regjim, m\u00eb i rrezikshmi sot n\u00eb Europ\u00eb, nd\u00ebr m\u00eb t\u00eb rrezikshmit n\u00eb bot\u00eb.<\/p>\n","protected":false},"excerpt":{"rendered":"<p>Kryetari i PD, Sali Berisha i b\u00ebri nj\u00eb paralajm\u00ebrim t\u00eb forte kryeministrit Edi Rama. Berisha tha gjat\u00eb konferenc\u00ebs p\u00ebrhtyp se, i them Edi Ram\u00ebs zem\u00ebrimin popullor shum\u00eb shpejt do bjer\u00eb mbi ty. Berisha theksoi se, zhvillimet e fundit, ve\u00e7an\u00ebrisht ngjarjet e 11 Majit, treguan se Rama \u00ebsht\u00eb nj\u00eb &#8220;kriminel&#8221; q\u00eb ka p\u00ebrfituar nga abuzimi me &hellip;<\/p>\n","protected":false},"author":4,"featured_media":131301,"comment_status":"closed","ping_status":"closed","sticky":false,"template":"","format":"standard","meta":{"footnotes":""},"categories":[37],"tags":[],"class_list":["post-132369","post","type-post","status-publish","format-standard","has-post-thumbnail","","category-politike"],"_links":{"self":[{"href":"https:\/\/rdnews.al\/index.php\/wp-json\/wp\/v2\/posts\/132369","targetHints":{"allow":["GET"]}}],"collection":[{"href":"https:\/\/rdnews.al\/index.php\/wp-json\/wp\/v2\/posts"}],"about":[{"href":"https:\/\/rdnews.al\/index.php\/wp-json\/wp\/v2\/types\/post"}],"author":[{"embeddable":true,"href":"https:\/\/rdnews.al\/index.php\/wp-json\/wp\/v2\/users\/4"}],"replies":[{"embeddable":true,"href":"https:\/\/rdnews.al\/index.php\/wp-json\/wp\/v2\/comments?post=132369"}],"version-history":[{"count":4,"href":"https:\/\/rdnews.al\/index.php\/wp-json\/wp\/v2\/posts\/132369\/revisions"}],"predecessor-version":[{"id":132377,"href":"https:\/\/rdnews.al\/index.php\/wp-json\/wp\/v2\/posts\/132369\/revisions\/132377"}],"wp:featuredmedia":[{"embeddable":true,"href":"https:\/\/rdnews.al\/index.php\/wp-json\/wp\/v2\/media\/131301"}],"wp:attachment":[{"href":"https:\/\/rdnews.al\/index.php\/wp-json\/wp\/v2\/media?parent=132369"}],"wp:term":[{"taxonomy":"category","embeddable":true,"href":"https:\/\/rdnews.al\/index.php\/wp-json\/wp\/v2\/categories?post=132369"},{"taxonomy":"post_tag","embeddable":true,"href":"https:\/\/rdnews.al\/index.php\/wp-json\/wp\/v2\/tags?post=132369"}],"curies":[{"name":"wp","href":"https:\/\/api.w.org\/{rel}","templated":true}]}}