{"id":132373,"date":"2025-12-30T17:59:23","date_gmt":"2025-12-30T17:59:23","guid":{"rendered":"https:\/\/rdnews.al\/?p=132373"},"modified":"2025-12-30T17:59:23","modified_gmt":"2025-12-30T17:59:23","slug":"bardhi-kuvendi-zyre-avokati-per-ballukun","status":"publish","type":"post","link":"https:\/\/rdnews.al\/index.php\/2025\/12\/30\/bardhi-kuvendi-zyre-avokati-per-ballukun\/","title":{"rendered":"Bardhi: Kuvendi, zyr\u00eb avokati p\u00ebr Ballukun!"},"content":{"rendered":"<p>Kryetari i Grupit Parlamentar t\u00eb PD, Gazment Bardhi tha n\u00eb nj\u00eb deklarat\u00eb p\u00ebr mediat se nuk ka ndodhur kurr\u00eb q\u00eb t\u00eb vonohet shqyrtimi i k\u00ebrkes\u00ebs nga K\u00ebshilli p\u00ebr Rregulloren e Mandateve p\u00ebr nj\u00eb periudh\u00eb dyjavore, me pretendimin absurd se e pandehura ka k\u00ebrkuar tre jav\u00eb p\u00ebr t\u2019u mbrojtur.<\/p>\n<p>Sipas tij, e pandehura, Belinda Balluku, q\u00eb \u00ebsht\u00eb p\u00ebrballur me akuza t\u00eb r\u00ebnda, mund t\u00eb k\u00ebrkoj\u00eb edhe tre muaj ose tre vite, pasi \u00e7do individ, kur k\u00ebrkohet arrestimi i tij, tenton ta shtyj\u00eb dhe ta zvarris\u00eb procesin sa m\u00eb shum\u00eb t\u00eb mundet.<\/p>\n<p>\u201cNuk ka ndodhur kurr\u00eb q\u00eb t\u00eb vonohet shqyrtimi i k\u00ebrkes\u00ebs nga K\u00ebshilli dy jav\u00eb, me pretendimin absurd se e pandehura ka k\u00ebrkuar tre jav\u00eb p\u00ebr t\u2019u mbrojtur. E pandehura, e kam th\u00ebn\u00eb edhe her\u00ebs s\u00eb shkuar, mund t\u00eb k\u00ebrkoj\u00eb dhe tre muaj, mund t\u00eb k\u00ebrkoj\u00eb edhe tre vite, sepse po k\u00ebrkohet d\u00ebrgimi i saj n\u00eb burg. Dhe \u00e7do njeri ndaj t\u00eb cilit k\u00ebrkohet arresti me burg, tenton ta shtyj\u00eb dhe ta zvarris\u00eb k\u00ebt\u00eb proces sa t\u00eb mundet. Dhe un\u00eb ndjej keqardhje q\u00eb p\u00ebr kryetarin e kuvendit dhe an\u00ebtar\u00ebt e tjer\u00eb t\u00eb mazhoranc\u00ebs n\u00eb K\u00ebshillin e Mandateve, prevalon k\u00ebrkesa e dikujt q\u00eb akuzohet p\u00ebr abuzim 1.1 miliard\u00eb euro, p\u00ebrkundrejt k\u00ebrkes\u00ebs s\u00eb prokuroris\u00eb.<\/p>\n<p>Sepse si\u00e7 e dini, prokuroria ka k\u00ebrkuar shqyrtimin brenda tre, maksimumi pes\u00eb dit\u00ebve nga momenti q\u00eb ka mb\u00ebrritur k\u00ebrkesa. Sot b\u00ebhen plot dy jav\u00eb nga ky moment dhe ne ende nuk kemi as d\u00ebgjimin e prokuroris\u00eb p\u00ebr k\u00ebrkes\u00ebn q\u00eb ajo ka sjell\u00eb n\u00eb kuvend. Dhe nuk ka ndodhur kurr\u00eb me asnj\u00eb rast t\u00eb m\u00ebparsh\u00ebm q\u00eb t\u2019i jepet nj\u00eb koh\u00eb kaq e gjat\u00eb, aq m\u00eb tep\u00ebr kur \u00ebsht\u00eb provuar q\u00eb po prishen provat dhe po intimidohen. Dua t\u00eb ju b\u00ebjm me dije se ne rith\u00ebrrasim mbledhjen e k\u00ebshillit ne 6 janar ora 11:00\u2033, tha Bardhi.<\/p>\n","protected":false},"excerpt":{"rendered":"<p>Kryetari i Grupit Parlamentar t\u00eb PD, Gazment Bardhi tha n\u00eb nj\u00eb deklarat\u00eb p\u00ebr mediat se nuk ka ndodhur kurr\u00eb q\u00eb t\u00eb vonohet shqyrtimi i k\u00ebrkes\u00ebs nga K\u00ebshilli p\u00ebr Rregulloren e Mandateve p\u00ebr nj\u00eb periudh\u00eb dyjavore, me pretendimin absurd se e pandehura ka k\u00ebrkuar tre jav\u00eb p\u00ebr t\u2019u mbrojtur. Sipas tij, e pandehura, Belinda Balluku, q\u00eb &hellip;<\/p>\n","protected":false},"author":4,"featured_media":132374,"comment_status":"closed","ping_status":"closed","sticky":false,"template":"","format":"standard","meta":{"footnotes":""},"categories":[37],"tags":[],"class_list":["post-132373","post","type-post","status-publish","format-standard","has-post-thumbnail","","category-politike"],"_links":{"self":[{"href":"https:\/\/rdnews.al\/index.php\/wp-json\/wp\/v2\/posts\/132373","targetHints":{"allow":["GET"]}}],"collection":[{"href":"https:\/\/rdnews.al\/index.php\/wp-json\/wp\/v2\/posts"}],"about":[{"href":"https:\/\/rdnews.al\/index.php\/wp-json\/wp\/v2\/types\/post"}],"author":[{"embeddable":true,"href":"https:\/\/rdnews.al\/index.php\/wp-json\/wp\/v2\/users\/4"}],"replies":[{"embeddable":true,"href":"https:\/\/rdnews.al\/index.php\/wp-json\/wp\/v2\/comments?post=132373"}],"version-history":[{"count":1,"href":"https:\/\/rdnews.al\/index.php\/wp-json\/wp\/v2\/posts\/132373\/revisions"}],"predecessor-version":[{"id":132375,"href":"https:\/\/rdnews.al\/index.php\/wp-json\/wp\/v2\/posts\/132373\/revisions\/132375"}],"wp:featuredmedia":[{"embeddable":true,"href":"https:\/\/rdnews.al\/index.php\/wp-json\/wp\/v2\/media\/132374"}],"wp:attachment":[{"href":"https:\/\/rdnews.al\/index.php\/wp-json\/wp\/v2\/media?parent=132373"}],"wp:term":[{"taxonomy":"category","embeddable":true,"href":"https:\/\/rdnews.al\/index.php\/wp-json\/wp\/v2\/categories?post=132373"},{"taxonomy":"post_tag","embeddable":true,"href":"https:\/\/rdnews.al\/index.php\/wp-json\/wp\/v2\/tags?post=132373"}],"curies":[{"name":"wp","href":"https:\/\/api.w.org\/{rel}","templated":true}]}}