{"id":132378,"date":"2025-12-30T18:04:46","date_gmt":"2025-12-30T18:04:46","guid":{"rendered":"https:\/\/rdnews.al\/?p=132378"},"modified":"2025-12-30T18:07:16","modified_gmt":"2025-12-30T18:07:16","slug":"gjykata-zbardh-vendimin-per-bllokimin-e-pasaportes-se-ballukut","status":"publish","type":"post","link":"https:\/\/rdnews.al\/index.php\/2025\/12\/30\/gjykata-zbardh-vendimin-per-bllokimin-e-pasaportes-se-ballukut\/","title":{"rendered":"Gjykata zbardh vendimin p\u00ebr bllokimin e pasaport\u00ebs s\u00eb Ballukut"},"content":{"rendered":"<p>Gjykata e Posa\u00e7me zbardhi vendimin n\u00eb t\u00eb cilin argumenton se p\u00ebrse la n\u00eb fuqi mas\u00ebn e ndalimit p\u00ebr t\u00eb dal\u00eb jasht\u00eb Shqip\u00ebris\u00eb ndaj zv\/kryeministres Belinda Balluku, nj\u00eb vendimmarrje q\u00eb iu dor\u00ebzua gjat\u00eb dit\u00ebs avokat\u00ebve dhe mbrojt\u00ebsve, si dhe dy zyrtar\u00ebve t\u00eb tjer\u00eb q\u00eb jan\u00eb n\u00ebn arrest sht\u00ebpiak. Sipas burimeve, gjyqtarja Miliana Muca arsyeton n\u00eb verdiktin q\u00eb e shpalli n\u00eb dat\u00ebn 18 dhjetor se ekziston rreziku q\u00eb zv\/kryeministrja dhe ministrja e Infrastruktur\u00ebs, Balluku, t\u2019i shmanget drejt\u00ebsis\u00eb, dhe kjo duke u bazuar te marzhi i d\u00ebnimit q\u00eb parashikon akuza e komunikuar funksionares.<\/p>\n<p>Duke u mb\u00ebshtetur n\u00eb k\u00ebt\u00eb shpjegim ligjor, q\u00eb e lidh t\u00eb pandehur\u00ebn Balluku me vepr\u00ebn e shkeljes s\u00eb barazis\u00eb n\u00eb tendera, gjyqtarja konsideron se p\u00ebr k\u00ebt\u00eb arsye funksionares duhet t\u2019i mbahet e bllokuar pasaporta. Me l\u00ebnien n\u00eb fuqi t\u00eb vendimit t\u00eb kolegut Erjon Cela, gjyqtarja e Apelit t\u00eb Posa\u00e7\u00ebm shpjegon se p\u00ebr pezullimin nga detyra t\u00eb zv\/kryeministres nuk mund t\u00eb shprehet, p\u00ebr sa koh\u00eb \u00e7\u00ebshtja \u00ebsht\u00eb n\u00ebn shqyrtim n\u00eb Gjykat\u00ebn Kushtetuese. Pezullimi i shqyrtimit gjyq\u00ebsor t\u00eb k\u00ebsaj k\u00ebrkese mbi pik\u00ebn n\u00ebse mbetet apo jo n\u00eb fuqi masa e pezullimit nga detyra zgjat deri n\u00eb zgjidhjen me nj\u00eb vendim p\u00ebrfundimtar nga Gjykata Kushtetuese, e cila nga ana tjet\u00ebr del n\u00eb seanc\u00eb plenare n\u00eb 22 janar 2026.<\/p>\n","protected":false},"excerpt":{"rendered":"<p>Gjykata e Posa\u00e7me zbardhi vendimin n\u00eb t\u00eb cilin argumenton se p\u00ebrse la n\u00eb fuqi mas\u00ebn e ndalimit p\u00ebr t\u00eb dal\u00eb jasht\u00eb Shqip\u00ebris\u00eb ndaj zv\/kryeministres Belinda Balluku, nj\u00eb vendimmarrje q\u00eb iu dor\u00ebzua gjat\u00eb dit\u00ebs avokat\u00ebve dhe mbrojt\u00ebsve, si dhe dy zyrtar\u00ebve t\u00eb tjer\u00eb q\u00eb jan\u00eb n\u00ebn arrest sht\u00ebpiak. Sipas burimeve, gjyqtarja Miliana Muca arsyeton n\u00eb verdiktin &hellip;<\/p>\n","protected":false},"author":4,"featured_media":131462,"comment_status":"closed","ping_status":"closed","sticky":false,"template":"","format":"standard","meta":{"footnotes":""},"categories":[37],"tags":[],"class_list":["post-132378","post","type-post","status-publish","format-standard","has-post-thumbnail","","category-politike"],"_links":{"self":[{"href":"https:\/\/rdnews.al\/index.php\/wp-json\/wp\/v2\/posts\/132378","targetHints":{"allow":["GET"]}}],"collection":[{"href":"https:\/\/rdnews.al\/index.php\/wp-json\/wp\/v2\/posts"}],"about":[{"href":"https:\/\/rdnews.al\/index.php\/wp-json\/wp\/v2\/types\/post"}],"author":[{"embeddable":true,"href":"https:\/\/rdnews.al\/index.php\/wp-json\/wp\/v2\/users\/4"}],"replies":[{"embeddable":true,"href":"https:\/\/rdnews.al\/index.php\/wp-json\/wp\/v2\/comments?post=132378"}],"version-history":[{"count":3,"href":"https:\/\/rdnews.al\/index.php\/wp-json\/wp\/v2\/posts\/132378\/revisions"}],"predecessor-version":[{"id":132382,"href":"https:\/\/rdnews.al\/index.php\/wp-json\/wp\/v2\/posts\/132378\/revisions\/132382"}],"wp:featuredmedia":[{"embeddable":true,"href":"https:\/\/rdnews.al\/index.php\/wp-json\/wp\/v2\/media\/131462"}],"wp:attachment":[{"href":"https:\/\/rdnews.al\/index.php\/wp-json\/wp\/v2\/media?parent=132378"}],"wp:term":[{"taxonomy":"category","embeddable":true,"href":"https:\/\/rdnews.al\/index.php\/wp-json\/wp\/v2\/categories?post=132378"},{"taxonomy":"post_tag","embeddable":true,"href":"https:\/\/rdnews.al\/index.php\/wp-json\/wp\/v2\/tags?post=132378"}],"curies":[{"name":"wp","href":"https:\/\/api.w.org\/{rel}","templated":true}]}}