{"id":132393,"date":"2025-12-31T15:54:44","date_gmt":"2025-12-31T15:54:44","guid":{"rendered":"https:\/\/rdnews.al\/?p=132393"},"modified":"2025-12-31T15:54:44","modified_gmt":"2025-12-31T15:54:44","slug":"berisha-ne-2025-rama-rrembeu-voten-fuqizoi-kartelet-dhe-korrupsionin-ne-2026-shqiptaret-do-ti-bejne-funeralin-organizates-kriminale-rilindja","status":"publish","type":"post","link":"https:\/\/rdnews.al\/index.php\/2025\/12\/31\/berisha-ne-2025-rama-rrembeu-voten-fuqizoi-kartelet-dhe-korrupsionin-ne-2026-shqiptaret-do-ti-bejne-funeralin-organizates-kriminale-rilindja\/","title":{"rendered":"Berisha: N\u00eb 2025 Rama rr\u00ebmbeu vot\u00ebn, fuqizoi kartelet dhe korrupsionin! N\u00eb 2026 shqiptar\u00ebt do t\u2019i b\u00ebjn\u00eb funeralin organizat\u00ebs kriminale \u2018Rilindja\u2019"},"content":{"rendered":"<div class=\"elementor-column elementor-col-50 elementor-top-column elementor-element elementor-element-3486475\" data-id=\"3486475\" data-element_type=\"column\">\n<div class=\"elementor-widget-wrap elementor-element-populated\">\n<div class=\"elementor-element elementor-element-e6afd38 elementor-widget elementor-widget-theme-post-content\" data-id=\"e6afd38\" data-element_type=\"widget\" data-widget_type=\"theme-post-content.default\">\n<div class=\"elementor-widget-container\">\n<p><em>N\u00eb vigjilje t\u00eb Vitit t\u00eb Ri 2026, kryetari i Partis\u00eb Demokratike, Sali Berisha, me an\u00eb t\u00eb nj\u00eb mesazhi ka p\u00ebrmbledhur vitin q\u00eb lam\u00eb pas si nj\u00eb nga m\u00eb t\u00eb v\u00ebshtirat p\u00ebr shqiptar\u00ebt.<\/em><\/p>\n<p><em>Ai ka denoncuar vjedhjen e vot\u00ebs gjat\u00eb fars\u00ebs elektorale t\u00eb 11 majit, korrupsionin e qeveris\u00eb dhe konsolidimin e narkoshtetit, duke theksuar varf\u00ebrin\u00eb rekord t\u00eb qytetar\u00ebve krahas pasuris\u00eb marramend\u00ebse t\u00eb pushtetar\u00ebve.<\/em><\/p>\n<p><em>Gjat\u00eb mesazhit t\u00eb tij, kryedemokrati Sali Berisha jep nj\u00eb mesazh shprese p\u00ebr 2026-\u00ebn, duke e cil\u00ebsuar k\u00ebt\u00eb vit si momentin e bashkimit komb\u00ebtar p\u00ebr t\u00eb rr\u00ebzuar band\u00ebn kriminale n\u00eb pushtet q\u00eb quhet \u2018Rilindje\u2019 dhe rikthimit t\u00eb demokracis\u00eb dhe vot\u00ebs s\u00eb lir\u00eb.<\/em><\/p>\n<p><strong>Mesazhi i kryetarit t\u00eb PD-s\u00eb, Sali Berisha:<\/strong><\/p>\n<p>T\u00eb dashur qytetar\u00eb dhe qytetare shqiptar\u00eb!<\/p>\n<p>Sonte ne presim vitin e ri 2026!<\/p>\n<p>Ndaj dhe un\u00eb nga zemra ju uroj, kudo q\u00eb ndodheni, n\u00eb votrat familjare, n\u00eb lokale, n\u00eb udh\u00ebtime, n\u00eb Shqip\u00ebri, n\u00eb bot\u00eb, n\u00eb institucionet e vuajtjes s\u00eb d\u00ebnimit, n\u00eb spitale,<\/p>\n<p>G\u00ebzuar vitin e ri 2026.<\/p>\n<p>Viti i ri p\u00ebr t\u00eb gjith\u00eb shqiptar\u00ebt, p\u00ebr t\u00eb gjith\u00eb njer\u00ebzit, \u00ebsht\u00eb vit shprese.<\/p>\n<p>Por, si\u00e7 \u00ebsht\u00eb tradita, nuk mund t\u00eb ndahemi nga ky vit pa hedhur nj\u00eb v\u00ebshtrim drejt tij.<\/p>\n<p>Viti 2025 ishte nj\u00eb vit q\u00eb shqiptar\u00ebt kurr\u00eb nuk e meritonin.<\/p>\n<p>Ky vit i gjen ata qytetar\u00ebt m\u00eb t\u00eb keqpaguar n\u00eb Europ\u00eb.<\/p>\n<p>Qytetar\u00ebt me tavolinat m\u00eb t\u00eb pakta, sepse blejn\u00eb me \u00e7mimet m\u00eb t\u00eb shtrenjta, me rroga m\u00eb t\u00eb ul\u00ebta, me pensionet m\u00eb t\u00eb ul\u00ebta.<\/p>\n<p>Por ky vit i gjen ata gjithashtu me drejtor\u00ebt, ministrat, qeveritar\u00ebt m\u00eb t\u00eb pasur n\u00eb Europ\u00eb.<\/p>\n<p>Pasurit\u00eb e tyre marramend\u00ebse arrijn\u00eb pasurit\u00eb e regjimeve diktatoriale t\u00eb dikurshme t\u00eb Afrik\u00ebs s\u00eb 30 viteve m\u00eb par\u00eb.<\/p>\n<p>Viti q\u00eb lam\u00eb pas ishte nj\u00eb vit n\u00eb t\u00eb cilin kombi u pak\u00ebsua dhe m\u00eb shum\u00eb.<\/p>\n<p>Mij\u00ebra shqiptar\u00eb u ndan\u00eb nga jeta m\u00eb shum\u00eb sesa erdh\u00ebn n\u00eb k\u00ebt\u00eb jet\u00eb.<\/p>\n<p>Viti 2025 ishte viti i agonis\u00eb s\u00eb plot\u00eb t\u00eb demokracis\u00eb shqiptare.<\/p>\n<p>Narkodiktatori, duke p\u00ebrdorur t\u00eb gjitha mjetet dhe potencialet e nj\u00eb shteti, rr\u00ebmbeu vot\u00ebn e shqiptar\u00ebve dhe nd\u00ebrtoi mazhoranc\u00ebn e krimit.<\/p>\n<p>Viti q\u00eb lam\u00eb pas ishte viti i zjarreve, p\u00ebrmbytjeve m\u00eb t\u00eb m\u00ebdha, t\u00eb cilat nuk ndodh\u00ebn vet\u00ebm n\u00eb Shqip\u00ebri, por ato p\u00ebr ne shqiptar\u00ebt erdh\u00ebn si n\u00eb nj\u00eb vend pa shtet.<\/p>\n<p>N\u00eb fakt, viti 2025 do t\u00eb mbahet mend edhe si viti i zbulimit t\u00eb vjedhjeve m\u00eb t\u00eb m\u00ebdha n\u00eb historin\u00eb komb\u00ebtare t\u00eb shqiptar\u00ebve nga Edi Rama, Lubi Balluku, familja Rama, Erjon Veliaj, drejtor\u00ebt e tij n\u00eb ministri, n\u00eb bashki, zyrtar\u00eb n\u00eb t\u00ebr\u00ebsi.<\/p>\n<p>Ky ishte viti n\u00eb t\u00eb cilin u burgos pas 46 protestave, kryetari i Bashkis\u00eb Tiran\u00ebs.<\/p>\n<p>Viti n\u00eb t\u00eb cilin n\u00eb regjistrat e prokuroris\u00eb, dol\u00ebn emrat dhe vjedhjet e paimagjinueshme t\u00eb Lubi Ballukut me 300 apartamente, dy jahte, 15 supermarkete.<\/p>\n<p>Emri i Edi Ram\u00ebs n\u00eb t\u00eb gjitha mesazhet si p\u00ebrcaktues i tenderave dhe vet\u00ebm n\u00eb tunelin e Llogaras\u00eb u zhduk\u00ebn t\u00eb pakt\u00ebn 50 milion\u00eb euro.<\/p>\n<p>AKSHI, p\u00ebrb\u00ebn skandalin m\u00eb t\u00eb madh korruptiv jo t\u00eb Shqip\u00ebris\u00eb, po t\u00eb Europ\u00ebs.<\/p>\n<p>AKSHI, kopshti privat i Edi Ram\u00ebs, ishte epiqendra e krimit shtet\u00ebror, t\u00eb pad\u00ebgjuar m\u00eb par\u00eb.<\/p>\n<p>Kopshti privat q\u00eb varej direkt nga Edi Rama, ishte epiqend\u00ebr e rr\u00ebmbimeve, pengmarrjeve p\u00ebr vjedhjen e qindra milion\u00eb eurove, n\u00eb epiqend\u00ebr t\u00eb t\u00eb cil\u00ebs \u00ebsht\u00eb Edi Rama me Lindat e tij, Lind\u00ebn e AKSHI-t, por dhe Lind\u00ebn e Surrelit p\u00ebr shkak t\u00eb kunatit.<\/p>\n<p>AKSHI \u00ebsht\u00eb super skandali n\u00eb t\u00eb cilin t\u00eb gjitha t\u00eb dh\u00ebnat personale, sekrete t\u00eb \u00e7do qytetari shqiptar, kaluan n\u00eb duart e bandave.<\/p>\n<p>Kaloi kadastra e shtetit.<\/p>\n<p>Kaloi \u00e7do e dh\u00ebn\u00eb.<\/p>\n<p>Dhe akoma m\u00eb keq, t\u00eb gjitha sekretet q\u00eb NATO i ka besuar Shqip\u00ebris\u00eb, u eksportuan n\u00eb kartel e drog\u00ebs dhe tek armiqt\u00eb e saj, armiqt\u00eb e NATO-s.<\/p>\n<p>Viti 2025 ishte viti n\u00eb t\u00eb cilin kartelet e drog\u00ebs t\u00eb lidhura direkt me qeverin\u00eb shqiptare dhe me Edi Ram\u00ebn, mor\u00ebn n\u00eb dor\u00eb dhe u b\u00ebn\u00eb zot\u00ebr t\u00eb tregut t\u00eb kokain\u00ebs n\u00eb Europ\u00eb.<\/p>\n<p>Pra u b\u00ebn\u00eb kartelet m\u00eb t\u00eb fuqishme.<\/p>\n<p>Ato me nd\u00ebrhyrjet e tyre aktive n\u00eb zgjedhjet e 11 majit, apo p\u00ebr nd\u00ebrhyrjet e tyre, u shp\u00ebrblyen me leje p\u00ebr nd\u00ebrtimin e 450 kullave, resorteve turistike, pallateve dhe vilave n\u00eb mbar\u00eb territorin.<\/p>\n<p>Pra, viti ishte t\u00eb themi, viti n\u00eb t\u00eb cilin narkoshteti u konsolidua me shpejt\u00ebsin\u00eb m\u00eb t\u00eb madhe.<\/p>\n<p>Por ishte dhe viti n\u00eb t\u00eb cilin opozita shqiptare ja doli t\u00eb gozhdoj\u00eb para komunitetit nd\u00ebrkomb\u00ebtar Edi Ram\u00ebn si armik i eg\u00ebr i pluralizmit.<\/p>\n<p>N\u00eb 7 rezoluta denoncohet shtypja e pluralizmit nga institucionet e narkoshtetit.<\/p>\n<p>Denoncohet narkoshteti, denoncohen vjedhjet e shqiptar\u00ebve dhe shnd\u00ebrrimi i procesit zgjedhor n\u00eb fars\u00eb elektorale.<\/p>\n<p>Kontrolli total mbi mediat dhe mashtrimi i tmerrsh\u00ebm q\u00eb ato ju b\u00ebjn\u00eb qytetar\u00ebve, p\u00ebr shkak t\u00eb kontrollit mafioz.<\/p>\n<p>T\u00eb gjitha k\u00ebto jan\u00eb sanksionuar edhe n\u00eb dokumentin themelor t\u00eb OSBE-ODIHR-it p\u00ebr zgjedhjet n\u00eb Shqip\u00ebri.<\/p>\n<p>Pra miq, t\u00eb gjitha k\u00ebto p\u00ebrb\u00ebjn\u00eb nj\u00eb baz\u00eb t\u00eb fuqishme p\u00ebr \u00e7do qytetar shqiptar p\u00ebr veprim, ndaj dhe me besim t\u00eb plot\u00eb mund t\u00eb themi se viti 2026 \u00ebsht\u00eb viti i shpres\u00ebs s\u00eb madhe, p\u00ebr Shqip\u00ebrin\u00eb dhe shqiptar\u00ebt.<\/p>\n<p>\u00cbsht\u00eb viti n\u00eb t\u00eb cilin ata do bashkohen si kurr\u00eb m\u00eb par\u00eb p\u00ebr t\u2019i b\u00ebr\u00eb funeralin organizat\u00ebs kriminale q\u00eb quhet Rilindja dhe kryesohet nga Edi Rama.<\/p>\n<p>Do bashkohen si kurr\u00eb m\u00eb par\u00eb p\u00ebr t\u00eb shp\u00ebtuar demokracin\u00eb shqiptare, rikthimin e vot\u00ebs s\u00eb lir\u00eb.<\/p>\n<p>P\u00ebr t\u00eb shp\u00ebtuar familjen shqiptare nga nj\u00eb ligj shkat\u00ebrrimtar p\u00ebr gjinin\u00eb dhe familjen.<\/p>\n<p>P\u00ebr t\u00eb shp\u00ebtuar Shqip\u00ebrin\u00eb nga rrokullisja e saj e madhe.<\/p>\n<p>Pra, k\u00ebt\u00eb vit \u00e7do shqiptar q\u00eb e do k\u00ebt\u00eb vend, e fillon si misionar, e fillon n\u00eb lart\u00ebsin\u00eb e nj\u00eb misioni t\u00eb madh shp\u00ebtimtar.<\/p>\n<p>Ndaj dhe un\u00eb dua sonte t\u2019ju uroj ju, g\u00ebzuar kudo q\u00eb ndodheni.<\/p>\n<p>Nj\u00eb vit t\u00eb mbar\u00eb n\u00eb lart\u00ebsin\u00eb e shpresave dhe pritshm\u00ebrive tuaja.<\/p>\n<p>G\u00ebzuar!<\/p>\n<\/div>\n<\/div>\n<\/div>\n<\/div>\n<div class=\"elementor-column elementor-col-50 elementor-top-column elementor-element elementor-element-bdba7b0\" data-id=\"bdba7b0\" data-element_type=\"column\">\n<div class=\"elementor-widget-wrap elementor-element-populated\">\n<div class=\"elementor-element elementor-element-fc63f39 elementor-widget elementor-widget-template\" data-id=\"fc63f39\" data-element_type=\"widget\" data-widget_type=\"template.default\">\n<div class=\"elementor-widget-container\">\n<div class=\"elementor-template\">\n<div class=\"elementor elementor-1824 elementor-location-single\" data-elementor-type=\"section\" data-elementor-id=\"1824\" data-elementor-post-type=\"elementor_library\">\n<section class=\"elementor-section elementor-top-section elementor-element elementor-element-079f463 elementor-section-boxed elementor-section-height-default elementor-section-height-default\" data-id=\"079f463\" data-element_type=\"section\">\n<div class=\"elementor-container elementor-column-gap-default\">\n<div class=\"elementor-column elementor-col-100 elementor-top-column elementor-element elementor-element-31ea933\" data-id=\"31ea933\" data-element_type=\"column\">\n<div class=\"elementor-widget-wrap elementor-element-populated\">\n<div class=\"elementor-element elementor-element-86f06b2 elementor-search-form--skin-classic elementor-search-form--button-type-icon elementor-search-form--icon-search elementor-widget elementor-widget-search-form\" data-id=\"86f06b2\" data-element_type=\"widget\" data-settings=\"{&quot;skin&quot;:&quot;classic&quot;}\" data-widget_type=\"search-form.default\">\n<div class=\"elementor-widget-container\">\n<form class=\"elementor-search-form\" action=\"https:\/\/pd.al\/\" method=\"get\">\n<div class=\"elementor-search-form__container\"><img decoding=\"async\" src=\"https:\/\/pd.al\/wp-content\/uploads\/2025\/12\/b370bb00-a63c-4ecd-b890-42055e8457bc-682x1024.jpg\" \/><\/div>\n<\/form>\n<\/div>\n<\/div>\n<\/div>\n<\/div>\n<\/div>\n<\/section>\n<\/div>\n<\/div>\n<\/div>\n<\/div>\n<\/div>\n<\/div>\n","protected":false},"excerpt":{"rendered":"<p>N\u00eb vigjilje t\u00eb Vitit t\u00eb Ri 2026, kryetari i Partis\u00eb Demokratike, Sali Berisha, me an\u00eb t\u00eb nj\u00eb mesazhi ka p\u00ebrmbledhur vitin q\u00eb lam\u00eb pas si nj\u00eb nga m\u00eb t\u00eb v\u00ebshtirat p\u00ebr shqiptar\u00ebt. Ai ka denoncuar vjedhjen e vot\u00ebs gjat\u00eb fars\u00ebs elektorale t\u00eb 11 majit, korrupsionin e qeveris\u00eb dhe konsolidimin e narkoshtetit, duke theksuar varf\u00ebrin\u00eb rekord &hellip;<\/p>\n","protected":false},"author":4,"featured_media":132394,"comment_status":"closed","ping_status":"closed","sticky":false,"template":"","format":"standard","meta":{"footnotes":""},"categories":[37],"tags":[],"class_list":["post-132393","post","type-post","status-publish","format-standard","has-post-thumbnail","","category-politike"],"_links":{"self":[{"href":"https:\/\/rdnews.al\/index.php\/wp-json\/wp\/v2\/posts\/132393","targetHints":{"allow":["GET"]}}],"collection":[{"href":"https:\/\/rdnews.al\/index.php\/wp-json\/wp\/v2\/posts"}],"about":[{"href":"https:\/\/rdnews.al\/index.php\/wp-json\/wp\/v2\/types\/post"}],"author":[{"embeddable":true,"href":"https:\/\/rdnews.al\/index.php\/wp-json\/wp\/v2\/users\/4"}],"replies":[{"embeddable":true,"href":"https:\/\/rdnews.al\/index.php\/wp-json\/wp\/v2\/comments?post=132393"}],"version-history":[{"count":1,"href":"https:\/\/rdnews.al\/index.php\/wp-json\/wp\/v2\/posts\/132393\/revisions"}],"predecessor-version":[{"id":132395,"href":"https:\/\/rdnews.al\/index.php\/wp-json\/wp\/v2\/posts\/132393\/revisions\/132395"}],"wp:featuredmedia":[{"embeddable":true,"href":"https:\/\/rdnews.al\/index.php\/wp-json\/wp\/v2\/media\/132394"}],"wp:attachment":[{"href":"https:\/\/rdnews.al\/index.php\/wp-json\/wp\/v2\/media?parent=132393"}],"wp:term":[{"taxonomy":"category","embeddable":true,"href":"https:\/\/rdnews.al\/index.php\/wp-json\/wp\/v2\/categories?post=132393"},{"taxonomy":"post_tag","embeddable":true,"href":"https:\/\/rdnews.al\/index.php\/wp-json\/wp\/v2\/tags?post=132393"}],"curies":[{"name":"wp","href":"https:\/\/api.w.org\/{rel}","templated":true}]}}