{"id":132400,"date":"2025-12-31T16:45:36","date_gmt":"2025-12-31T16:45:36","guid":{"rendered":"https:\/\/rdnews.al\/?p=132400"},"modified":"2025-12-31T16:45:36","modified_gmt":"2025-12-31T16:45:36","slug":"rpd-vlore-nga-pika-zero-drejt-nje-misioni-qe-vazhdon","status":"publish","type":"post","link":"https:\/\/rdnews.al\/index.php\/2025\/12\/31\/rpd-vlore-nga-pika-zero-drejt-nje-misioni-qe-vazhdon\/","title":{"rendered":"RPD Vlor\u00eb, nga pika zero drejt nj\u00eb misioni q\u00eb vazhdon"},"content":{"rendered":"<p><strong>Nga \u00c7ajup SHEHAJ<br \/>\n<em>Kryetar i FRPD Dega Vlor\u00eb<\/em><\/strong><\/p>\n<p><em>Nj\u00eb sh\u00ebnim p\u00ebr an\u00ebtar\u00ebsin\u00eb e FRPD Vlor\u00eb, demokrat\u00eb dashamir\u00ebs, mb\u00ebshtet\u00ebs, v\u00ebzhgues dhe pushtetin q\u00eb po per\u00ebndon!<\/em><\/p>\n<p>Ritual i zakonsh\u00ebm apo reflektim i ndjer\u00eb, fundviti, me gjas\u00eb, i imponohet filmit t\u00eb nd\u00ebrgjegjes\u00a0s\u00eb gjithsecilit n\u00eb retrospektiv\u00eb, asaj politike p\u00ebrfshir\u00eb.<\/p>\n<p>Ndaj dua t\u00eb marr v\u00ebmendjen e cilitdo q\u00eb ka ndjekur aktivitetin e Forumit Rinor t\u00eb Partis\u00eb Demokratike t\u00eb Vlor\u00ebs gjat\u00eb vitit q\u00eb sot po l\u00ebm\u00eb pas, an\u00ebtar\u00eb kontributor\u00eb t\u00eb \u00e7muar n\u00eb cop\u00ebzat e historis\u00eb q\u00eb modestisht po shkruajm\u00eb mes nesh, demokrat\u00eb q\u00eb kan\u00eb mb\u00ebshtetur nismat tona, v\u00ebzhgues t\u00eb kuriozuar nga p\u00ebrpjekjet e nj\u00eb grushti t\u00eb rinjsh n\u00eb nj\u00eb qytet, ku si gjith\u00eb t\u00eb tjer\u00ebt e Shqip\u00ebris\u00eb, dritat e monopolizuara t\u00eb kryeqytetit ua disafishojn\u00eb v\u00ebshtir\u00ebsin\u00eb p\u00ebr t\u2018u v\u00ebn\u00eb re, p\u00ebr t\u2018u d\u00ebgjuar, p\u00ebr t\u2018u duartrokitur, pavar\u00ebsisht p\u00ebrpjekjeve edhe p\u00ebrtej limiteve opozitare.<\/p>\n<p>Megjith\u00ebse ky nuk ishte kurr\u00eb q\u00ebllimi yn\u00eb n\u00eb vetvete, fatmir\u00ebsisht, ne ia dol\u00ebm t\u00eb g\u00ebzojm\u00eb shum\u00eb\u00e7ka q\u00eb t\u00eb rinjt\u00eb e mosh\u00ebs son\u00eb mund t\u00eb g\u00ebzojn\u00eb n\u00eb politik\u00eb: ne p\u00ebrjetuam sfid\u00ebn, betej\u00ebn, gar\u00ebn, bashk\u00ebpunimin, mb\u00ebshtetjen, p\u00ebrg\u00ebzimet dhe \u00e7\u2018\u00ebsht\u00eb m\u00eb e r\u00ebnd\u00ebsishmja u ndjem\u00eb bashk\u00ebpun\u00ebtor\u00eb t\u00eb denj\u00eb t\u00eb demokrat\u00ebve n\u00eb k\u00ebt\u00eb vit zgjedhor, aq sa besojm\u00eb se ne jemi krah demokrat\u00ebve vlonjat\u00eb n\u00eb misionin q\u00eb vazhdon!<\/p>\n<p>Bashk\u00eb, e nis\u00ebm rrug\u00ebtimin n\u00eb shkurt t\u00eb vitit 2025, jo si grupim i p\u00ebrbashk\u00ebt, por si t\u00eb rinj demokrat\u00eb t\u00eb cil\u00ebve iu desh t\u00eb takonin nj\u00eb nga nj\u00eb nj\u00ebri-tjetrin p\u00ebr t\u00eb nxitur reciprokisht ringritjen e FRPD Vlor\u00eb nga pika zero, nga themelet. Hapi i par\u00eb q\u00eb nd\u00ebrmor\u00ebm pas dhjet\u00ebra takimeve ve\u00e7 e ve\u00e7 me secilin prej jush si an\u00ebtar\u00eb, ishte organizimi strukturor i Forumit, p\u00ebr t\u00eb pasuar me mbledhjet e para ku shk\u00ebmbyem idet\u00eb p\u00ebr aktivitetet q\u00eb do t\u2018i shp\u00ebrfaqnin ato, vij\u00ebn bashk\u00ebpunuese me Partin\u00eb Demokratike t\u00eb Deg\u00ebs, si dhe gatishm\u00ebrin\u00eb p\u00ebr t\u00eb marr\u00eb rrug\u00ebn drejt Tiran\u00ebs sa her\u00eb thirrjet e PD k\u00ebrkonin p\u00ebrfshirjen komb\u00ebtare t\u00eb strukturave. Si\u00e7 vendos\u00ebm, ashtu b\u00ebm\u00eb. Zbatimi i p\u00ebrpikt\u00eb i objektivave t\u00eb vendosur ishte suksesi yn\u00eb i par\u00eb, kusht p\u00ebr gjith\u00eb t\u00eb tjer\u00ebt q\u00eb pasuan.<\/p>\n<p>Aktiviteti yn\u00eb k\u00ebrkoi p\u00ebrher\u00eb t\u2019i q\u00ebndronte besnik politik\u00ebs tradicionale, asaj t\u00eb v\u00ebrtet\u00eb, asaj produktive, politik\u00ebs s\u00eb terrenit. P\u00ebrtej k\u00ebsaj, q\u00ebllimi yn\u00eb ishte k\u00ebrkimi dhe gjetja e formave p\u00ebr ta sjell\u00eb politik\u00ebn pran\u00eb vlonjat\u00ebve duke sfiduar apatin\u00eb klasike t\u00eb autokracive elektorale. Ne kombinuam politik\u00ebb\u00ebrjen dhe opozitarizmin me disa dimensione si bamir\u00ebsia, trajnimet dhe aktivitete politike dhe jopolitike brenda struktur\u00ebs, simbolik\u00ebn e festave t\u00eb 7-8 Marsit me q\u00ebllim edukativ dhe social, pranin\u00eb n\u00eb rrjetet sociale p\u00ebrmes spoteve, simbolet elektorale n\u00eb fushat\u00eb, p\u00ebr\u00e7imin e mesazheve politike dhe programit elektoral t\u00eb Partis\u00eb Demokratike dor\u00eb m\u00eb dor\u00eb tek qytetar\u00ebt vlonjat\u00eb, mbrojtjen e vot\u00ebs n\u00eb komisione dhe num\u00ebrim, denoncimin nga terreni, protest\u00ebn-aty ku jo vet\u00ebm soll\u00ebm mesazhe t\u00eb guximshme kund\u00ebr pushtetit nga Vlora drejt Tiran\u00ebs, por ishim edhe n\u00eb organizimin n\u00eb vij\u00eb t\u00eb par\u00eb t\u00eb protest\u00ebs s\u00eb fundvitit p\u00ebr munges\u00ebn e ujit n\u00eb Vlor\u00eb.<\/p>\n<p>Nuk harruam as grimca t\u00eb pranis\u00eb mediatike p\u00ebrmes shkrimeve me mesazh t\u00eb fort\u00eb opozitar, apo debateve me kund\u00ebrshtarin. Motoja jon\u00eb n\u00eb \u00e7do aktivitet ishte dhe mbetet nj\u00eb dhe e vetme: \u2018Aty ku jan\u00eb njer\u00ebzit\u2019. Kjo \u00ebsht\u00eb politika, ajo e v\u00ebrteta, ajo e ndjera, ajo e sinqerta, ajo q\u00eb i rri pran\u00eb njer\u00ebzve, politika e terrenit dhe jo e fasad\u00ebs. Ne besojm\u00eb se aty ku jan\u00eb njer\u00ebzit, e kan\u00eb vendin t\u00eb rinjt\u00eb demokrat\u00eb, sot n\u00eb opozit\u00eb, nes\u00ebr n\u00eb drejtimin e vendit.<\/p>\n<p>T\u00eb sapoorganizuar si struktur\u00eb, \u00e7el\u00ebm kalendarin e aktiviteteve me nj\u00eb takim prezantues n\u00eb shtabin e deputetit \u00a0Bujar Leskaj, prej ku komunikuam objektivat afatgjat\u00eb, p\u00ebr t\u00eb vazhduar me nj\u00eb radh\u00eb takimesh brenda t\u00eb rinjve me an\u00ebtar\u00eb n\u00eb t\u00eb gjitha rajonet e Vlor\u00ebs, si nj\u00eb mekaniz\u00ebm mobilizimi t\u00eb t\u00eb rinjve demokrat\u00eb n\u00eb \u00e7do cep t\u00eb qytetit.<\/p>\n<p>N\u00eb dit\u00ebn e m\u00ebsuesit, vizituam n\u00eb sht\u00ebpit\u00eb e tyre personalitete veterane t\u00eb arsimit n\u00eb Vlor\u00eb, duke dashur t\u00eb p\u00ebr\u00e7ojm\u00eb jo vet\u00ebm mir\u00ebnjohjen p\u00ebr kontributin e tyre fisnik n\u00eb edukimin e brezave vlonjat\u00eb, por edhe nevoj\u00ebn q\u00eb ka politika p\u00ebr t\u00eb patur n\u00eb themel t\u00eb saj dijen dhe zhvillimin intelektual. M\u00eb 8 Mars, nj\u00eb dhurat\u00eb simbolike p\u00ebr grat\u00eb dhe vajzat vlonjate, kalimtare rast\u00ebsore n\u00eb rrug\u00ebt e qytetit, ishte mesazhi dhe m\u00ebnyra jon\u00eb p\u00ebr t\u2018iu afruar hyjnis\u00eb s\u00eb gruas.<\/p>\n<p>N\u00eb prag t\u00eb fushat\u00ebs elektorale p\u00ebr zgjedhjet e 11 Majit, k\u00ebrkes\u00ebs son\u00eb p\u00ebr nj\u00eb trajnim p\u00ebr rolin dhe angazhimin e t\u00eb rinjve n\u00eb fushata elektorale, iu p\u00ebrgjigj me zem\u00ebrgjer\u00ebsi dhe interes analisti, ekonomisti dhe k\u00ebshilltari Neritan Sejamini.<\/p>\n<p>Mbetet trajnimi m\u00eb cil\u00ebsor q\u00eb stimuloi idet\u00eb p\u00ebr aktivitetet q\u00eb pasuan gjat\u00eb fushat\u00ebs elektorale. FRPD Vlor\u00eb mori pjes\u00eb n\u00eb prezantimin e secilit prej kandidat\u00ebve t\u00eb Partis\u00eb Demokratike dhe Aleanc\u00ebs p\u00ebr Shqip\u00ebrin\u00eb Madh\u00ebshtore duke premtuar ndihm\u00ebn ton\u00eb n\u00eb fushat\u00ebn elektorale t\u00eb gjith\u00ebsecilit, aty ku ndam\u00eb dhe organizuam n\u00eb grupe p\u00ebr t\u00eb kontribuar maksimalisht dhe pa dallim tek gjith\u00ebsecili.<\/p>\n<p>\u2018Politika e Zemr\u00ebs\u2019 mbetet nj\u00eb nga simbolikat m\u00eb t\u00eb fuqishme tonat, sepse aty, bamir\u00ebsia gjunj\u00ebzoi politik\u00ebn. Pa logo, dhuruam n\u00eb disa prej familjeve vlonjate me v\u00ebshtir\u00ebsi t\u00eb jasht\u00ebzakonshme ekonomike.<\/p>\n<p>Projekti \u2018Edhe Sa\u2019 mbetet aktivizimi m\u00eb i drejtp\u00ebrdrejt\u00eb n\u00eb terren gjat\u00eb fushat\u00ebs elektorale. N\u00eb flet\u00ebpalosje ne paraqit\u00ebm shkurtimisht kontrastin mes qeverisjes 12 vje\u00e7are dhe programit elektoral t\u00eb PD-ASHM, flet\u00ebpalosje q\u00eb ran\u00eb n\u00eb duart e rreth 5 mij\u00eb qytetar\u00ebve vlonjat\u00eb. Paralelisht, u angazhuam n\u00eb takimet me elektoratin n\u00eb terren t\u00eb drejtuesit politik t\u00eb qarkut Vlor\u00eb, Bujar Leskaj dhe secilit prej kandidat\u00ebve t\u00eb PD-ASHM. Po ashtu, FRPD Vlor\u00eb ishte e pranishme n\u00eb takimet masive t\u00eb tyre me votues t\u00eb djatht\u00eb. D\u00ebshira dhe p\u00ebrpjekja ishte maksimale, ndaj sot vet\u00ebm urojm\u00eb t\u00eb jet\u00eb ndjer\u00eb edhe prej kandidat\u00ebve si e till\u00eb. N\u00eb mes t\u00eb fushat\u00ebs elektorale, protesta p\u00ebr tharjen e lumit Shushic\u00eb n\u00eb fshatin Ku\u00e7 th\u00ebrriti an\u00ebtar\u00eb t\u00eb FRPD Vlor\u00eb n\u00eb mb\u00ebshtetje t\u00eb banor\u00ebve atje. Ne ia dol\u00ebm t\u00eb realizonim fushat\u00eb autentike t\u00eb FRPD Vlor\u00eb p\u00ebr p\u00ebr\u00e7imin e mesazheve elektorale edhe jasht\u00eb qytetit, si n\u00eb Novosel\u00eb dhe Orikum.<\/p>\n<p>M\u00eb pas, me nj\u00eb pjes\u00ebmarrje masive, struktura jon\u00eb iu p\u00ebrgjigj takimit me gjith\u00eb kandidat\u00ebt e PD-ASHM nga drejtuesi politik Bujar Leskaj. Aktivitete sportive dhe mbr\u00ebmje sociale t\u00eb Forumit organizuar nga kandidat\u00eb t\u00eb rinj si Mario Runa, nuk munguan. Mesazhi i progresit intelektual si parakusht p\u00ebr suksesin politik n\u00eb dobi t\u00eb vendit ka qen\u00eb vazhdimisht nj\u00eb thirrje t\u00eb cil\u00ebn ne e kemi mir\u00ebpritur. I till\u00eb ishte nj\u00eb takim ku na u dhuruan libra gjat\u00eb fushat\u00ebs.<\/p>\n<p>Hapja dhe mbyllja e fushat\u00ebs elektorale t\u00eb Partis\u00eb Demokratike n\u00eb Vlor\u00eb, preku t\u00eb gjitha skajet mediatike n\u00eb vend, aty ku lideri historik i PD z. Sali Berisha, u prit nga forumi rinor me t\u00eb gjitha simbolikat e fuqishme elektorale prej banderolave masive, ovacioneve, dronit val\u00ebvit\u00ebs t\u00eb flamujve demokrat\u00eb dhe amerikan\u00eb, dhe nj\u00eb fjalimi p\u00ebrfaq\u00ebsues t\u00eb FRPD Vlor\u00eb.<\/p>\n<p>Dy spote t\u00eb fuqishme thyen rekorde shikueshm\u00ebrie n\u00eb rrjetet sociale, &#8211; prezantimi i projektit \u2018Edhe Sa\u2019 si dhe mesazhi thirr\u00ebs m\u00eb dat\u00eb 9 dhe 10 Maj p\u00ebr nxitjen e votuesve shqiptar\u00eb drejt PD-ASHM, &#8211; t\u00eb dy, spote q\u00eb gjet\u00ebn amplifikim fal\u00eb p\u00ebrkrahjes s\u00eb drejtp\u00ebrdrejt\u00eb t\u00eb z. Berisha n\u00eb rrjet.<\/p>\n<p>Dit\u00ebt pa orar dhe net\u00ebt pa gjum\u00eb u b\u00ebn\u00eb zakon p\u00ebr secilin prej nesh gjat\u00eb zhvillimit t\u00eb zgjedhjeve, si n\u00eb komisione ashtu edhe n\u00eb num\u00ebrim, n\u00eb qendrat n\u00eb Vlor\u00eb dhe Tiran\u00eb, ne ishim rojtar\u00ebt e zellsh\u00ebm t\u00eb vot\u00ebs s\u00eb demokrat\u00ebve.<\/p>\n<p>Vera, edhe pse n\u00eb etalonin e bukuris\u00eb s\u00eb saj, n\u00eb Vlor\u00eb, nuk ishte p\u00ebr FRPD Vlor\u00eb e till\u00eb. Pas zgjedhjeve ne zhvilluam mbledhje p\u00ebr t\u00eb ndar\u00eb kritika, mendime, analiz\u00eb dhe propozime p\u00ebr zhvillimin e zgjedhjeve dhe aktivitetet q\u00eb duhej t\u00eb pasonin. N\u00eb muajin gusht, tre prej nesh dol\u00ebn n\u00eb terren p\u00ebr t\u00eb realizuar nj\u00eb video denoncuese t\u00eb problematikave t\u00eb Vlor\u00ebs gjat\u00eb ver\u00ebs, video e cila po ashtu arriti n\u00eb dij\u00ebsin\u00eb e qindra-mij\u00ebra shqiptar\u00ebve n\u00eb rrjet.<\/p>\n<p>FRPD Vlor\u00eb u angazhua n\u00eb p\u00ebrkrahje t\u00eb kandidatit t\u00eb pavarur edhe n\u00eb zgjedhjet lokale n\u00eb 9 N\u00ebntorit, t\u00eb pakursyer ne pranin\u00eb n\u00eb komisione dhe num\u00ebrim po ashtu.<\/p>\n<p>N\u00eb vijim\u00ebsi pjes\u00ebmarr\u00ebs n\u00eb aktivitetet e Partis\u00eb Demokratike t\u00eb Deg\u00ebs Vlor\u00eb, e p\u00ebrmbyll\u00ebm vitin 2025 me nj\u00eb sukses politik me dometh\u00ebnie t\u00eb fuqishme p\u00ebr koh\u00ebn e v\u00ebshtir\u00eb t\u00eb arroganc\u00ebs dhe pangop\u00ebsis\u00eb politike q\u00eb po jetojm\u00eb. Pasi mir\u00ebprit\u00ebm t\u00eb deleguar\u00ebn e FRPD p\u00ebr Vlor\u00ebn, n\u00eb bashk\u00ebpunim me Deg\u00ebn, hym\u00eb n\u00eb streh\u00ebn e administrat\u00ebs s\u00eb qytetit, e cila festonte n\u00eb teatrin \u2018Petro Marko\u2019 si absurd i nj\u00eb parie q\u00eb ka shkelur mbi kufomat politike t\u00eb votuesve t\u00eb saj. P\u00ebr t\u00eb par\u00ebn her\u00eb, nj\u00eb grusht t\u00eb rinjsh, &#8211; dhe ata ishim ne \u2013 ia dol\u00ebm t\u00eb zgjojm\u00eb qytetar\u00ebt vlonjat\u00ebn p\u00ebr t\u00eb ushtruar forc\u00ebn mbi parin\u00eb e absurdit, derisa vet\u00eb qeveria i dha fund munges\u00ebs absolute t\u00eb ujit prej dit\u00ebsh n\u00eb qytetin e Vlor\u00ebs. Nj\u00eb fitore e vog\u00ebl n\u00eb nj\u00eb makth gjigand si n\u00eb koh\u00eb edhe n\u00eb forc\u00eb.<\/p>\n<p>M\u00eb shum\u00eb mund t\u00eb kishim b\u00ebr\u00eb, ndon\u00ebse edhe kaq \u00ebsht\u00eb mjaftuesh\u00ebm p\u00ebr t\u2018i bindur z\u00ebrat grric\u00ebs t\u00eb propagand\u00ebs mbi at\u00eb \u00e7far\u00eb gjejn\u00eb t\u00eb rinjt\u00eb tek Partia Demokratike. An\u00ebtar\u00eb t\u00eb FRPD Vlor\u00eb, nuk i jan\u00eb gjegjur vet\u00ebm thirrjes trash\u00ebgimnore t\u00eb prind\u00ebrve t\u00eb tyre themelues e bashk\u00ebthemelues t\u00eb PD Vlor\u00eb, militant\u00eb e votues demokrat\u00eb, por kan\u00eb gjetur aty der\u00ebn e hapur p\u00ebr bashk\u00ebpunim, mir\u00ebpritjen dhe nevoj\u00ebn p\u00ebr poliitk\u00ebn rinore n\u00eb k\u00ebt\u00eb p\u00ebrleshje t\u00eb Vlor\u00ebs dhe Shqip\u00ebris\u00eb me aksidentin politik t\u00eb m\u00eb shum\u00eb se nj\u00eb dekade. D\u00ebshira jon\u00eb, pasioni dhe ideali, idet\u00eb dhe p\u00ebrkushtimi nuk do t\u00eb mjaftonin p\u00ebr ta realizuar k\u00ebt\u00eb kalendar suksesi pa mb\u00ebshtetjen e pakusht\u00ebzuar t\u00eb Partis\u00eb Demokratike t\u00eb Deg\u00ebs Vlor\u00eb, kryesis\u00eb dhe an\u00ebtar\u00ebsis\u00eb s\u00eb saj. N\u00eb ve\u00e7anti, mir\u00ebnjoh\u00ebs i jemi jo vet\u00ebm nj\u00eb mentori politik, por edhe p\u00ebrkrah\u00ebsit absolut t\u00eb \u00e7do aktiviteti dhe nisme ton\u00ebn, ish-drejtuesit politik t\u00eb qarkut Vlor\u00eb, deputetit Bujar Leskaj, ai q\u00eb hap pas hapi amplifikoi me dashamir\u00ebsi \u00e7do kontribut politik t\u00eb FRPD Vlor\u00eb.<\/p>\n<p>Dhe k\u00ebshtu, ky fundvit i mbyll ndjesit\u00eb me nj\u00eb dualiz\u00ebm mes krenaris\u00eb p\u00ebr gjith\u00eb mund\u00ebm t\u00eb realizojm\u00eb k\u00ebt\u00eb vit brenda gjirit politik t\u00eb Partis\u00eb Demokratike, dhe pesh\u00ebs q\u00eb do t\u00eb vazhdoj\u00eb t\u00eb r\u00ebndoj\u00eb derisa kjo er\u00eb e akullt dimri q\u00eb g\u00ebrryen Vlor\u00ebn dhe Shqip\u00ebrin\u00eb t\u00eb shfarroset nga e tashmja jon\u00eb dhe e ardhmja e brezave q\u00eb do t\u00eb vijn\u00eb.<\/p>\n<p>Ne jemi m\u00eb shum\u00eb se t\u00eb rinj q\u00eb ecin n\u00eb rrug\u00ebn demokrate t\u00eb formimit politik. Ne jemi miq t\u00eb nj\u00eb qyteti q\u00eb ka ditur t\u00eb rris\u00eb njer\u00ebz me virtyte t\u00eb larta njer\u00ebzore dhe talente unike n\u00eb politik\u00eb, kontributor\u00eb t\u00eb par\u00eb n\u00eb historin\u00eb vendi. Ne urojm\u00eb t\u00eb kemi vullnetin dhe fatin t\u00eb jemi t\u00eb till\u00eb. Deri at\u00ebher\u00eb, misioni vazhdon!<\/p>\n<p><img decoding=\"async\" src=\"https:\/\/www.syri.net\/uploads\/syri.net\/images\/2025\/December\/31\/auto_auto_3a334b9b-2cbf-4af4-9049-2e9dd163aa05-1024x6821742726156-11767197856.jpg\" alt=\"FRPD Vlor\u00eb, nga pika zero drejt nj\u00eb misioni q\u00eb vazhdon\" \/><\/p>\n","protected":false},"excerpt":{"rendered":"<p>Nga \u00c7ajup SHEHAJ Kryetar i FRPD Dega Vlor\u00eb Nj\u00eb sh\u00ebnim p\u00ebr an\u00ebtar\u00ebsin\u00eb e FRPD Vlor\u00eb, demokrat\u00eb dashamir\u00ebs, mb\u00ebshtet\u00ebs, v\u00ebzhgues dhe pushtetin q\u00eb po per\u00ebndon! Ritual i zakonsh\u00ebm apo reflektim i ndjer\u00eb, fundviti, me gjas\u00eb, i imponohet filmit t\u00eb nd\u00ebrgjegjes\u00a0s\u00eb gjithsecilit n\u00eb retrospektiv\u00eb, asaj politike p\u00ebrfshir\u00eb. Ndaj dua t\u00eb marr v\u00ebmendjen e cilitdo q\u00eb ka ndjekur &hellip;<\/p>\n","protected":false},"author":4,"featured_media":113478,"comment_status":"closed","ping_status":"closed","sticky":false,"template":"","format":"standard","meta":{"footnotes":""},"categories":[37],"tags":[],"class_list":["post-132400","post","type-post","status-publish","format-standard","has-post-thumbnail","","category-politike"],"_links":{"self":[{"href":"https:\/\/rdnews.al\/index.php\/wp-json\/wp\/v2\/posts\/132400","targetHints":{"allow":["GET"]}}],"collection":[{"href":"https:\/\/rdnews.al\/index.php\/wp-json\/wp\/v2\/posts"}],"about":[{"href":"https:\/\/rdnews.al\/index.php\/wp-json\/wp\/v2\/types\/post"}],"author":[{"embeddable":true,"href":"https:\/\/rdnews.al\/index.php\/wp-json\/wp\/v2\/users\/4"}],"replies":[{"embeddable":true,"href":"https:\/\/rdnews.al\/index.php\/wp-json\/wp\/v2\/comments?post=132400"}],"version-history":[{"count":1,"href":"https:\/\/rdnews.al\/index.php\/wp-json\/wp\/v2\/posts\/132400\/revisions"}],"predecessor-version":[{"id":132401,"href":"https:\/\/rdnews.al\/index.php\/wp-json\/wp\/v2\/posts\/132400\/revisions\/132401"}],"wp:featuredmedia":[{"embeddable":true,"href":"https:\/\/rdnews.al\/index.php\/wp-json\/wp\/v2\/media\/113478"}],"wp:attachment":[{"href":"https:\/\/rdnews.al\/index.php\/wp-json\/wp\/v2\/media?parent=132400"}],"wp:term":[{"taxonomy":"category","embeddable":true,"href":"https:\/\/rdnews.al\/index.php\/wp-json\/wp\/v2\/categories?post=132400"},{"taxonomy":"post_tag","embeddable":true,"href":"https:\/\/rdnews.al\/index.php\/wp-json\/wp\/v2\/tags?post=132400"}],"curies":[{"name":"wp","href":"https:\/\/api.w.org\/{rel}","templated":true}]}}