{"id":132422,"date":"2026-01-02T21:43:45","date_gmt":"2026-01-02T21:43:45","guid":{"rendered":"https:\/\/rdnews.al\/?p=132422"},"modified":"2026-01-02T21:43:45","modified_gmt":"2026-01-02T21:43:45","slug":"kryengritja-ne-iran-kunder-regjimit-ne-diten-e-gjashte","status":"publish","type":"post","link":"https:\/\/rdnews.al\/index.php\/2026\/01\/02\/kryengritja-ne-iran-kunder-regjimit-ne-diten-e-gjashte\/","title":{"rendered":"Kryengritja n\u00eb Iran kund\u00ebr regjimit n\u00eb dit\u00ebn e gjasht\u00eb"},"content":{"rendered":"<p>Kryengritja kund\u00ebr regjimit n\u00eb Iran, tashm\u00eb n\u00eb dit\u00ebn e saj t\u00eb gjasht\u00eb m\u00eb 2 janar 2026, po p\u00ebrshkall\u00ebzohet me p\u00ebrplasje t\u00eb dhunshme, greva dhe sulme t\u00eb drejtp\u00ebrdrejta ndaj simboleve t\u00eb regjimit n\u00eb shum\u00eb qytete.<\/p>\n<p>Ajo q\u00eb nisi si protesta ekonomike p\u00ebr shkak t\u00eb kolapsit t\u00eb monedh\u00ebs, \u00ebsht\u00eb shnd\u00ebrruar n\u00eb nj\u00eb rebelim t\u00eb gjer\u00eb popullor me thirrje \u201cVdekje Khameneit\u201d dhe k\u00ebrkesa t\u00eb hapura p\u00ebr p\u00ebrmbysjen e regjimit t\u00eb mullah\u00ebve.<\/p>\n<p>T\u00eb pakt\u00ebn dy protestues u vran\u00eb nga zjarri i drejtp\u00ebrdrejt\u00eb n\u00eb Lordegan m\u00eb 1 Janar, ku demonstruesit sulmuan dhe d\u00ebmtuan r\u00ebnd\u00eb nd\u00ebrtesat qeveritare, p\u00ebrfshir\u00eb zyr\u00ebn e guvernatorit dhe institucionet e drejt\u00ebsis\u00eb.<\/p>\n<p>N\u00eb Marvdasht, t\u00eb rinjt\u00eb i vun\u00eb flak\u00ebn automjeteve t\u00eb forcave t\u00eb siguris\u00eb, p\u00ebrball\u00eb p\u00ebrdorimit t\u00eb topave t\u00eb ujit dhe gazit lotsjell\u00ebs. Tregu i madh i frutave dhe perimeve n\u00eb Teheran iu bashkua grevave mbar\u00ebkomb\u00ebtare, duke paralizuar zinxhir\u00ebt e furnizimit, nd\u00ebrsa protestat u p\u00ebrhap\u00ebn n\u00eb Kermanshah, Delfan, Arak dhe universitete t\u00eb ndryshme.<\/p>\n<p>Maryam Rajavi, presidente e zgjedhur e K\u00ebshillit Komb\u00ebtar t\u00eb Rezistenc\u00ebs s\u00eb Iranit (NCRI), l\u00ebshoi nj\u00eb deklarat\u00eb t\u00eb fuqishme duke nderuar martir\u00ebt:<\/p>\n<p><em>\u201cDit\u00ebn e pest\u00eb t\u00eb protestave mbar\u00ebkomb\u00ebtare t\u00eb popullit iranian, p\u00ebrsh\u00ebndes martir\u00ebt e r\u00ebn\u00eb t\u00eb Fooladshahr-it dhe Lordegan-it, bij trima t\u00eb Iranit, t\u00eb cil\u00ebt me gjakun e tyre t\u00eb past\u00ebr u shnd\u00ebrruan n\u00eb yje udh\u00ebrr\u00ebfyes p\u00ebr rinin\u00eb kryengrit\u00ebse n\u00eb luft\u00ebn e saj p\u00ebr liri.\u201d<\/em><br \/>\nAjo shtoi se kryengritja \u201csinjalizon vendosm\u00ebrin\u00eb e popullit iranian p\u00ebr t\u2019u \u00e7liruar nga tirania fetare\u201d dhe parashikoi se regjimi \u201c\u00ebsht\u00eb i d\u00ebnuar t\u00eb rr\u00ebzohet nga populli i ngritur dhe rinia kryengrit\u00ebse\u201d.<\/p>\n<p>Kjo p\u00ebrb\u00ebn sfid\u00ebn m\u00eb t\u00eb q\u00ebndrueshme ndaj regjimit q\u00eb nga viti 2022, duke t\u00ebrhequr v\u00ebmendje nd\u00ebrkomb\u00ebtare \u2013 p\u00ebrfshir\u00eb paralajm\u00ebrime nga SHBA kund\u00ebr p\u00ebrdorimit t\u00eb forc\u00ebs vdekjeprur\u00ebse.<\/p>\n<p>Me pamje t\u00eb qytetar\u00ebve q\u00eb p\u00ebrballen me municion t\u00eb v\u00ebrtet\u00eb dhe burime opozitare q\u00eb ofrojn\u00eb p\u00ebrdit\u00ebsime n\u00eb koh\u00eb reale, kjo ngjarje ofron pamje t\u00eb fuqishme, dimensione t\u00eb forta t\u00eb t\u00eb drejtave t\u00eb njeriut dhe pasoja gjeopolitike.<\/p>\n","protected":false},"excerpt":{"rendered":"<p>Kryengritja kund\u00ebr regjimit n\u00eb Iran, tashm\u00eb n\u00eb dit\u00ebn e saj t\u00eb gjasht\u00eb m\u00eb 2 janar 2026, po p\u00ebrshkall\u00ebzohet me p\u00ebrplasje t\u00eb dhunshme, greva dhe sulme t\u00eb drejtp\u00ebrdrejta ndaj simboleve t\u00eb regjimit n\u00eb shum\u00eb qytete. Ajo q\u00eb nisi si protesta ekonomike p\u00ebr shkak t\u00eb kolapsit t\u00eb monedh\u00ebs, \u00ebsht\u00eb shnd\u00ebrruar n\u00eb nj\u00eb rebelim t\u00eb gjer\u00eb popullor me &hellip;<\/p>\n","protected":false},"author":3,"featured_media":132423,"comment_status":"closed","ping_status":"closed","sticky":false,"template":"","format":"standard","meta":{"footnotes":""},"categories":[38],"tags":[],"class_list":["post-132422","post","type-post","status-publish","format-standard","has-post-thumbnail","","category-bota"],"_links":{"self":[{"href":"https:\/\/rdnews.al\/index.php\/wp-json\/wp\/v2\/posts\/132422","targetHints":{"allow":["GET"]}}],"collection":[{"href":"https:\/\/rdnews.al\/index.php\/wp-json\/wp\/v2\/posts"}],"about":[{"href":"https:\/\/rdnews.al\/index.php\/wp-json\/wp\/v2\/types\/post"}],"author":[{"embeddable":true,"href":"https:\/\/rdnews.al\/index.php\/wp-json\/wp\/v2\/users\/3"}],"replies":[{"embeddable":true,"href":"https:\/\/rdnews.al\/index.php\/wp-json\/wp\/v2\/comments?post=132422"}],"version-history":[{"count":1,"href":"https:\/\/rdnews.al\/index.php\/wp-json\/wp\/v2\/posts\/132422\/revisions"}],"predecessor-version":[{"id":132424,"href":"https:\/\/rdnews.al\/index.php\/wp-json\/wp\/v2\/posts\/132422\/revisions\/132424"}],"wp:featuredmedia":[{"embeddable":true,"href":"https:\/\/rdnews.al\/index.php\/wp-json\/wp\/v2\/media\/132423"}],"wp:attachment":[{"href":"https:\/\/rdnews.al\/index.php\/wp-json\/wp\/v2\/media?parent=132422"}],"wp:term":[{"taxonomy":"category","embeddable":true,"href":"https:\/\/rdnews.al\/index.php\/wp-json\/wp\/v2\/categories?post=132422"},{"taxonomy":"post_tag","embeddable":true,"href":"https:\/\/rdnews.al\/index.php\/wp-json\/wp\/v2\/tags?post=132422"}],"curies":[{"name":"wp","href":"https:\/\/api.w.org\/{rel}","templated":true}]}}