{"id":132426,"date":"2026-01-03T09:41:44","date_gmt":"2026-01-03T09:41:44","guid":{"rendered":"https:\/\/rdnews.al\/?p=132426"},"modified":"2026-01-03T09:41:44","modified_gmt":"2026-01-03T09:41:44","slug":"kunder-berishes-pro-ballukut-gjyqtaret-kushtetues-qe-ndryshuan-voten-sipas-emrit-mbi-dosje","status":"publish","type":"post","link":"https:\/\/rdnews.al\/index.php\/2026\/01\/03\/kunder-berishes-pro-ballukut-gjyqtaret-kushtetues-qe-ndryshuan-voten-sipas-emrit-mbi-dosje\/","title":{"rendered":"Kund\u00ebr Berish\u00ebs, pro Ballukut, gjyqtar\u00ebt kushtetues q\u00eb ndryshuan vot\u00ebn sipas emrit mbi dosje"},"content":{"rendered":"<p>Nga\u00a0<strong>Boldnews.al<\/strong><\/p>\n<p>Gjykata Kushtetuese tregoi me rastin e \u201cBelinda Ballukut\u201d se nuk e ka aspak problem q\u00eb ta b\u00ebj\u00eb \u201ct\u00eb zez\u00ebn t\u00eb bardh\u00eb\u201d dhe \u201ct\u00eb bardh\u00ebn t\u00eb zez\u00eb\u201d, n\u00eb var\u00ebsi t\u00eb emrit q\u00eb i vendoset n\u00eb tavolin\u00eb.<\/p>\n<p>Vendimi p\u00ebr kalimin n\u00eb shqyrtim t\u00eb ankimit t\u00eb kryeministrit Edi Rama p\u00ebr pezullimin nga detyra t\u00eb z\u00ebvend\u00ebses s\u00eb tij nga Gjykata e Posa\u00e7me, e shoq\u00ebruar me verdiktin q\u00eb Balluku t\u00eb rikthehet n\u00eb zyr\u00eb, vjen t\u00ebr\u00ebsisht n\u00eb t\u00eb kund\u00ebrt t\u00eb asaj q\u00eb, e nj\u00ebjta trup\u00eb gjyq\u00ebsore, vendosi m\u00eb her\u00ebt p\u00ebr rastin \u201cSali Berisha\u201d.<\/p>\n<p>N\u00eb nj\u00eb votim t\u00eb ndar\u00eb 5-3, Kushtetuesja votoi n\u00eb favor t\u00eb dyshes \u201cRama-Balluku\u201d p\u00ebr heqjen e pezullimit nga detyra. Por, n\u00eb nj\u00eb votim tjet\u00ebr, 6-2, Gjykata vendosi kalimin n\u00eb seanc\u00eb plenare. Nd\u00ebr gjasht\u00eb gjyqtar\u00ebt q\u00eb votuan p\u00ebr k\u00ebt\u00eb variant, plot 5 prej tyre kan\u00eb ndryshuar t\u00ebr\u00ebsisht q\u00ebndrimin, krahasuar me \u00e7\u00ebshtjen e Berish\u00ebs.<\/p>\n<p>Pro rikthimit n\u00eb detyr\u00eb t\u00eb Ballukut dhe kalimit n\u00eb seanc\u00eb plenare votuan gjyqtar\u00ebt:\u00a0<strong><em>Fiona Papajorgji, Marjana Semini, Sonila Bejtja, Gent Ibrahimi, Sand\u00ebr Beci dhe Ilir Toska.<\/em><\/strong><\/p>\n<p>Gjithashtu, edhe gjyqtari\u00a0<strong><em>Ilir Toska<\/em><\/strong>\u00a0rezulton se ka ndryshuar q\u00ebndrimin, krahasuar me rastin \u201cBerisha\u201d, duke votuar q\u00eb \u00e7\u00ebshtja \u201cBalluku\u201d t\u00eb kaloj\u00eb n\u00eb seanc\u00eb gjyq\u00ebsore. Ky q\u00ebndrim i Tosk\u00ebs kuptohet n\u00eb m\u00ebnyr\u00eb indirekte.<\/p>\n<p>Gjykata Kushtetuese, p\u00ebr momentin, ka publikuar vet\u00ebm vendimin q\u00eb heq pezullimin nga detyra t\u00eb Belinda Ballukut, por jo vendimin p\u00ebr \u201ckalimin n\u00eb seanc\u00eb gjyq\u00ebsore\u201d.<\/p>\n<p>\u201cPezullimi i pezullimit\u201d t\u00eb Ballukut \u00ebsht\u00eb ndar\u00eb 5-3. Tek opinioni i pakic\u00ebs, n\u00eb paragrafin e fundit, thuhet:\u00a0<em>\u201cP\u00ebrve\u00e7 sa m\u00eb sip\u00ebr,\u00a0<u>ne, gjyqtar\u00ebt Marsida Xhaferllari dhe Asim Vokshi, \u00e7mojm\u00eb se vendimet gjyq\u00ebsore nuk duhet t\u00eb ishin pezulluar edhe p\u00ebr faktin se jemi kund\u00ebr kalimit t\u00eb \u00e7\u00ebshtjes p\u00ebr shqyrtim n\u00eb seanc\u00eb plenare, me argumentin se nuk plot\u00ebsohen kriteret paraprake t\u00eb pranueshm\u00ebris\u00eb<\/u><\/em><u>\u201d.<\/u><\/p>\n<p>Nga ky shpjegim i detajuar, kuptohet qart\u00ebsisht q\u00eb vet\u00ebm Xhafarllari dhe Vokshi kan\u00eb qen\u00eb kund\u00ebr kalimit n\u00eb seanc\u00eb gjyq\u00ebsore t\u00eb \u00e7\u00ebshtjes \u201cBalluku\u201d, nd\u00ebrkoh\u00eb q\u00eb gjyqtari Ilir Toska ka votuar pro-kalimit n\u00eb seanc\u00eb gjyq\u00ebsore, nj\u00eb q\u00ebndrim t\u00ebr\u00ebsisht i kund\u00ebr nga ana e tij, me at\u00eb t\u00eb k\u00ebrkes\u00ebs s\u00eb 1\/5 s\u00eb deputet\u00ebve p\u00ebr ankimin ndaj vendimit t\u00eb Berish\u00ebs.<\/p>\n<p>Nga kjo gjasht\u00ebshe gjyqtar\u00ebsh, vet\u00ebm\u00a0<strong><em>Sonila Bejtja<\/em><\/strong>\u00a0rezulton q\u00eb ka mbajtur t\u00eb nj\u00ebjtin q\u00ebndrim edhe n\u00eb rastin \u201cBerisha\u201d, duke mb\u00ebshtetur q\u00ebndrimin se t\u00eb dy rastet duhet t\u00eb shqyrtoheshin n\u00eb themel. Nd\u00ebrsa kat\u00ebr t\u00eb tjer\u00ebt kan\u00eb votuar kund\u00ebr \u201cBerish\u00ebs\u201d n\u00eb dhjetor t\u00eb vitit 2023 dhe pro \u201cBallukut\u201d n\u00eb dhjetor 2025, p\u00ebrball\u00eb nj\u00eb situate q\u00eb ishte t\u00ebr\u00ebsisht e nj\u00ebjta.<\/p>\n<p><strong>Paralelet mes rasteve \u201cBerisha\u201d e \u201cBalluku\u201d<\/strong><\/p>\n<p>Nd\u00ebrmjet rastit t\u00eb kryetarit t\u00eb Partis\u00eb Demokratike, Sali Berisha dhe zv.kryeministres e ministres s\u00eb Infrastruktur\u00ebs, Belinda Balluku, ka shum\u00eb vija paralele.<\/p>\n<p>T\u00eb dy kan\u00eb mandatin e deputetit. T\u00eb dy, n\u00eb koh\u00eb t\u00eb ndryshme, jan\u00eb p\u00ebrballur me vendimet e Gjykat\u00ebs s\u00eb Posa\u00e7me p\u00ebr \u201cpezullim nga detyra\u201d dhe \u201cndalim t\u00eb daljes jasht\u00eb shtetit\u201d.<\/p>\n<p>Kund\u00ebr mas\u00ebs ndaj t\u00eb dyve, si Berish\u00ebs, ashtu edhe Ballukut, \u00ebsht\u00eb dor\u00ebzuar ankim n\u00eb Gjykat\u00ebn Kushtetuese nga subjekte q\u00eb jan\u00eb t\u00eb legjitimuar t\u00eb v\u00ebn\u00eb n\u00eb l\u00ebvizje at\u00eb gjykat\u00eb.<\/p>\n<p>P\u00ebr Berish\u00ebn, u investua nj\u00eb e pesta e deputet\u00ebve, nd\u00ebrsa p\u00ebr Ballukun, kryeministri.<\/p>\n<p>N\u00eb Tetor t\u00eb vitit 2023, Gjykata e Posa\u00e7me Kund\u00ebr Krimit t\u00eb Organizuar dhe Korrupsionit (GJKKO) vendosi masat e sigurimit p\u00ebr deputetin Sali Berisha.<\/p>\n<p>Nj\u00eb e pesta e deputet\u00ebve e ankimoi k\u00ebt\u00eb vendim n\u00eb Gjykat\u00ebn Kushtetuese, duke k\u00ebrkuar shfuqizimin e saj, pasi nuk ishte marr\u00eb m\u00eb par\u00eb autorizimi nga Parlamenti.<\/p>\n<p>Gjykata Kushtetuese, me vendimin 273, dt. 20.12.2023, vendosi \u201c<strong><em>moskalimin e \u00e7\u00ebshtjes n\u00eb seanc\u00eb plenare<\/em><\/strong>\u201d, pas nj\u00eb votim 8-1. Ky vendim u miratua me votat e gjyqtar\u00ebve\u00a0<em>Holta Za\u00e7aj (kryetare), Marsida Xhaferllari, Elsa Toska,<strong>\u00a0Sand\u00ebr Beci,\u00a0<\/strong>Ilir Toska,<strong>\u00a0Gent Ibrahimi, Marjana Semini\u00a0<\/strong><\/em>dhe<strong><em>\u00a0Fiona Papajorgji<\/em><\/strong>.<\/p>\n<p>Ata vendos\u00ebn q\u00eb nj\u00eb e pesta e deputet\u00ebve, megjith\u00ebse \u00ebsht\u00eb p\u00ebrcaktuar si subjekt kushtetues, nuk legjitimohej t\u00eb vinte n\u00eb l\u00ebvizje Gjykat\u00ebn Kushtetueses.<\/p>\n<p>N\u00eb grupin e shumic\u00ebs \u00ebsht\u00eb edhe gjyqtarja\u00a0<strong>Sonila Bejtja<\/strong>. Kjo e fundit i ka q\u00ebndruar t\u00eb nj\u00ebjtit standard q\u00eb ka mbajtur edhe n\u00eb \u00e7\u00ebshtjen e kryedemokratit, Sali Berisha. N\u00eb vler\u00ebsimin e saj, t\u00eb dyja dosjet do t\u00eb duhej q\u00eb t\u00eb merreshin n\u00eb shqyrtim n\u00eb themel. Kat\u00ebr gjyqtar\u00ebt e tjer\u00eb, t\u00eb cil\u00ebt m\u00eb her\u00ebt, n\u00eb dhjetor t\u00eb vitit 2023, kan\u00eb votuar p\u00ebr moskalimin e \u00e7\u00ebshtjes \u201cBerisha\u201d n\u00eb themel, tashm\u00eb kan\u00eb ndryshuar t\u00ebr\u00ebsisht q\u00ebndrimin e tyre, duke vendosur q\u00eb ankimi i Edi Ram\u00ebs p\u00ebr z\u00ebvend\u00ebsen e tij, t\u00eb kaloj n\u00eb shqyrtim.<\/p>\n<p>S\u00eb fundmi, Gjykata Kushtetuese u p\u00ebrball me nj\u00eb situat\u00eb t\u00ebr\u00ebsisht t\u00eb ngjashme. Kryeministri Rama ka bazuar ankimin e tij p\u00ebr Ballukun, duke u mb\u00ebshtetur n\u00eb t\u00eb nj\u00ebjtin parashikim kushtetues q\u00eb p\u00ebrdori nj\u00eb e pesta e deputet\u00ebve p\u00ebr t\u2019u ankuar p\u00ebr Berish\u00ebn.<\/p>\n<p>Logjikisht, Gjykata Kushtetuese duhet t\u00eb mbante t\u00eb nj\u00ebjtin q\u00ebndrim, pasi roli, pozita dhe funksionaliteti i saj \u00ebsht\u00eb pik\u00ebrisht vendosj dhe mbrojtja me rigorozitet maksimal t\u00eb standardeve t\u00eb saj dhe t\u00eb themeleve t\u00eb Shtetit.<\/p>\n<p>\u201c\u00c7\u00ebshtja Balluku\u201d u shqyrtua thuajse nga t\u00eb nj\u00ebjt\u00ebt gjyqtar\u00eb q\u00eb trajtuan edhe k\u00ebrkes\u00ebn e nj\u00eb t\u00eb pest\u00ebs s\u00eb deputet\u00ebve p\u00ebr \u201crastin Berisha\u201d.<\/p>\n<p>Por, p\u00ebrball\u00eb emrit t\u00eb zv.kryeministres dhe \u201cinvestimit\u201d t\u00ebr\u00ebsisht personal t\u00eb kryeministrit, trupa gjykuese kushtetuese mori nj\u00eb kthes\u00eb thuajse 180 grad\u00eb. Shumica prej tyre i pozicionuan velat nga frynte era e Edi Ram\u00ebs, duke ndryshuar t\u00ebr\u00ebsisht qasje, n\u00eb munges\u00eb totale t\u00eb skrupujve.<\/p>\n","protected":false},"excerpt":{"rendered":"<p>Nga\u00a0Boldnews.al Gjykata Kushtetuese tregoi me rastin e \u201cBelinda Ballukut\u201d se nuk e ka aspak problem q\u00eb ta b\u00ebj\u00eb \u201ct\u00eb zez\u00ebn t\u00eb bardh\u00eb\u201d dhe \u201ct\u00eb bardh\u00ebn t\u00eb zez\u00eb\u201d, n\u00eb var\u00ebsi t\u00eb emrit q\u00eb i vendoset n\u00eb tavolin\u00eb. Vendimi p\u00ebr kalimin n\u00eb shqyrtim t\u00eb ankimit t\u00eb kryeministrit Edi Rama p\u00ebr pezullimin nga detyra t\u00eb z\u00ebvend\u00ebses s\u00eb tij &hellip;<\/p>\n","protected":false},"author":4,"featured_media":132427,"comment_status":"closed","ping_status":"closed","sticky":false,"template":"","format":"standard","meta":{"footnotes":""},"categories":[37],"tags":[],"class_list":["post-132426","post","type-post","status-publish","format-standard","has-post-thumbnail","","category-politike"],"_links":{"self":[{"href":"https:\/\/rdnews.al\/index.php\/wp-json\/wp\/v2\/posts\/132426","targetHints":{"allow":["GET"]}}],"collection":[{"href":"https:\/\/rdnews.al\/index.php\/wp-json\/wp\/v2\/posts"}],"about":[{"href":"https:\/\/rdnews.al\/index.php\/wp-json\/wp\/v2\/types\/post"}],"author":[{"embeddable":true,"href":"https:\/\/rdnews.al\/index.php\/wp-json\/wp\/v2\/users\/4"}],"replies":[{"embeddable":true,"href":"https:\/\/rdnews.al\/index.php\/wp-json\/wp\/v2\/comments?post=132426"}],"version-history":[{"count":1,"href":"https:\/\/rdnews.al\/index.php\/wp-json\/wp\/v2\/posts\/132426\/revisions"}],"predecessor-version":[{"id":132428,"href":"https:\/\/rdnews.al\/index.php\/wp-json\/wp\/v2\/posts\/132426\/revisions\/132428"}],"wp:featuredmedia":[{"embeddable":true,"href":"https:\/\/rdnews.al\/index.php\/wp-json\/wp\/v2\/media\/132427"}],"wp:attachment":[{"href":"https:\/\/rdnews.al\/index.php\/wp-json\/wp\/v2\/media?parent=132426"}],"wp:term":[{"taxonomy":"category","embeddable":true,"href":"https:\/\/rdnews.al\/index.php\/wp-json\/wp\/v2\/categories?post=132426"},{"taxonomy":"post_tag","embeddable":true,"href":"https:\/\/rdnews.al\/index.php\/wp-json\/wp\/v2\/tags?post=132426"}],"curies":[{"name":"wp","href":"https:\/\/api.w.org\/{rel}","templated":true}]}}