{"id":132434,"date":"2026-01-03T09:58:16","date_gmt":"2026-01-03T09:58:16","guid":{"rendered":"https:\/\/rdnews.al\/?p=132434"},"modified":"2026-01-03T09:58:41","modified_gmt":"2026-01-03T09:58:41","slug":"pollo-be-i-jep-ukraines-e-moldavise-roaming-si-ne-shtepi-shqiperia-ende-ndoshta-e-shpjegon-rama-pse","status":"publish","type":"post","link":"https:\/\/rdnews.al\/index.php\/2026\/01\/03\/pollo-be-i-jep-ukraines-e-moldavise-roaming-si-ne-shtepi-shqiperia-ende-ndoshta-e-shpjegon-rama-pse\/","title":{"rendered":"Pollo: BE i jep Ukrain\u00ebs e Moldavis\u00eb &#8220;roaming si n\u00eb sht\u00ebpi&#8221;, Shqip\u00ebria ende, ndoshta e shpjegon Rama, pse?"},"content":{"rendered":"<p>Presidenti i Paneuropa-Shqip\u00ebri, Genc Pollo, ka reaguar sot pas vendimit t\u00eb Bashkimit Europian p\u00ebr t\u2019i akorduar Ukrain\u00ebs dhe Moldavis\u00eb regjimin \u2018roaming like at home\u2019, q\u00eb u mund\u00ebson qytetar\u00ebve t\u00eb p\u00ebrdorin internetin dhe thirrjet telefonike me t\u00eb nj\u00ebjtat tarifa si n\u00eb vendin e tyre.<\/p>\n<p>Pollo p\u00ebrg\u00ebzon pal\u00ebt p\u00ebr k\u00ebt\u00eb hap, duke theksuar se masa \u00ebsht\u00eb konkrete dhe e ndjeshme p\u00ebr qytetar\u00ebt. Megjithat\u00eb, ai ngriti shqet\u00ebsimin se Ballkani Per\u00ebndimor, ndon\u00ebse me popullsi m\u00eb t\u00eb vog\u00ebl se Ukraina dhe gjeografikisht m\u00eb pran\u00eb qendr\u00ebs s\u00eb Europ\u00ebs, vijon t\u00eb mos e ket\u00eb p\u00ebrmbushur k\u00ebt\u00eb premtim.<\/p>\n<p><strong>Reagimi i Genc Pollos<\/strong><\/p>\n<p>Bashkimi Europian i akordoi sot Ukrain\u00ebs e Moldavis\u00eb roaming normal (aq sa kushton interneti e thirrjet n\u00eb vend; i njohur anglisht si \u2018roaming like at home\u2019). P\u00ebrg\u00ebzime t\u00eb t\u00ebra pal\u00ebve.<\/p>\n<p>Por Ballkani Per\u00ebndimor, me popullsi m\u00eb pak se gjysma e Ukrain\u00ebs e gjeografikisht m\u00eb pran\u00eb qendr\u00ebs s\u00eb Europ\u00ebs ende nuk e sheh t\u00eb p\u00ebrmbushur k\u00ebt\u00eb premtim.<\/p>\n<p>Pse? Ndoshta e shpjegon Rama n\u00eb bised\u00eb me median mbasi t\u00eb mbarojn\u00eb pyetjet p\u00ebr Ballukun e Kar\u00e7anajn. Ose ndonj\u00eb Komisionere Zgjerimi mbasi t\u00eb k\u00ebpus\u00eb ndonj\u00eb bro\u00e7kull p\u00ebr \u2018free and fair elections\u2019.<\/p>\n<p>N\u00eb fakt hapa si \u2018roamingu normal\u2019 jan\u00eb hapa realiste t\u00eb integrimit t\u00eb Shqip\u00ebris\u00eb\/ Ballkanit Per\u00ebndimor n\u00eb BE dhe t\u00eb ndjeshme p\u00ebr \u00e7do qytetar.<\/p>\n<p>Mbyllja e kapitujve t\u00eb negociimit n\u00eb vitin 2027 e an\u00ebtar\u00ebsimi n\u00eb BE n\u00eb vitin 2030 jan\u00eb (le t\u00eb evitojm\u00eb shprehjen \u2018bro\u00e7kull\u2019) jorealiste p\u00ebr shum\u00eb arsye. Duke filluar nga statusi \u2018RAK\u2019 (regjimi autoritar e kleptokratik) i Ram\u00ebs e i Vu\u00e7i\u00e7it.<\/p>\n<p>Prandaj hapat konkret\u00eb me pasoja pozitive e t\u00eb ndjeshme n\u00eb p\u00ebrditshm\u00ebri jan\u00eb t\u00eb dobishme. Krahas SEPA-s (tarifa minimale bankare p\u00ebr pagesat me eurozon\u00ebn) roamingu normal do t\u00eb ishte shembull konkret pozitiv.<\/p>\n","protected":false},"excerpt":{"rendered":"<p>Presidenti i Paneuropa-Shqip\u00ebri, Genc Pollo, ka reaguar sot pas vendimit t\u00eb Bashkimit Europian p\u00ebr t\u2019i akorduar Ukrain\u00ebs dhe Moldavis\u00eb regjimin \u2018roaming like at home\u2019, q\u00eb u mund\u00ebson qytetar\u00ebve t\u00eb p\u00ebrdorin internetin dhe thirrjet telefonike me t\u00eb nj\u00ebjtat tarifa si n\u00eb vendin e tyre. Pollo p\u00ebrg\u00ebzon pal\u00ebt p\u00ebr k\u00ebt\u00eb hap, duke theksuar se masa \u00ebsht\u00eb konkrete &hellip;<\/p>\n","protected":false},"author":4,"featured_media":8020,"comment_status":"closed","ping_status":"closed","sticky":false,"template":"","format":"standard","meta":{"footnotes":""},"categories":[37],"tags":[],"class_list":["post-132434","post","type-post","status-publish","format-standard","has-post-thumbnail","","category-politike"],"_links":{"self":[{"href":"https:\/\/rdnews.al\/index.php\/wp-json\/wp\/v2\/posts\/132434","targetHints":{"allow":["GET"]}}],"collection":[{"href":"https:\/\/rdnews.al\/index.php\/wp-json\/wp\/v2\/posts"}],"about":[{"href":"https:\/\/rdnews.al\/index.php\/wp-json\/wp\/v2\/types\/post"}],"author":[{"embeddable":true,"href":"https:\/\/rdnews.al\/index.php\/wp-json\/wp\/v2\/users\/4"}],"replies":[{"embeddable":true,"href":"https:\/\/rdnews.al\/index.php\/wp-json\/wp\/v2\/comments?post=132434"}],"version-history":[{"count":2,"href":"https:\/\/rdnews.al\/index.php\/wp-json\/wp\/v2\/posts\/132434\/revisions"}],"predecessor-version":[{"id":132436,"href":"https:\/\/rdnews.al\/index.php\/wp-json\/wp\/v2\/posts\/132434\/revisions\/132436"}],"wp:featuredmedia":[{"embeddable":true,"href":"https:\/\/rdnews.al\/index.php\/wp-json\/wp\/v2\/media\/8020"}],"wp:attachment":[{"href":"https:\/\/rdnews.al\/index.php\/wp-json\/wp\/v2\/media?parent=132434"}],"wp:term":[{"taxonomy":"category","embeddable":true,"href":"https:\/\/rdnews.al\/index.php\/wp-json\/wp\/v2\/categories?post=132434"},{"taxonomy":"post_tag","embeddable":true,"href":"https:\/\/rdnews.al\/index.php\/wp-json\/wp\/v2\/tags?post=132434"}],"curies":[{"name":"wp","href":"https:\/\/api.w.org\/{rel}","templated":true}]}}