{"id":132437,"date":"2026-01-03T10:05:59","date_gmt":"2026-01-03T10:05:59","guid":{"rendered":"https:\/\/rdnews.al\/?p=132437"},"modified":"2026-01-03T10:05:59","modified_gmt":"2026-01-03T10:05:59","slug":"kaos-dhe-aksidente-ne-rrugen-e-kombit-gjekmarkaj-qeveria-ka-deshtuar-ne-sigurine-publike","status":"publish","type":"post","link":"https:\/\/rdnews.al\/index.php\/2026\/01\/03\/kaos-dhe-aksidente-ne-rrugen-e-kombit-gjekmarkaj-qeveria-ka-deshtuar-ne-sigurine-publike\/","title":{"rendered":"Kaos dhe aksidente n\u00eb Rrug\u00ebn e Kombit, Gjekmarkaj: Qeveria ka d\u00ebshtuar n\u00eb sigurin\u00eb publike!"},"content":{"rendered":"<div class=\"readmore-text-here\">\n<p>Deputeti i PD, Agron Gjekmarkaj shkruan se n\u00eb rrug\u00ebn e Kombit nuk \u00ebsht\u00eb marr\u00eb asnj\u00eb mas\u00eb parandaluese, si hedhja e krip\u00ebs, p\u00ebr t\u00eb shmangur aksidentet, nd\u00ebrsa zona e veriut \u00ebsht\u00eb p\u00ebrfshir\u00eb nga moti i keq me d\u00ebbor\u00eb.<\/p>\n<p>N\u00eb nj\u00eb reagim, ai shprehet se, ndon\u00ebse pritej moti i keq, autoritetet nuk kan\u00eb vepruar. Gjekmarkaj akuzon qeverin\u00eb se ka d\u00ebshtuar n\u00eb sigurin\u00eb publike.<\/p>\n<p>\u201cPartia Demokratike denoncon me forc\u00eb pap\u00ebrgjegjshm\u00ebrin\u00eb e plot\u00eb t\u00eb institucioneve shtet\u00ebrore, t\u00eb cilat, edhe pse ishin t\u00eb paralajm\u00ebruara p\u00ebr motin e keq, nuk mor\u00ebn asnj\u00eb mas\u00eb parandaluese n\u00eb Rrug\u00ebn e Kombit. Moshedhja e krip\u00ebs dhe neglizhenca e plot\u00eb e qeveris\u00eb kan\u00eb sjell\u00eb kaos n\u00eb qarkullim dhe nj\u00eb num\u00ebr alarmant aksidentesh, duke v\u00ebn\u00eb n\u00eb rrezik serioz jet\u00ebn e qytetar\u00ebve.<\/p>\n<p><img decoding=\"async\" src=\"https:\/\/www.syri.net\/uploads\/syri.net\/images\/2026\/January\/02\/auto_611065814_1186659880311827_5911902992613193008_n1767351281.jpg\" alt=\"Image\" \/><\/p>\n<p>Kjo \u00ebsht\u00eb nj\u00eb tjet\u00ebr prov\u00eb e d\u00ebshtimit t\u00eb qeveris\u00eb p\u00ebr t\u00eb garantuar sigurin\u00eb publike dhe e arroganc\u00ebs s\u00eb nj\u00eb pushteti q\u00eb ka braktisur qytetar\u00ebt e tij. Partia Demokratike i k\u00ebrkon institucioneve p\u00ebrgjegj\u00ebse t\u00eb veprojn\u00eb menj\u00ebher\u00eb dhe t\u00eb marrin p\u00ebrgjegj\u00ebsi p\u00ebr pasojat e k\u00ebsaj pap\u00ebrgjegjshm\u00ebrie.<\/p>\n<p>N\u00eb em\u00ebr t\u00eb Partis\u00eb Demokratike, u b\u00ebjm\u00eb thirrje qytetar\u00ebve t\u00eb tregojn\u00eb kujdes maksimal, pasi qeveria ka treguar edhe nj\u00eb her\u00eb se \u00ebsht\u00eb e paaft\u00eb dhe e pavullnetshme p\u00ebr t\u00eb p\u00ebrmbushur detyrimet e saj m\u00eb minimale ndaj siguris\u00eb s\u00eb qytetar\u00ebve!\u201d, shkruan deputeti.<\/p>\n<p>&nbsp;<\/p>\n<\/div>\n<div id=\"rekl-45\"><\/div>\n<div id=\"rekl-16\"><\/div>\n<div id=\"rekl-33\"><\/div>\n","protected":false},"excerpt":{"rendered":"<p>Deputeti i PD, Agron Gjekmarkaj shkruan se n\u00eb rrug\u00ebn e Kombit nuk \u00ebsht\u00eb marr\u00eb asnj\u00eb mas\u00eb parandaluese, si hedhja e krip\u00ebs, p\u00ebr t\u00eb shmangur aksidentet, nd\u00ebrsa zona e veriut \u00ebsht\u00eb p\u00ebrfshir\u00eb nga moti i keq me d\u00ebbor\u00eb. N\u00eb nj\u00eb reagim, ai shprehet se, ndon\u00ebse pritej moti i keq, autoritetet nuk kan\u00eb vepruar. Gjekmarkaj akuzon qeverin\u00eb &hellip;<\/p>\n","protected":false},"author":4,"featured_media":132438,"comment_status":"closed","ping_status":"closed","sticky":false,"template":"","format":"standard","meta":{"footnotes":""},"categories":[37],"tags":[],"class_list":["post-132437","post","type-post","status-publish","format-standard","has-post-thumbnail","","category-politike"],"_links":{"self":[{"href":"https:\/\/rdnews.al\/index.php\/wp-json\/wp\/v2\/posts\/132437","targetHints":{"allow":["GET"]}}],"collection":[{"href":"https:\/\/rdnews.al\/index.php\/wp-json\/wp\/v2\/posts"}],"about":[{"href":"https:\/\/rdnews.al\/index.php\/wp-json\/wp\/v2\/types\/post"}],"author":[{"embeddable":true,"href":"https:\/\/rdnews.al\/index.php\/wp-json\/wp\/v2\/users\/4"}],"replies":[{"embeddable":true,"href":"https:\/\/rdnews.al\/index.php\/wp-json\/wp\/v2\/comments?post=132437"}],"version-history":[{"count":1,"href":"https:\/\/rdnews.al\/index.php\/wp-json\/wp\/v2\/posts\/132437\/revisions"}],"predecessor-version":[{"id":132439,"href":"https:\/\/rdnews.al\/index.php\/wp-json\/wp\/v2\/posts\/132437\/revisions\/132439"}],"wp:featuredmedia":[{"embeddable":true,"href":"https:\/\/rdnews.al\/index.php\/wp-json\/wp\/v2\/media\/132438"}],"wp:attachment":[{"href":"https:\/\/rdnews.al\/index.php\/wp-json\/wp\/v2\/media?parent=132437"}],"wp:term":[{"taxonomy":"category","embeddable":true,"href":"https:\/\/rdnews.al\/index.php\/wp-json\/wp\/v2\/categories?post=132437"},{"taxonomy":"post_tag","embeddable":true,"href":"https:\/\/rdnews.al\/index.php\/wp-json\/wp\/v2\/tags?post=132437"}],"curies":[{"name":"wp","href":"https:\/\/api.w.org\/{rel}","templated":true}]}}