{"id":132543,"date":"2026-01-05T09:06:42","date_gmt":"2026-01-05T09:06:42","guid":{"rendered":"https:\/\/rdnews.al\/?p=132543"},"modified":"2026-01-05T09:06:42","modified_gmt":"2026-01-05T09:06:42","slug":"nje-shqiperi-pa-duhmen-rama","status":"publish","type":"post","link":"https:\/\/rdnews.al\/index.php\/2026\/01\/05\/nje-shqiperi-pa-duhmen-rama\/","title":{"rendered":"Nj\u00eb Shqip\u00ebri pa duhm\u00ebn Rama&#8230;"},"content":{"rendered":"<p><strong>Nga Iva V.GRILLO<\/strong><\/p>\n<p>Nervozizmi dhe neveria ndaj pushtetit t\u00eb Ram\u00ebs jan\u00eb t\u00eb preksh\u00ebm absolutisht n\u00eb \u00e7do bised\u00eb, komunikim apo nd\u00ebrveprim me njer\u00ebz t\u00eb njohur e t\u00eb panjohur gjat\u00eb q\u00ebndrimit tim n\u00eb Tiran\u00eb.<\/p>\n<p>Po aq i duksh\u00ebm dhe akut \u00ebsht\u00eb edhe padurimi p\u00ebr t&#8217;a hequr qafe k\u00ebt\u00eb kast\u00eb qeveris\u00ebse imorale dhe anti-shqiptare.<\/p>\n<p>Vet\u00ebm kur t\u00eb largohet Rama do t\u00eb kuptohet qart\u00eb gjymtimi q\u00eb ka p\u00ebsuar shoq\u00ebria shqiptare n\u00eb dekad\u00ebn e fundit e do t\u00eb \u00e7lirohen energji e entusiaz\u00ebm q\u00eb shoq\u00ebria i ka ndrydhur prej vitesh.<\/p>\n<p>E ndiej n\u00eb \u00e7do komunikim q\u00eb largimi i tij do t\u00eb p\u00ebrjetohet si nj\u00eb fest\u00eb komb\u00ebtare&#8230;<\/p>\n<p>Ardht\u00eb sa m\u00eb shpejt ajo dit\u00eb!<\/p>\n<p><img decoding=\"async\" src=\"https:\/\/scontent.ftia9-1.fna.fbcdn.net\/v\/t39.30808-6\/606711883_1417848920163883_2519195917741626193_n.jpg?_nc_cat=110&amp;ccb=1-7&amp;_nc_sid=833d8c&amp;_nc_eui2=AeGGBQM45oIfproK9XjHvoNXzojGYMv0tmHOiMZgy_S2YSNQcNc2NHNImSoyfFPsW-c&amp;_nc_ohc=F4HhqoHlApcQ7kNvwH0fAZp&amp;_nc_oc=Adk5XjpHsbbNmBB10pay6LfQnDWoqaHOJFqC1oRir3SIury3EedATQ5lceoQm1T4W0w&amp;_nc_zt=23&amp;_nc_ht=scontent.ftia9-1.fna&amp;_nc_gid=lh8gqXUGfoNBKhFL0fCg2w&amp;oh=00_AfpDQIB1njdJTDvyAyd5O7EF-wtTJBHL8H-td5KnQdF1yQ&amp;oe=69613D98\" alt=\"Mund t\u00eb jet\u00eb nj\u00eb grafik\" \/><\/p>\n","protected":false},"excerpt":{"rendered":"<p>Nga Iva V.GRILLO Nervozizmi dhe neveria ndaj pushtetit t\u00eb Ram\u00ebs jan\u00eb t\u00eb preksh\u00ebm absolutisht n\u00eb \u00e7do bised\u00eb, komunikim apo nd\u00ebrveprim me njer\u00ebz t\u00eb njohur e t\u00eb panjohur gjat\u00eb q\u00ebndrimit tim n\u00eb Tiran\u00eb. Po aq i duksh\u00ebm dhe akut \u00ebsht\u00eb edhe padurimi p\u00ebr t&#8217;a hequr qafe k\u00ebt\u00eb kast\u00eb qeveris\u00ebse imorale dhe anti-shqiptare. Vet\u00ebm kur t\u00eb largohet &hellip;<\/p>\n","protected":false},"author":4,"featured_media":51216,"comment_status":"closed","ping_status":"closed","sticky":false,"template":"","format":"standard","meta":{"footnotes":""},"categories":[44],"tags":[],"class_list":["post-132543","post","type-post","status-publish","format-standard","has-post-thumbnail","","category-editorial"],"_links":{"self":[{"href":"https:\/\/rdnews.al\/index.php\/wp-json\/wp\/v2\/posts\/132543","targetHints":{"allow":["GET"]}}],"collection":[{"href":"https:\/\/rdnews.al\/index.php\/wp-json\/wp\/v2\/posts"}],"about":[{"href":"https:\/\/rdnews.al\/index.php\/wp-json\/wp\/v2\/types\/post"}],"author":[{"embeddable":true,"href":"https:\/\/rdnews.al\/index.php\/wp-json\/wp\/v2\/users\/4"}],"replies":[{"embeddable":true,"href":"https:\/\/rdnews.al\/index.php\/wp-json\/wp\/v2\/comments?post=132543"}],"version-history":[{"count":1,"href":"https:\/\/rdnews.al\/index.php\/wp-json\/wp\/v2\/posts\/132543\/revisions"}],"predecessor-version":[{"id":132544,"href":"https:\/\/rdnews.al\/index.php\/wp-json\/wp\/v2\/posts\/132543\/revisions\/132544"}],"wp:featuredmedia":[{"embeddable":true,"href":"https:\/\/rdnews.al\/index.php\/wp-json\/wp\/v2\/media\/51216"}],"wp:attachment":[{"href":"https:\/\/rdnews.al\/index.php\/wp-json\/wp\/v2\/media?parent=132543"}],"wp:term":[{"taxonomy":"category","embeddable":true,"href":"https:\/\/rdnews.al\/index.php\/wp-json\/wp\/v2\/categories?post=132543"},{"taxonomy":"post_tag","embeddable":true,"href":"https:\/\/rdnews.al\/index.php\/wp-json\/wp\/v2\/tags?post=132543"}],"curies":[{"name":"wp","href":"https:\/\/api.w.org\/{rel}","templated":true}]}}