{"id":132552,"date":"2026-01-05T09:25:43","date_gmt":"2026-01-05T09:25:43","guid":{"rendered":"https:\/\/rdnews.al\/?p=132552"},"modified":"2026-01-05T09:25:43","modified_gmt":"2026-01-05T09:25:43","slug":"berisha-lexon-mesazhin-qe-la-ne-spak-krimet-e-altin-troplinit-nuk-do-mbeten-pa-marre-ndeshkimin-e-merituar-ligjor","status":"publish","type":"post","link":"https:\/\/rdnews.al\/index.php\/2026\/01\/05\/berisha-lexon-mesazhin-qe-la-ne-spak-krimet-e-altin-troplinit-nuk-do-mbeten-pa-marre-ndeshkimin-e-merituar-ligjor\/","title":{"rendered":"Berisha lexon mesazhin q\u00eb la n\u00eb SPAK: Krimet e Altin &#8220;Troplinit&#8221; nuk do mbeten pa marr\u00eb nd\u00ebshkimin e merituar ligjor!"},"content":{"rendered":"<p>Kryetari i PD, Sali Berisha lexoi mesazhin q\u00eb la n\u00eb ambientet e SPAK, nd\u00ebrsa ka p\u00ebrs\u00ebritur akuzat ndaj Altin Dumanit, duke theksuar se krimet e tij nuk do t\u00eb mbeten pa marr\u00eb nd\u00ebshkimin e merituar ligjor.<\/p>\n<p>Deklarata u b\u00eb nga SPAK, ku Berisha nisi fjal\u00ebn me urimin p\u00ebr Vitin e Ri 2026 dhe vijoi me nj\u00eb ton t\u00eb ashp\u00ebr kritik ndaj drejt\u00ebsis\u00eb dhe figurave q\u00eb ai i cil\u00ebson si kund\u00ebrshtar\u00eb t\u00eb pluralizmit politik.<\/p>\n<p>&#8220;S\u00eb pari nj\u00ebher\u00eb t\u00eb gjith\u00eb atyre q\u00eb na ndjekin, u uroj g\u00ebzuar Vitin e Ri 2026.<\/p>\n<p>Nj\u00eb vit me m\u00eb t\u00eb mirat p\u00ebr ata dhe m\u00eb t\u00eb dashurit e tyre.<\/p>\n<p>K\u00ebtu n\u00eb Skap lash\u00eb k\u00ebt\u00eb sh\u00ebnim: Altin Troplinit, Paj\u00ebs s\u00eb Skapit (i mbeti atij, nuk ia vura un\u00eb, q\u00eb kur e fali at\u00eb Elvis Do\u00e7in, ai mbeti Paja i Skapit) armikut t\u00eb pluralizmit politik dhe avokatit t\u00eb McGonigalit, me garanci se krimet e tij nuk do mbeten pa nd\u00ebshkimin e merituar ligjor&#8221;, tha Berisha.<\/p>\n","protected":false},"excerpt":{"rendered":"<p>Kryetari i PD, Sali Berisha lexoi mesazhin q\u00eb la n\u00eb ambientet e SPAK, nd\u00ebrsa ka p\u00ebrs\u00ebritur akuzat ndaj Altin Dumanit, duke theksuar se krimet e tij nuk do t\u00eb mbeten pa marr\u00eb nd\u00ebshkimin e merituar ligjor. Deklarata u b\u00eb nga SPAK, ku Berisha nisi fjal\u00ebn me urimin p\u00ebr Vitin e Ri 2026 dhe vijoi me &hellip;<\/p>\n","protected":false},"author":4,"featured_media":132553,"comment_status":"closed","ping_status":"closed","sticky":false,"template":"","format":"standard","meta":{"footnotes":""},"categories":[37],"tags":[],"class_list":["post-132552","post","type-post","status-publish","format-standard","has-post-thumbnail","","category-politike"],"_links":{"self":[{"href":"https:\/\/rdnews.al\/index.php\/wp-json\/wp\/v2\/posts\/132552","targetHints":{"allow":["GET"]}}],"collection":[{"href":"https:\/\/rdnews.al\/index.php\/wp-json\/wp\/v2\/posts"}],"about":[{"href":"https:\/\/rdnews.al\/index.php\/wp-json\/wp\/v2\/types\/post"}],"author":[{"embeddable":true,"href":"https:\/\/rdnews.al\/index.php\/wp-json\/wp\/v2\/users\/4"}],"replies":[{"embeddable":true,"href":"https:\/\/rdnews.al\/index.php\/wp-json\/wp\/v2\/comments?post=132552"}],"version-history":[{"count":1,"href":"https:\/\/rdnews.al\/index.php\/wp-json\/wp\/v2\/posts\/132552\/revisions"}],"predecessor-version":[{"id":132554,"href":"https:\/\/rdnews.al\/index.php\/wp-json\/wp\/v2\/posts\/132552\/revisions\/132554"}],"wp:featuredmedia":[{"embeddable":true,"href":"https:\/\/rdnews.al\/index.php\/wp-json\/wp\/v2\/media\/132553"}],"wp:attachment":[{"href":"https:\/\/rdnews.al\/index.php\/wp-json\/wp\/v2\/media?parent=132552"}],"wp:term":[{"taxonomy":"category","embeddable":true,"href":"https:\/\/rdnews.al\/index.php\/wp-json\/wp\/v2\/categories?post=132552"},{"taxonomy":"post_tag","embeddable":true,"href":"https:\/\/rdnews.al\/index.php\/wp-json\/wp\/v2\/tags?post=132552"}],"curies":[{"name":"wp","href":"https:\/\/api.w.org\/{rel}","templated":true}]}}