{"id":132586,"date":"2026-01-05T12:04:37","date_gmt":"2026-01-05T12:04:37","guid":{"rendered":"https:\/\/rdnews.al\/?p=132586"},"modified":"2026-01-05T12:04:37","modified_gmt":"2026-01-05T12:04:37","slug":"berisha-te-premten-mbahet-tryeza-e-frontit-opozitar-per-te-bashkerenduar-veprimet-kunder-narko-regjimit","status":"publish","type":"post","link":"https:\/\/rdnews.al\/index.php\/2026\/01\/05\/berisha-te-premten-mbahet-tryeza-e-frontit-opozitar-per-te-bashkerenduar-veprimet-kunder-narko-regjimit\/","title":{"rendered":"Berisha: T\u00eb premten mbahet tryeza e frontit opozitar p\u00ebr t\u00eb bashk\u00ebrenduar veprimet kund\u00ebr narko-regjimit"},"content":{"rendered":"<p>Kryetari i PD, Sali Berisha tha se, t\u00eb premten mbahet tryeza e frontit opozitar p\u00ebr t\u00eb bashk\u00ebrenduar veprimet kund\u00ebr narko-regjimit.<\/p>\n<p>Berisha tha se, opozita do t\u00eb mobilizohet p\u00ebr protesta dhe l\u00ebvizje t\u00eb koordinuara, duke u fokusuar tek \u00e7\u00ebshtje si mbrojtja e politikan\u00ebve t\u00eb akuzuar p\u00ebr abuzime dhe bllokimi i veprimeve ligjore nga kryeministri, n\u00eb nj\u00eb p\u00ebrpjekje p\u00ebr t\u00eb larguar qeverin\u00eb aktuale.<\/p>\n<p>&#8220;Opozita pa asnj\u00eb diskutim do t\u00eb ket\u00eb protesta nd\u00ebr m\u00eb t\u00eb fuqishmet.<\/p>\n<p>Opozita th\u00ebrret dit\u00ebn e premte tryez\u00ebn e t\u00eb gjitha forcave politike dhe faktor\u00ebve influent\u00eb n\u00eb shoq\u00ebrin\u00eb shqiptare p\u00ebr t\u00eb krijuar nj\u00eb bashk\u00ebrendim, nj\u00eb front t\u00eb gjer\u00eb kund\u00ebr narko-regjimit t\u00eb Edi Ram\u00ebs dhe p\u00ebr t\u00eb nd\u00ebrmarr\u00eb t\u00eb gjitha l\u00ebvizjet, protestat, demonstratat, revoltat e domosdoshme p\u00ebr largimin e tij nj\u00eb minut\u00eb e m\u00eb par\u00eb.<\/p>\n<p>P\u00ebr opozit\u00ebn, bllokimi nga Edi Rama i heqjes s\u00eb imunitetit t\u00eb Lubi Ballukut, marrja n\u00eb mbrojtje e delinkuentes Mirlinda Kar\u00e7anaj, e njohur tashm\u00eb p\u00ebr abuzimet e tmerrshme me Ergys Agasin n\u00eb favor t\u00eb familjes Rama, jan\u00eb nj\u00eb thirrje e madhe p\u00ebr shqiptar\u00ebt p\u00ebr t\u2019u ngritur n\u00eb revolt\u00eb p\u00ebr t\u2019i dh\u00ebn\u00eb narko-diktatorit t\u00eb tyre at\u00eb fund t\u00eb turpsh\u00ebm q\u00eb pati narko-diktatori i Venezuel\u00ebs&#8221;, tha Berisha.<\/p>\n","protected":false},"excerpt":{"rendered":"<p>Kryetari i PD, Sali Berisha tha se, t\u00eb premten mbahet tryeza e frontit opozitar p\u00ebr t\u00eb bashk\u00ebrenduar veprimet kund\u00ebr narko-regjimit. Berisha tha se, opozita do t\u00eb mobilizohet p\u00ebr protesta dhe l\u00ebvizje t\u00eb koordinuara, duke u fokusuar tek \u00e7\u00ebshtje si mbrojtja e politikan\u00ebve t\u00eb akuzuar p\u00ebr abuzime dhe bllokimi i veprimeve ligjore nga kryeministri, n\u00eb nj\u00eb &hellip;<\/p>\n","protected":false},"author":4,"featured_media":132587,"comment_status":"closed","ping_status":"closed","sticky":false,"template":"","format":"standard","meta":{"footnotes":""},"categories":[37],"tags":[],"class_list":["post-132586","post","type-post","status-publish","format-standard","has-post-thumbnail","","category-politike"],"_links":{"self":[{"href":"https:\/\/rdnews.al\/index.php\/wp-json\/wp\/v2\/posts\/132586","targetHints":{"allow":["GET"]}}],"collection":[{"href":"https:\/\/rdnews.al\/index.php\/wp-json\/wp\/v2\/posts"}],"about":[{"href":"https:\/\/rdnews.al\/index.php\/wp-json\/wp\/v2\/types\/post"}],"author":[{"embeddable":true,"href":"https:\/\/rdnews.al\/index.php\/wp-json\/wp\/v2\/users\/4"}],"replies":[{"embeddable":true,"href":"https:\/\/rdnews.al\/index.php\/wp-json\/wp\/v2\/comments?post=132586"}],"version-history":[{"count":1,"href":"https:\/\/rdnews.al\/index.php\/wp-json\/wp\/v2\/posts\/132586\/revisions"}],"predecessor-version":[{"id":132588,"href":"https:\/\/rdnews.al\/index.php\/wp-json\/wp\/v2\/posts\/132586\/revisions\/132588"}],"wp:featuredmedia":[{"embeddable":true,"href":"https:\/\/rdnews.al\/index.php\/wp-json\/wp\/v2\/media\/132587"}],"wp:attachment":[{"href":"https:\/\/rdnews.al\/index.php\/wp-json\/wp\/v2\/media?parent=132586"}],"wp:term":[{"taxonomy":"category","embeddable":true,"href":"https:\/\/rdnews.al\/index.php\/wp-json\/wp\/v2\/categories?post=132586"},{"taxonomy":"post_tag","embeddable":true,"href":"https:\/\/rdnews.al\/index.php\/wp-json\/wp\/v2\/tags?post=132586"}],"curies":[{"name":"wp","href":"https:\/\/api.w.org\/{rel}","templated":true}]}}