{"id":132609,"date":"2026-01-05T12:55:37","date_gmt":"2026-01-05T12:55:37","guid":{"rendered":"https:\/\/rdnews.al\/?p=132609"},"modified":"2026-01-05T12:55:37","modified_gmt":"2026-01-05T12:55:37","slug":"harrohet-maduro-presidentja-ne-detyre-e-venezueles-kerkon-nje-axhende-pune-me-shba","status":"publish","type":"post","link":"https:\/\/rdnews.al\/index.php\/2026\/01\/05\/harrohet-maduro-presidentja-ne-detyre-e-venezueles-kerkon-nje-axhende-pune-me-shba\/","title":{"rendered":"Harrohet Maduro\/ Presidentja n\u00eb detyr\u00eb e Venezuel\u00ebs k\u00ebrkon nj\u00eb axhend\u00eb pune me SHBA"},"content":{"rendered":"<p>Presidentja n\u00eb detyr\u00eb e Venezuel\u00ebs, Delcy Rodriguez, ftoi qeverin\u00eb amerikane t\u00eb bashk\u00ebpunoj\u00eb n\u00eb nj\u00eb axhend\u00eb bashk\u00ebpunimi, n\u00eb nj\u00eb deklarat\u00eb n\u00eb mediat sociale q\u00eb pati nj\u00eb ton pajtues pas kapjes s\u00eb presidentit Nicolas Maduro nga SHBA-t\u00eb.<\/p>\n<p>Ajo tha se Venezuela &#8220;aspiron t\u00eb jetoj\u00eb pa k\u00ebrc\u00ebnime t\u00eb jashtme&#8221; dhe se donte t&#8217;i jepte p\u00ebrpar\u00ebsi l\u00ebvizjes drejt marr\u00ebdh\u00ebnieve t\u00eb ekuilibruara dhe respektuese me Shtetet e Bashkuara.<\/p>\n<p>&#8220;Nj\u00eb mesazh nga Venezuela p\u00ebr bot\u00ebn dhe p\u00ebr Shtetet e Bashkuara: Venezuela riafirmon angazhimin e saj p\u00ebr paqe dhe bashk\u00ebjetes\u00eb paq\u00ebsore. Vendi yn\u00eb aspiron t\u00eb jetoj\u00eb pa k\u00ebrc\u00ebnime t\u00eb jashtme, n\u00eb nj\u00eb mjedis respekti dhe bashk\u00ebpunimi nd\u00ebrkomb\u00ebtar. Ne besojm\u00eb se paqja globale nd\u00ebrtohet duke garantuar s\u00eb pari paqen brenda secilit komb&#8221;, tha Rodriguez.<\/p>\n<p>&#8220;Ne i japim p\u00ebrpar\u00ebsi l\u00ebvizjes drejt marr\u00ebdh\u00ebnieve nd\u00ebrkomb\u00ebtare t\u00eb ekuilibruara dhe respektuese midis Shteteve t\u00eb Bashkuara dhe Venezuel\u00ebs, dhe midis Venezuel\u00ebs dhe vendeve t\u00eb tjera n\u00eb rajon, t\u00eb bazuara n\u00eb barazi sovrane dhe mosnd\u00ebrhyrje. K\u00ebto parime udh\u00ebheqin diplomacin\u00eb ton\u00eb me pjes\u00ebn tjet\u00ebr t\u00eb bot\u00ebs&#8221;.<\/p>\n","protected":false},"excerpt":{"rendered":"<p>Presidentja n\u00eb detyr\u00eb e Venezuel\u00ebs, Delcy Rodriguez, ftoi qeverin\u00eb amerikane t\u00eb bashk\u00ebpunoj\u00eb n\u00eb nj\u00eb axhend\u00eb bashk\u00ebpunimi, n\u00eb nj\u00eb deklarat\u00eb n\u00eb mediat sociale q\u00eb pati nj\u00eb ton pajtues pas kapjes s\u00eb presidentit Nicolas Maduro nga SHBA-t\u00eb. Ajo tha se Venezuela &#8220;aspiron t\u00eb jetoj\u00eb pa k\u00ebrc\u00ebnime t\u00eb jashtme&#8221; dhe se donte t&#8217;i jepte p\u00ebrpar\u00ebsi l\u00ebvizjes drejt marr\u00ebdh\u00ebnieve &hellip;<\/p>\n","protected":false},"author":3,"featured_media":132610,"comment_status":"closed","ping_status":"closed","sticky":false,"template":"","format":"standard","meta":{"footnotes":""},"categories":[38],"tags":[],"class_list":["post-132609","post","type-post","status-publish","format-standard","has-post-thumbnail","","category-bota"],"_links":{"self":[{"href":"https:\/\/rdnews.al\/index.php\/wp-json\/wp\/v2\/posts\/132609","targetHints":{"allow":["GET"]}}],"collection":[{"href":"https:\/\/rdnews.al\/index.php\/wp-json\/wp\/v2\/posts"}],"about":[{"href":"https:\/\/rdnews.al\/index.php\/wp-json\/wp\/v2\/types\/post"}],"author":[{"embeddable":true,"href":"https:\/\/rdnews.al\/index.php\/wp-json\/wp\/v2\/users\/3"}],"replies":[{"embeddable":true,"href":"https:\/\/rdnews.al\/index.php\/wp-json\/wp\/v2\/comments?post=132609"}],"version-history":[{"count":1,"href":"https:\/\/rdnews.al\/index.php\/wp-json\/wp\/v2\/posts\/132609\/revisions"}],"predecessor-version":[{"id":132611,"href":"https:\/\/rdnews.al\/index.php\/wp-json\/wp\/v2\/posts\/132609\/revisions\/132611"}],"wp:featuredmedia":[{"embeddable":true,"href":"https:\/\/rdnews.al\/index.php\/wp-json\/wp\/v2\/media\/132610"}],"wp:attachment":[{"href":"https:\/\/rdnews.al\/index.php\/wp-json\/wp\/v2\/media?parent=132609"}],"wp:term":[{"taxonomy":"category","embeddable":true,"href":"https:\/\/rdnews.al\/index.php\/wp-json\/wp\/v2\/categories?post=132609"},{"taxonomy":"post_tag","embeddable":true,"href":"https:\/\/rdnews.al\/index.php\/wp-json\/wp\/v2\/tags?post=132609"}],"curies":[{"name":"wp","href":"https:\/\/api.w.org\/{rel}","templated":true}]}}