{"id":132612,"date":"2026-01-05T13:00:26","date_gmt":"2026-01-05T13:00:26","guid":{"rendered":"https:\/\/rdnews.al\/?p=132612"},"modified":"2026-01-05T13:00:38","modified_gmt":"2026-01-05T13:00:38","slug":"protestat-dhe-paralajmerimi-i-trump-the-times-khamenei-po-pergatit-planin-per-tu-arratisur-ne-moske","status":"publish","type":"post","link":"https:\/\/rdnews.al\/index.php\/2026\/01\/05\/protestat-dhe-paralajmerimi-i-trump-the-times-khamenei-po-pergatit-planin-per-tu-arratisur-ne-moske\/","title":{"rendered":"Protestat dhe paralajm\u00ebrimi i Trump\/ The Times: &#8220;Khamenei \u2018po p\u00ebrgatit planin p\u00ebr t\u2019u arratisur n\u00eb Mosk\u00eb&#8221;"},"content":{"rendered":"<p>Donald Trump ka k\u00ebrc\u00ebnuar se do ta godas\u00eb Iranin \u201cshum\u00eb fort\u201d n\u00ebse autoritetet vazhdojn\u00eb shtypjen e ashp\u00ebr t\u00eb protestave q\u00eb kan\u00eb hyr\u00eb n\u00eb jav\u00ebn e dyt\u00eb.<\/p>\n<p>T\u00eb pakt\u00ebn 20 persona, p\u00ebrfshir\u00eb t\u00eb pakt\u00ebn nj\u00eb an\u00ebtar t\u00eb forcave t\u00eb siguris\u00eb s\u00eb Iranit, jan\u00eb vrar\u00eb pas protestave q\u00eb jan\u00eb p\u00ebrhapur n\u00eb t\u00eb gjith\u00eb vendin nga kryeqyteti, Teherani.<\/p>\n<p>Dhe deri t\u00eb h\u00ebn\u00ebn, thuhet se demonstratat kan\u00eb ndodhur n\u00eb mbi 220 qytete dhe qyteza n\u00eb 26 nga 31 provincat e Iranit &#8211; duke rezultuar n\u00eb arrestimin e gati 1,000 personave.<\/p>\n<p>K\u00ebshtu, nj\u00eb nat\u00eb m\u00eb par\u00eb, Trump tha se do t\u00eb nd\u00ebrmerrte veprime n\u00ebse vdiste ndonj\u00eb protestues tjet\u00ebr, shkruajn\u00eb mediat e huaja, p\u00ebrcjell Telegrafi.<\/p>\n<p>Duke folur n\u00eb bordin e Air Force One, ai tha pa dh\u00ebn\u00eb holl\u00ebsi: \u201cPo e ndjekim nga af\u00ebr. N\u00ebse fillojn\u00eb t\u00eb vrasin njer\u00ebz si\u00e7 kan\u00eb b\u00ebr\u00eb n\u00eb t\u00eb kaluar\u00ebn, mendoj se do t\u00eb goditen shum\u00eb r\u00ebnd\u00eb nga Shtetet e Bashkuara\u201d.<\/p>\n<p>K\u00ebrc\u00ebnimi duket se e ka trembur udh\u00ebheq\u00ebsin e Iranit, Ajatollah Khamenei, i cili thuhet se ka nj\u00eb plan rezerv\u00eb p\u00ebr t\u2019u larguar nga vendi n\u00eb Mosk\u00eb n\u00ebse forcat e tij t\u00eb siguris\u00eb nuk arrijn\u00eb t\u00eb \u201cshtypin\u201d protestat gjithnj\u00eb e n\u00eb rritje.<\/p>\n<p>Gazeta\u00a0<a class=\"rm-stats-tracked\" href=\"https:\/\/www.thetimes.com\/world\/middle-east\/article\/iran-ayatollah-khamenei-escape-moscow-protests-revealed-h5f95ctb5\" target=\"_blank\" rel=\"noopener\">\u201cThe Times\u201d<\/a>\u00a0raportoi se 86-vje\u00e7ari po planifikon t\u00eb largohet me deri n\u00eb 20 ndihm\u00ebs dhe an\u00ebtar\u00eb t\u00eb familjes s\u00eb tij, n\u00ebse ushtria dhe forcat e tij t\u00eb siguris\u00eb dezertojn\u00eb ose d\u00ebshtojn\u00eb t\u00eb shuajn\u00eb demonstratat.<\/p>\n<p>Nj\u00eb burim inteligjence i tha gazet\u00ebs: \u201cPlani B\u201d \u00ebsht\u00eb p\u00ebr Khamenein dhe rrethin e tij shum\u00eb t\u00eb ngusht\u00eb t\u00eb bashk\u00ebpun\u00ebtor\u00ebve dhe familjes, p\u00ebrfshir\u00eb djalin e tij dhe trash\u00ebgimtarin e duksh\u00ebm t\u00eb nominuar, Mojtaba\u201d.<\/p>\n<p>Ata shtuan se Khamenei tashm\u00eb ka hedhur themelet e nevojshme p\u00ebr t&#8217;u larguar nga vendi, t\u00eb cilat p\u00ebrfshinin \u201cmbledhjen e aseteve, pronave jasht\u00eb vendit dhe parave t\u00eb gatshme p\u00ebr t\u00eb leht\u00ebsuar kalimin e tyre t\u00eb sigurt\u201d.<\/p>\n<p>Khamenei \u00ebsht\u00eb ende i tronditur nga lufta 12-ditore e nisur nga Izraeli n\u00eb qershor, e cila pa Shtetet e Bashkuara t\u00eb bombardonin vendet b\u00ebrthamore n\u00eb Iran.<\/p>\n<p>Presioni ekonomik, i cili \u00ebsht\u00eb intensifikuar q\u00eb nga shtatori kur Kombet e Bashkuara rivendos\u00ebn sanksionet ndaj vendit p\u00ebr shkak t\u00eb programit t\u00eb tij atomik, e ka v\u00ebn\u00eb monedh\u00ebn rial t\u00eb Iranit n\u00eb nj\u00eb r\u00ebnie t\u00eb lir\u00eb, duke u tregtuar tani me rreth 1.4 milion p\u00ebr 1 dollar.<\/p>\n<p>R\u00ebnia e rialit ka \u00e7uar n\u00eb nj\u00eb kriz\u00eb ekonomike n\u00eb zgjerim n\u00eb Iran. \u00c7mimet jan\u00eb rritur p\u00ebr mishin, orizin dhe produktet e tjera baz\u00eb t\u00eb tryez\u00ebs. Kombi ka luftuar me nj\u00eb norm\u00eb vjetore inflacioni prej rreth 40 p\u00ebrqind.<\/p>\n<p>N\u00eb dhjetor, Irani prezantoi nj\u00eb nivel t\u00eb ri \u00e7mimesh dhe Teherani mund t\u00eb k\u00ebrkoj\u00eb rritje m\u00eb t\u00eb m\u00ebdha t\u00eb \u00e7mimeve n\u00eb t\u00eb ardhmen, pasi qeveria tani do t\u00eb rishikoj\u00eb \u00e7mimet \u00e7do tre muaj.<\/p>\n<p>Protestat filluan s\u00eb pari me tregtar\u00ebt n\u00eb Teheran p\u00ebrpara se t\u00eb p\u00ebrhapeshin. Nd\u00ebrsa fillimisht u p\u00ebrqendruan n\u00eb \u00e7\u00ebshtjet ekonomike, demonstratat shpejt pan\u00eb protestuesit t\u00eb brohorisnin edhe deklarata antiqeveritare.<\/p>\n","protected":false},"excerpt":{"rendered":"<p>Donald Trump ka k\u00ebrc\u00ebnuar se do ta godas\u00eb Iranin \u201cshum\u00eb fort\u201d n\u00ebse autoritetet vazhdojn\u00eb shtypjen e ashp\u00ebr t\u00eb protestave q\u00eb kan\u00eb hyr\u00eb n\u00eb jav\u00ebn e dyt\u00eb. T\u00eb pakt\u00ebn 20 persona, p\u00ebrfshir\u00eb t\u00eb pakt\u00ebn nj\u00eb an\u00ebtar t\u00eb forcave t\u00eb siguris\u00eb s\u00eb Iranit, jan\u00eb vrar\u00eb pas protestave q\u00eb jan\u00eb p\u00ebrhapur n\u00eb t\u00eb gjith\u00eb vendin nga kryeqyteti, Teherani. &hellip;<\/p>\n","protected":false},"author":3,"featured_media":132613,"comment_status":"closed","ping_status":"closed","sticky":false,"template":"","format":"standard","meta":{"footnotes":""},"categories":[38],"tags":[],"class_list":["post-132612","post","type-post","status-publish","format-standard","has-post-thumbnail","","category-bota"],"_links":{"self":[{"href":"https:\/\/rdnews.al\/index.php\/wp-json\/wp\/v2\/posts\/132612","targetHints":{"allow":["GET"]}}],"collection":[{"href":"https:\/\/rdnews.al\/index.php\/wp-json\/wp\/v2\/posts"}],"about":[{"href":"https:\/\/rdnews.al\/index.php\/wp-json\/wp\/v2\/types\/post"}],"author":[{"embeddable":true,"href":"https:\/\/rdnews.al\/index.php\/wp-json\/wp\/v2\/users\/3"}],"replies":[{"embeddable":true,"href":"https:\/\/rdnews.al\/index.php\/wp-json\/wp\/v2\/comments?post=132612"}],"version-history":[{"count":2,"href":"https:\/\/rdnews.al\/index.php\/wp-json\/wp\/v2\/posts\/132612\/revisions"}],"predecessor-version":[{"id":132615,"href":"https:\/\/rdnews.al\/index.php\/wp-json\/wp\/v2\/posts\/132612\/revisions\/132615"}],"wp:featuredmedia":[{"embeddable":true,"href":"https:\/\/rdnews.al\/index.php\/wp-json\/wp\/v2\/media\/132613"}],"wp:attachment":[{"href":"https:\/\/rdnews.al\/index.php\/wp-json\/wp\/v2\/media?parent=132612"}],"wp:term":[{"taxonomy":"category","embeddable":true,"href":"https:\/\/rdnews.al\/index.php\/wp-json\/wp\/v2\/categories?post=132612"},{"taxonomy":"post_tag","embeddable":true,"href":"https:\/\/rdnews.al\/index.php\/wp-json\/wp\/v2\/tags?post=132612"}],"curies":[{"name":"wp","href":"https:\/\/api.w.org\/{rel}","templated":true}]}}