{"id":13262,"date":"2022-05-24T09:49:34","date_gmt":"2022-05-24T09:49:34","guid":{"rendered":"https:\/\/rdnews.al\/?p=13262"},"modified":"2022-05-24T09:49:34","modified_gmt":"2022-05-24T09:49:34","slug":"dendias-ne-tirane-per-te-bere-presion-mbi-shqiperine","status":"publish","type":"post","link":"https:\/\/rdnews.al\/index.php\/2022\/05\/24\/dendias-ne-tirane-per-te-bere-presion-mbi-shqiperine\/","title":{"rendered":"Dendias n\u00eb Tiran\u00eb p\u00ebr t\u00eb b\u00ebr\u00eb presion mbi Shqip\u00ebrin\u00eb!"},"content":{"rendered":"<p><strong>Enver Byty\u00e7i<\/strong><\/p>\n<p>Ministri i Jasht\u00ebm i Greqis\u00eb, Nikos Dendias, nuk njihet p\u00ebr ndonj\u00eb agresivitet t\u00eb duksh\u00ebm s\u00eb paku kund\u00ebr Shqip\u00ebris\u00eb. Por ashtu si koleg\u00ebt e tij t\u00eb m\u00ebparsh\u00ebm, edhe ai ka mohuar ekzist\u00ebnc\u00ebn e problemit \u00e7am dhe ka zvarritur zgjidhjen e konfliktit midis dy vendeve e q\u00eb lidhet me ligjin e luft\u00ebs t\u00eb tetorit 1940. Por nuk kemi par\u00eb t\u00eb k\u00ebrc\u00ebnoj\u00eb me bllokimin e integrimeve europiane p\u00ebr Shqip\u00ebrin\u00eb, nj\u00eb praktik\u00eb kjo t\u00eb cil\u00ebn e ka vuajtur dhe po e vuan Maqedonia e Veriut si me Greqin\u00eb edhe me Bullgarin\u00eb. Kjo ndodhi dit\u00ebn e sotme gjat\u00eb vizit\u00ebs s\u00eb tij n\u00eb Tiran\u00eb.<\/p>\n<p>Shqip\u00ebria \u00ebsht\u00eb vendi i vet\u00ebm n\u00eb rajon pa asnj\u00eb problem t\u00eb deri-sot\u00ebm m\u00eb fqinj\u00ebt, s\u00eb paku pas vitit 1999. Por ky avantazh nuk u shfryt\u00ebzua p\u00ebr ta p\u00ebrshpejtuar integrimin n\u00eb BE. Pra, nuk plot\u00ebsoi kriteret e avanacimit t\u00eb k\u00ebtij integrimi. Sidomos prej vitit 2014 e deri n\u00eb dit\u00ebt e sotme. Dhe Greqia, duke par\u00eb se Shqip\u00ebria nuk punon p\u00ebr integrimin europian, sepse ka n\u00eb agjend\u00eb korrupsionin, autokracin\u00eb dhe konfliktin politik, nuk \u00ebsht\u00eb treguar agresive dhe nuk ka k\u00ebrc\u00ebnuar me veton e saj. Sot ministri Dendias e paralajm\u00ebroi veton e vendit t\u00eb tij, n\u00ebse Shqip\u00ebria &#8220;ngre probleme &#8220;t\u00eb paqena&#8221;ndaj saj&#8221;!<\/p>\n<p>Ai u shpreh se \u201cMar\u00ebdh\u00ebniet tona jan\u00eb zhvilluar shum\u00eb mir\u00eb. Ligji i luft\u00ebs \u00ebsht\u00eb di\u00e7ka q\u00eb duhet t\u00eb shk\u00ebputemi dhe do t\u00eb bashk\u00ebpunojm\u00eb k\u00ebtu\u201d. Por vazhdoi me pjes\u00ebn tjet\u00ebr, p\u00ebrtej &#8220;zhvillimit shum\u00eb t\u00eb mir\u00eb t\u00eb k\u00ebtyre marr\u00ebdh\u00ebnieve&#8221;! Nikos Dendias tha se \u201cDua\u00a0 t\u00eb jem i \u00e7ilt\u00ebr! Ne duhet t\u00eb diskutojm\u00eb mbi \u00e7\u00ebshtje praktike, \u00e7\u00ebshtje q\u00eb kan\u00eb t\u00eb b\u00ebjn\u00eb me pal\u00ebn greke. Nuk mendoj, tha, se gj\u00ebrat jan\u00eb ashtu fiks si\u00e7 paramendohen. T\u00eb mos krijojm\u00eb \u00e7\u00ebshtje q\u00eb nuk jan\u00eb ekzistuese, sepse kjo gj\u00eb do na \u00e7oj\u00eb n\u00eb pasojat e niveleve t\u00eb shum\u00ebfishta ku Greqia pastaj do t\u00eb vendos\u00eb \u00e7\u00ebshtje t\u00eb tjera q\u00eb kan\u00eb t\u00eb b\u00ebjn\u00eb me itinerarin tuaj n\u00eb Evrop\u00eb\u201d.<\/p>\n<p>Kush e lexon k\u00ebt\u00eb deklarat\u00eb ve re me l\u00ebht\u00ebsi dy paralajm\u00ebrime:<\/p>\n<p>S\u00eb pari, se Shqip\u00ebria do t\u00eb duhet ta pranoj\u00eb pa kushte, pa kund\u00ebrshti, pa klauzola dhe me dashamir\u00ebsi Marr\u00ebveshjen e Detit dhe vendimin e Gjykat\u00ebs Nd\u00ebrkomb\u00ebtare t\u00eb Drejt\u00ebsis\u00eb n\u00eb Hag\u00eb. Pra Tirana zyrtare nuk duhet t\u00eb k\u00ebrkoj\u00eb q\u00eb ishujt t\u00eb p\u00ebrjashtohen nga pika fillestare e matjes dhe t\u00eb mos reagoj\u00eb kund\u00ebr 12 miljeve det q\u00eb duhet t&#8217;i shkojn\u00eb Greqis\u00eb. Vet\u00ebm n\u00ebse vija kufitare detare e Greqis\u00eb zgjerohet nga gjasht\u00eb miljet e &#8220;tradh\u00ebtis\u00eb s\u00eb Sali Berish\u00ebs&#8221; n\u00eb 12 miljet e rekorduara me bujarin\u00eb e Edi Ram\u00ebs, paqja mund t\u00eb forcohet midis dy vendeve. Dhe gjithashtu vet\u00ebm n\u00ebse matjet fillojn\u00eb nga shk\u00ebmbi af\u00ebr Ksamilit dhe ishujt e tjer\u00eb n\u00eb brend\u00ebsi t\u00eb detit! Po ndodhi kjo, at\u00ebher\u00eb Tirana dhe Athina do ta ken\u00eb &#8220;grur\u00eb&#8221; midis tyre! Territori shqiptar i detit do t\u00eb b\u00ebhet k\u00ebshtu kurban i teoris\u00eb edvinjote &#8220;Zero probleme me fqinj\u00ebt&#8221;!<\/p>\n<p>Por Dendias nuk k\u00ebrkon vet\u00ebm kaq. Momentin e dyt\u00eb ai e tha tro\u00e7: Nuk duam &#8220;probleme t\u00eb paqena&#8221;! &#8220;Duam t\u00eb diskutojm\u00eb vet\u00ebm p\u00ebr \u00e7eshtje praktike q\u00eb shqet\u00ebsojn\u00eb pal\u00ebn greke&#8221;! (Por jo q\u00eb shqet\u00ebsojn\u00eb pal\u00ebn shqiptare)!\u00a0 &#8220;T\u00eb mos krijojm\u00eb \u00e7eshtje q\u00eb nuk jan\u00eb ekzistuese&#8221;! Cilat jan\u00eb k\u00ebto \u00e7eshtje inekzistente? \u00c7dokush e kupton se \u00e7far\u00eb ka parasysh shefi i Diplomacis\u00eb s\u00eb Greqis\u00eb me k\u00ebt\u00eb \u00e7eshtje jo &#8220;ekzistuese&#8221;! Para s\u00eb gjithash \u00ebsht\u00eb fjala p\u00ebr problemin e pronave \u00e7ame e zgjidhjen juridike t\u00eb k\u00ebsaj \u00e7eshtjeje. Por para se t\u00eb ndodhi kjo duhet hequr Ligji i Luft\u00ebs. Edhe kjo varet nga ajo, n\u00ebse pala shqiptare do t\u00eb heq\u00eb p\u00ebrfundimisht dor\u00eb ose jo nga \u00e7eshtja \u00e7ame.<\/p>\n<p>Ministrja jon\u00eb Xha\u00e7ka e p\u00ebrmendi shkarazi k\u00ebrkes\u00ebn p\u00ebr pronat \u00e7ame. Por me gjys\u00ebm z\u00ebri, sa p\u00ebr t\u00eb krijuar p\u00ebrshtypjen se &#8220;qeveria shqiptare nuk e ka varrosur k\u00ebt\u00eb problem&#8221;! N\u00eb fakt diplomacia shqiptare ka heq dor\u00eb nga \u00e7do angazhim n\u00eb k\u00ebt\u00eb drejtim. Pse? Nga frika se Greqia do t\u00eb vinte veton p\u00ebr integrimin e vendit ton\u00eb n\u00eb BE? Nuk besoj. Vet\u00eb kryeministri nuk \u00ebsht\u00eb aq i interesuar q\u00eb Shqip\u00ebria t\u00eb afrohet sa m\u00eb shum\u00eb e sa m\u00eb shpejt me Europ\u00ebn. Ndryshe ai do t&#8217;i kishte plot\u00ebsuar shtat\u00eb kriteret e k\u00ebrkuara p\u00ebr hapjen e bisedimeve. P\u00ebrkundrazi, ai e ka zhyt vendin edhe m\u00eb thell\u00eb n\u00eb korrupsion, ka forcuar luft\u00ebn e brendshme politike, ka prekur deri te e drejta e zgjedhjeve t\u00eb lira e t\u00eb ndershme, ka vendosur nj\u00eb auto-kleprokraci t\u00eb dukshme dhe madje k\u00ebrc\u00ebnon se &#8220;mund t\u00eb k\u00ebrkoj\u00eb alternativa t\u00eb tjera aleancash&#8221; p\u00ebrtej Europ\u00ebs! Kryeministri nuk e do veton greke p\u00ebr ndonj\u00eb projekt t\u00eb tijin personal!<\/p>\n<p>Megjithat\u00eb Dendias e paralajm\u00ebroi: &#8211; Po u ngrit\u00ebn probleme &#8220;t\u00eb paqena&#8221;, at\u00ebher\u00eb Athina do t\u00eb vendos\u00eb veton p\u00ebr an\u00ebtar\u00ebsimin e Shqip\u00ebris\u00eb n\u00eb BE!\u00a0 Kjo u tha p\u00ebrmes formul\u00ebs se &#8220;Greqia do t\u00eb vendos\u00eb \u00e7eshtje t\u00eb tjera q\u00eb kan\u00eb t\u00eb b\u00ebjn\u00eb me intinerarin tuaj n\u00eb Europ\u00eb&#8217;! Me tro\u00e7 nuk thuhet ajo se \u00e7far\u00eb ka nd\u00ebrmend t\u00eb b\u00ebj\u00eb qeveria greke, n\u00ebse Shqip\u00ebria do t&#8217;i nxjerr\u00eb telashe t\u00eb paparashikuara Greqis\u00eb. Kjo deklarat\u00eb ka mund\u00ebsi t\u00eb jet\u00eb paramenduar edhe p\u00ebr t&#8217;i ardhur n\u00eb ndihm\u00eb kryeministrit Rama. Pas k\u00ebsaj ai mundet t\u00eb justifikoj\u00eb 12 miljet e detit dhe heshtjen p\u00ebr \u00c7am\u00ebrin\u00eb me integrimin europian. Do t&#8217;u thot\u00eb shqiptar\u00ebve: &#8220;E pat\u00eb se \u00e7far\u00eb tha Dendiasi n\u00eb Tiran\u00eb? Do t\u00eb bllokoj\u00eb integrimin. A mund t\u00eb pranoj un\u00eb q\u00eb t\u00eb c\u00ebnoj ardhm\u00ebrin\u00eb e shqiptar\u00ebve p\u00ebr ca met\u00ebr det apo p\u00ebr nj\u00eb \u00e7eshtje, s\u00eb cil\u00ebs i ka kaluar koha? JOOOO! At\u00ebher\u00eb do jap det dhe prona t\u00eb \u00e7am\u00ebve p\u00ebr hir t\u00eb integrimit&#8221;!<\/p>\n<p>Kaq i duhet Ram\u00ebs e kjo i duhej edhe Dendiasit q\u00eb t\u00eb rekordohen midis tyre p\u00ebr planet q\u00eb kan\u00eb hartuar! Tani po vjen edhe presidenti i ri! Rama nuk do t\u00eb ket\u00eb m\u00eb pengesa p\u00ebr t\u00eb b\u00ebr\u00eb marr\u00ebveshje xhentelmen\u00ebsh me cilindo shtet n\u00eb kurriz t\u00eb territoreve shqiptare!<\/p>\n","protected":false},"excerpt":{"rendered":"<p>Enver Byty\u00e7i Ministri i Jasht\u00ebm i Greqis\u00eb, Nikos Dendias, nuk njihet p\u00ebr ndonj\u00eb agresivitet t\u00eb duksh\u00ebm s\u00eb paku kund\u00ebr Shqip\u00ebris\u00eb. Por ashtu si koleg\u00ebt e tij t\u00eb m\u00ebparsh\u00ebm, edhe ai ka mohuar ekzist\u00ebnc\u00ebn e problemit \u00e7am dhe ka zvarritur zgjidhjen e konfliktit midis dy vendeve e q\u00eb lidhet me ligjin e luft\u00ebs t\u00eb tetorit 1940. &hellip;<\/p>\n","protected":false},"author":4,"featured_media":11242,"comment_status":"open","ping_status":"open","sticky":false,"template":"","format":"standard","meta":{"footnotes":""},"categories":[44],"tags":[],"class_list":["post-13262","post","type-post","status-publish","format-standard","has-post-thumbnail","","category-editorial"],"_links":{"self":[{"href":"https:\/\/rdnews.al\/index.php\/wp-json\/wp\/v2\/posts\/13262","targetHints":{"allow":["GET"]}}],"collection":[{"href":"https:\/\/rdnews.al\/index.php\/wp-json\/wp\/v2\/posts"}],"about":[{"href":"https:\/\/rdnews.al\/index.php\/wp-json\/wp\/v2\/types\/post"}],"author":[{"embeddable":true,"href":"https:\/\/rdnews.al\/index.php\/wp-json\/wp\/v2\/users\/4"}],"replies":[{"embeddable":true,"href":"https:\/\/rdnews.al\/index.php\/wp-json\/wp\/v2\/comments?post=13262"}],"version-history":[{"count":0,"href":"https:\/\/rdnews.al\/index.php\/wp-json\/wp\/v2\/posts\/13262\/revisions"}],"wp:featuredmedia":[{"embeddable":true,"href":"https:\/\/rdnews.al\/index.php\/wp-json\/wp\/v2\/media\/11242"}],"wp:attachment":[{"href":"https:\/\/rdnews.al\/index.php\/wp-json\/wp\/v2\/media?parent=13262"}],"wp:term":[{"taxonomy":"category","embeddable":true,"href":"https:\/\/rdnews.al\/index.php\/wp-json\/wp\/v2\/categories?post=13262"},{"taxonomy":"post_tag","embeddable":true,"href":"https:\/\/rdnews.al\/index.php\/wp-json\/wp\/v2\/tags?post=13262"}],"curies":[{"name":"wp","href":"https:\/\/api.w.org\/{rel}","templated":true}]}}