{"id":132628,"date":"2026-01-05T18:25:13","date_gmt":"2026-01-05T18:25:13","guid":{"rendered":"https:\/\/rdnews.al\/?p=132628"},"modified":"2026-01-05T18:25:13","modified_gmt":"2026-01-05T18:25:13","slug":"berisha-uron-35-vjetorin-e-rd-i-garantoj-gazetaret-se-programi-i-pd-ka-ne-themel-lirine-e-fjales-dhe-dinjitetin-e-tyre","status":"publish","type":"post","link":"https:\/\/rdnews.al\/index.php\/2026\/01\/05\/berisha-uron-35-vjetorin-e-rd-i-garantoj-gazetaret-se-programi-i-pd-ka-ne-themel-lirine-e-fjales-dhe-dinjitetin-e-tyre\/","title":{"rendered":"Berisha uron 35-vjetorin e RD: I garantoj gazetar\u00ebt se programi i PD ka n\u00eb themel lirin\u00eb e fjal\u00ebs dhe dinjitetin e tyre"},"content":{"rendered":"<p>Kryetari i PD, Sali Berisha, ka uruar 35-vjetorin e themelimit t\u00eb gazet\u00ebs Rilindja Demokratike, duke e cil\u00ebsuar at\u00eb si simbol t\u00eb fjal\u00ebs s\u00eb lir\u00eb dhe t\u00eb rezistenc\u00ebs kund\u00ebr censur\u00ebs n\u00eb Shqip\u00ebri.<\/p>\n<p>N\u00eb mesazhin e tij, Berisha theksoi se, RD ka qen\u00eb dhe mbetet nj\u00eb institucion i r\u00ebnd\u00ebsish\u00ebm i pluralizmit politik dhe i medias s\u00eb pavarur, nd\u00ebrsa garantoi gazetar\u00ebt se programi politik i Partis\u00eb Demokratike vendos n\u00eb themel lirin\u00eb e shprehjes, mbrojtjen e profesionit dhe dinjitetin e gazetar\u00ebve.<\/p>\n<p><strong>Berisha: <\/strong>Mir\u00ebmbr\u00ebma dhe p\u00ebrsh\u00ebndetjet m\u00eb t\u00eb p\u00ebrzem\u00ebrta, urimet nga zemra p\u00ebr secilin prej jush, p\u00ebr t\u00eb gjith\u00eb opozitar\u00ebt dhe t\u00eb gjith\u00eb shqiptar\u00ebt, p\u00ebr nj\u00eb vit t\u00eb mbar\u00eb, viti i liris\u00eb, viti i rikthimit dhe triumfit t\u00eb vlerave q\u00eb ne besojm\u00eb, t\u00eb vlerave themelore t\u00eb njeriut n\u00eb k\u00ebt\u00eb vend, n\u00eb k\u00ebt\u00eb tok\u00eb, t\u00eb grabitura, t\u00eb shkelmuara, t\u00eb p\u00ebrz\u00ebna n\u00eb m\u00ebnyr\u00ebn m\u00eb t\u00eb eg\u00ebr nga njeriu q\u00eb \u00ebsht\u00eb b\u00ebr\u00eb simbol i diktatorit t\u00eb Venezuel\u00ebs dhe q\u00eb quhet tashm\u00eb n\u00eb t\u00eb gjitha kontinentet Ramaduro.<\/p>\n<p>Miq, n\u00eb trash\u00ebgimin\u00eb ton\u00eb t\u00eb liris\u00eb, sot ne kremtojm\u00eb nj\u00eb dat\u00eb nd\u00ebr m\u00eb t\u00eb sh\u00ebnuarat, 35-vjetorin e botimit t\u00eb gazet\u00ebs s\u00eb par\u00eb opozitare pas 45 vitesh moniz\u00ebm total.<\/p>\n<p>Kjo n\u00eb t\u00eb v\u00ebrtet\u00eb \u00ebsht\u00eb festa jo e nj\u00eb gazete, \u00ebsht\u00eb festa e pluralizmit t\u00eb mendimit, \u00ebsht\u00eb festa e fjal\u00ebs s\u00eb lir\u00eb, \u00ebsht\u00eb festa e jet\u00ebs, e cila pa fjal\u00ebn e lir\u00eb \u00ebsht\u00eb nj\u00eb jet\u00eb shkret\u00ebtir\u00eb, nj\u00eb jet\u00eb pa dinjitet.<\/p>\n<p>Ndaj dhe un\u00eb duhet t\u00eb shpreh nderimin tim m\u00eb t\u00eb madh, respektin m\u00eb t\u00eb thell\u00eb p\u00ebr t\u00eb gjith\u00eb ata t\u00eb cil\u00ebt 35 vite m\u00eb par\u00eb, nat\u00ebn e 5 janarit b\u00ebn\u00eb t\u00eb mundur publikimin e gazet\u00ebs Rilindja Demokratike si z\u00ebdh\u00ebn\u00ebse e fjal\u00ebs s\u00eb lir\u00eb, si gazet\u00eb e interesit komb\u00ebtar, e vokacionit per\u00ebndimor t\u00eb kombit ton\u00eb.<\/p>\n<p>T\u00eb dashur miq, sot ne kremtojm\u00eb k\u00ebt\u00eb dat\u00eb n\u00eb kushte kur fjala e lir\u00eb, mendimi i lir\u00eb jan\u00eb m\u00eb t\u00eb dhunuara se kurr\u00eb n\u00eb 35 vite.<\/p>\n<p>N\u00eb nj\u00eb koh\u00eb kur mediat e kontrolluara nga qeveria jan\u00eb shnd\u00ebrruar n\u00eb instrumente t\u00eb fjal\u00ebs s\u00eb lir\u00eb, t\u00eb pla\u00e7kitjes tuaj, t\u00eb mashtrimit t\u00eb qytetar\u00ebve.<\/p>\n<p>Jan\u00eb shnd\u00ebrruar n\u00eb z\u00ebdh\u00ebn\u00ebse t\u00eb krimit qeveritar dhe organizatave kriminale qeveritare, karteleve t\u00eb drog\u00ebs, organizatave kriminale shqiptare.<\/p>\n<p>Kurr\u00eb ndonj\u00ebher\u00eb kartelet e drog\u00ebs, organizatat kriminale, nuk kan\u00eb pasur n\u00eb dor\u00eb sa \u00e7\u2019kan\u00eb n\u00eb dor\u00eb sot n\u00eb Shqip\u00ebri serialin e medieve t\u00eb kontrolluara prej tyre.<\/p>\n<p>K\u00ebto media \u00e7do dit\u00eb shp\u00ebrndajn\u00eb me val\u00ebt, me portalet, me shkrimet, me ekranet, me studiot, mashtrime, manipulime dhe trillime p\u00ebr qytetar\u00ebt shqiptar\u00eb.<\/p>\n<p>Nj\u00eblloj si n\u00eb diktaturat e zeza, direkt apo indirekt, glorifikojn\u00eb t\u00eb keqen, justifikojn\u00eb t\u00eb keqen, zulmojn\u00eb t\u00eb keqe.<\/p>\n<p>Por sot, p\u00ebrs\u00ebri n\u00eb panoram\u00ebn mediatike shqiptare ka gazetare dhe gazetar\u00eb trima dhe guximtar\u00eb, t\u00eb cil\u00ebt b\u00ebjn\u00eb gjith\u00e7ka n\u00eb kushte tmerr\u00ebsisht t\u00eb v\u00ebshtira, t\u00eb paguar dhe t\u00eb papaguar, t\u2019u thon\u00eb ju t\u00eb v\u00ebrtet\u00ebn.<\/p>\n<p>B\u00ebjn\u00eb \u00e7do gj\u00eb t\u00eb hetojn\u00eb krimet e sh\u00ebmtuara t\u00eb qeveris\u00eb dhe organizatave t\u00eb saj.<\/p>\n<p>Ndaj dhe le t\u2019u shprehim ne nderimin m\u00eb t\u00eb madh atyre p\u00ebr pun\u00ebn q\u00eb b\u00ebjn\u00eb, p\u00ebr t\u00eb gjith\u00eb ata gazetar\u00eb, ata analist\u00eb, q\u00eb me sakrifica, me guxim, shprehin t\u00eb v\u00ebrtetat e hidhura t\u00eb k\u00ebtij regjimi.<\/p>\n<p>I garantoj ata sot n\u00eb k\u00ebt\u00eb dit\u00eb se programi i PD ka n\u00eb themel lirin\u00eb e fjal\u00ebs, dinjitetin e tyre, lirin\u00eb e mendimit.<\/p>\n","protected":false},"excerpt":{"rendered":"<p>Kryetari i PD, Sali Berisha, ka uruar 35-vjetorin e themelimit t\u00eb gazet\u00ebs Rilindja Demokratike, duke e cil\u00ebsuar at\u00eb si simbol t\u00eb fjal\u00ebs s\u00eb lir\u00eb dhe t\u00eb rezistenc\u00ebs kund\u00ebr censur\u00ebs n\u00eb Shqip\u00ebri. N\u00eb mesazhin e tij, Berisha theksoi se, RD ka qen\u00eb dhe mbetet nj\u00eb institucion i r\u00ebnd\u00ebsish\u00ebm i pluralizmit politik dhe i medias s\u00eb pavarur, &hellip;<\/p>\n","protected":false},"author":4,"featured_media":132629,"comment_status":"closed","ping_status":"closed","sticky":false,"template":"","format":"standard","meta":{"footnotes":""},"categories":[37],"tags":[],"class_list":["post-132628","post","type-post","status-publish","format-standard","has-post-thumbnail","","category-politike"],"_links":{"self":[{"href":"https:\/\/rdnews.al\/index.php\/wp-json\/wp\/v2\/posts\/132628","targetHints":{"allow":["GET"]}}],"collection":[{"href":"https:\/\/rdnews.al\/index.php\/wp-json\/wp\/v2\/posts"}],"about":[{"href":"https:\/\/rdnews.al\/index.php\/wp-json\/wp\/v2\/types\/post"}],"author":[{"embeddable":true,"href":"https:\/\/rdnews.al\/index.php\/wp-json\/wp\/v2\/users\/4"}],"replies":[{"embeddable":true,"href":"https:\/\/rdnews.al\/index.php\/wp-json\/wp\/v2\/comments?post=132628"}],"version-history":[{"count":1,"href":"https:\/\/rdnews.al\/index.php\/wp-json\/wp\/v2\/posts\/132628\/revisions"}],"predecessor-version":[{"id":132630,"href":"https:\/\/rdnews.al\/index.php\/wp-json\/wp\/v2\/posts\/132628\/revisions\/132630"}],"wp:featuredmedia":[{"embeddable":true,"href":"https:\/\/rdnews.al\/index.php\/wp-json\/wp\/v2\/media\/132629"}],"wp:attachment":[{"href":"https:\/\/rdnews.al\/index.php\/wp-json\/wp\/v2\/media?parent=132628"}],"wp:term":[{"taxonomy":"category","embeddable":true,"href":"https:\/\/rdnews.al\/index.php\/wp-json\/wp\/v2\/categories?post=132628"},{"taxonomy":"post_tag","embeddable":true,"href":"https:\/\/rdnews.al\/index.php\/wp-json\/wp\/v2\/tags?post=132628"}],"curies":[{"name":"wp","href":"https:\/\/api.w.org\/{rel}","templated":true}]}}