{"id":132638,"date":"2026-01-05T18:49:16","date_gmt":"2026-01-05T18:49:16","guid":{"rendered":"https:\/\/rdnews.al\/?p=132638"},"modified":"2026-01-05T19:37:35","modified_gmt":"2026-01-05T19:37:35","slug":"erisha-ne-nuk-presim-qe-forcat-delta-te-zbarkojne-ne-surrel-sepse-do-zbarkojne-deltat-tona","status":"publish","type":"post","link":"https:\/\/rdnews.al\/index.php\/2026\/01\/05\/erisha-ne-nuk-presim-qe-forcat-delta-te-zbarkojne-ne-surrel-sepse-do-zbarkojne-deltat-tona\/","title":{"rendered":"Berisha: Ne nuk presim q\u00eb forcat Delta t\u00eb zbarkojn\u00eb n\u00eb Surrel sepse do zbarkojn\u00eb Deltat tona"},"content":{"rendered":"<p>Kryetari i PD, Sali Berisha gjat\u00eb fjal\u00ebs s\u00eb mbajtur n\u00eb \u2018Foltoren\u2019 para kryeministris\u00eb u shpreh se, nuk presin q\u00eb n\u00eb Surrel t\u00eb zbarkojn\u00eb forcat \u2018Delta\u2019 t\u00eb SHBA, sepse aty do t\u00eb zbresin \u2018Deltat\u2019 e qytetar\u00ebve sapo t\u00eb marrin urdhrin.<\/p>\n<p>Berisha tha se, natyrisht do t\u2019i them k\u00ebtu se ne nuk presim q\u00eb forcat Delta t\u00eb zbarkojn\u00eb n\u00eb Surrel, se do zbarkojn\u00eb Deltat tona. Ja ku i kemi Deltat q\u00eb do zbarkojn\u00eb n\u00eb Surrel.<\/p>\n<p><strong>Berisha: <\/strong>Miq, a e kuptoni pra pse thoshte ky dje n\u00eb artikull mos kujtoni se jam Maduro.<\/p>\n<p>Jo, jo, je Ramaduro.<\/p>\n<p>Natyrisht do t\u2019i them k\u00ebtu se ne nuk presim q\u00eb forcat Delta t\u00eb zbarkojn\u00eb n\u00eb Surrel, se do zbarkojn\u00eb Deltat tona.<\/p>\n<p>Ja ku i kemi Deltat q\u00eb do zbarkojn\u00eb n\u00eb Surrel.<\/p>\n<p>Ja ku i ke Deltat.<\/p>\n<p>K\u00ebta Delta q\u00eb i ke k\u00ebtu para, priti n\u00eb Surrel sapo t\u00eb marrin urdhrin.<\/p>\n<p>Atje do i kesh.<\/p>\n<p>Po, por nj\u00eb gj\u00eb, nj\u00eblloj si Maduron, edhe ti n\u00eb sall\u00ebn e gjyqit do p\u00ebrfundosh bashk\u00eb me Lindat, Lubit\u00eb dhe t\u00eb gjith\u00eb suit\u00ebn t\u00ebnde.<\/p>\n<p>P\u00ebr k\u00ebt\u00eb e siguroj.<\/p>\n<p>Pra, ky \u00ebsht\u00eb nj\u00eb vit i madh p\u00ebr ne.<\/p>\n<p>Ky \u00ebsht\u00eb viti n\u00eb t\u00eb cilin do triumfojm\u00eb.<\/p>\n<p>Populli opozitar do triumfoj\u00eb.<\/p>\n<p>Shqiptar\u00ebt me dinjitet do p\u00ebrmbysin diktatur\u00ebn e sh\u00ebmtuar, t\u00eb urryer q\u00eb u instalua mbi ta dhe p\u00ebrs\u00ebri do jen\u00eb nj\u00eb popull i lir\u00eb.<\/p>\n<p>Me energjit\u00eb e tyre do nd\u00ebrtojn\u00eb t\u00eb sotmen dhe t\u00eb ardhmen e tyre.<\/p>\n<p>Edhe nj\u00ebher\u00eb u uroj g\u00ebzuar Vitin e Ri.<\/p>\n<p>U garantoj se beteja jon\u00eb ndalet vet\u00ebm me fitoren e opozit\u00ebs.<\/p>\n","protected":false},"excerpt":{"rendered":"<p>Kryetari i PD, Sali Berisha gjat\u00eb fjal\u00ebs s\u00eb mbajtur n\u00eb \u2018Foltoren\u2019 para kryeministris\u00eb u shpreh se, nuk presin q\u00eb n\u00eb Surrel t\u00eb zbarkojn\u00eb forcat \u2018Delta\u2019 t\u00eb SHBA, sepse aty do t\u00eb zbresin \u2018Deltat\u2019 e qytetar\u00ebve sapo t\u00eb marrin urdhrin. Berisha tha se, natyrisht do t\u2019i them k\u00ebtu se ne nuk presim q\u00eb forcat Delta t\u00eb &hellip;<\/p>\n","protected":false},"author":4,"featured_media":132639,"comment_status":"closed","ping_status":"closed","sticky":false,"template":"","format":"standard","meta":{"footnotes":""},"categories":[37],"tags":[],"class_list":["post-132638","post","type-post","status-publish","format-standard","has-post-thumbnail","","category-politike"],"_links":{"self":[{"href":"https:\/\/rdnews.al\/index.php\/wp-json\/wp\/v2\/posts\/132638","targetHints":{"allow":["GET"]}}],"collection":[{"href":"https:\/\/rdnews.al\/index.php\/wp-json\/wp\/v2\/posts"}],"about":[{"href":"https:\/\/rdnews.al\/index.php\/wp-json\/wp\/v2\/types\/post"}],"author":[{"embeddable":true,"href":"https:\/\/rdnews.al\/index.php\/wp-json\/wp\/v2\/users\/4"}],"replies":[{"embeddable":true,"href":"https:\/\/rdnews.al\/index.php\/wp-json\/wp\/v2\/comments?post=132638"}],"version-history":[{"count":3,"href":"https:\/\/rdnews.al\/index.php\/wp-json\/wp\/v2\/posts\/132638\/revisions"}],"predecessor-version":[{"id":132642,"href":"https:\/\/rdnews.al\/index.php\/wp-json\/wp\/v2\/posts\/132638\/revisions\/132642"}],"wp:featuredmedia":[{"embeddable":true,"href":"https:\/\/rdnews.al\/index.php\/wp-json\/wp\/v2\/media\/132639"}],"wp:attachment":[{"href":"https:\/\/rdnews.al\/index.php\/wp-json\/wp\/v2\/media?parent=132638"}],"wp:term":[{"taxonomy":"category","embeddable":true,"href":"https:\/\/rdnews.al\/index.php\/wp-json\/wp\/v2\/categories?post=132638"},{"taxonomy":"post_tag","embeddable":true,"href":"https:\/\/rdnews.al\/index.php\/wp-json\/wp\/v2\/tags?post=132638"}],"curies":[{"name":"wp","href":"https:\/\/api.w.org\/{rel}","templated":true}]}}