{"id":13264,"date":"2022-05-24T10:06:09","date_gmt":"2022-05-24T10:06:09","guid":{"rendered":"https:\/\/rdnews.al\/?p=13264"},"modified":"2022-05-24T10:06:09","modified_gmt":"2022-05-24T10:06:09","slug":"vrasjet-ne-komisariate-paloka-kriminele-me-uniforme-kjo-eshte-policia-e-rames","status":"publish","type":"post","link":"https:\/\/rdnews.al\/index.php\/2022\/05\/24\/vrasjet-ne-komisariate-paloka-kriminele-me-uniforme-kjo-eshte-policia-e-rames\/","title":{"rendered":"Vrasjet n\u00eb komisariate\/ Paloka: Kriminel\u00eb me uniform\u00eb, kjo \u00ebsht\u00eb policia e Ram\u00ebs!"},"content":{"rendered":"<p>Kryetari i K\u00ebshillit Komb\u00ebtar i Partis\u00eb Demokratike, Edi Paloka ka akuzuar qeverin\u00eb Rama p\u00ebr dy ngjarjet q\u00eb ndodh\u00ebn mbr\u00ebmjen e kaluar n\u00eb kryeqytet, n\u00eb t\u00eb cilat ishin t\u00eb p\u00ebrfshir\u00eb polic\u00eb t\u00eb shtetit. Me an\u00eb t\u00eb nj\u00eb reagimi n\u00eb rrjetin e tij social Facebook, Paloka i quan efektiv\u00ebt e p\u00ebrfshir\u00eb n\u00eb ngjarje si &#8216;kriminel\u00eb me uniform\u00eb&#8217;.<\/p>\n<p>&#8220;Kur komisariatet mbushen me bandit\u00eb, militant\u00eb t\u00eb \u201cRilindjes\u201d, kjo \u00ebsht\u00eb m\u00eb e pakta q\u00eb mund t\u00eb ndodh. Brenda pak minutash, dy ngjarje t\u00eb r\u00ebnda me protagonist\u00eb, kriminel\u00eb me uniform\u00eb. Tipike n\u00eb komisariat ku \u201cpatronazhisti\u201d prej vet\u00ebm nj\u00eb viti n\u00eb pun\u00eb, q\u00ebllon mbi profesionistin. Nd\u00ebrkoh\u00eb, krimineli tjet\u00ebr me uniform\u00ebn e FNSH, q\u00ebllon i dehur mbi qytetarin.Kjo \u00ebsht\u00eb policia e Ram\u00ebs, \u00a0b\u00ebmat e s\u00eb cil\u00ebs nuk kan\u00eb t\u00eb mbaruar me vrasjet n\u00eb rrug\u00eb dhe n\u00eb komisariate t\u00eb qytetar\u00ebve. K\u00ebshtu ndodh kur profesionist\u00ebt z\u00ebvend\u00ebsohen me militant\u00eb bandit\u00eb&#8221;, shkruan Paloka.<\/p>\n<p>Dy ngjarje ndodh\u00ebn mbr\u00ebmjen e kaluar n\u00eb kryeqytet ku t\u00eb p\u00ebrfshir\u00eb ishin polic\u00eb t\u00eb shtetit.<\/p>\n<p>Rreth or\u00ebs 20:45, u raportua p\u00ebr nj\u00eb person t\u00eb plagosur me arm\u00eb zjarri n\u00eb zon\u00ebn e Kombinatit.\u00a060-vje\u00e7ari Murteza Lika mbeti i plagosur me arm\u00eb nga efektivi i FNSH-s\u00eb Lutfi Gjyla.\u00a0Lika u paraqitu n\u00eb spital p\u00ebr t\u00eb marr\u00eb ndihm\u00eb mjek\u00ebsore, nd\u00ebrkoh\u00eb q\u00eb autori u vendosu n\u00eb prangat e Policis\u00eb s\u00eb Shtetit.<\/p>\n<p>Pak minuta m\u00eb pas nj\u00eb ngjarje akoma m\u00eb e r\u00ebnd\u00eb ndodhi brenda ambienteve t\u00eb komisariatit nr.3 n\u00eb kryeqytet. Efektivi i policis\u00eb, Ludjan Zaimi q\u00eblloi me arm\u00eb zjarri kolegun e tij, \u00c7aush Saliasi gjat\u00eb koh\u00ebs q\u00eb po merrnin instruktazhin p\u00ebr turnin e tret\u00eb duke i marr\u00eb k\u00ebshtu jet\u00ebn.<\/p>\n","protected":false},"excerpt":{"rendered":"<p>Kryetari i K\u00ebshillit Komb\u00ebtar i Partis\u00eb Demokratike, Edi Paloka ka akuzuar qeverin\u00eb Rama p\u00ebr dy ngjarjet q\u00eb ndodh\u00ebn mbr\u00ebmjen e kaluar n\u00eb kryeqytet, n\u00eb t\u00eb cilat ishin t\u00eb p\u00ebrfshir\u00eb polic\u00eb t\u00eb shtetit. Me an\u00eb t\u00eb nj\u00eb reagimi n\u00eb rrjetin e tij social Facebook, Paloka i quan efektiv\u00ebt e p\u00ebrfshir\u00eb n\u00eb ngjarje si &#8216;kriminel\u00eb me uniform\u00eb&#8217;. &hellip;<\/p>\n","protected":false},"author":4,"featured_media":0,"comment_status":"open","ping_status":"open","sticky":false,"template":"","format":"standard","meta":{"footnotes":""},"categories":[37],"tags":[],"class_list":["post-13264","post","type-post","status-publish","format-standard","","category-politike"],"_links":{"self":[{"href":"https:\/\/rdnews.al\/index.php\/wp-json\/wp\/v2\/posts\/13264","targetHints":{"allow":["GET"]}}],"collection":[{"href":"https:\/\/rdnews.al\/index.php\/wp-json\/wp\/v2\/posts"}],"about":[{"href":"https:\/\/rdnews.al\/index.php\/wp-json\/wp\/v2\/types\/post"}],"author":[{"embeddable":true,"href":"https:\/\/rdnews.al\/index.php\/wp-json\/wp\/v2\/users\/4"}],"replies":[{"embeddable":true,"href":"https:\/\/rdnews.al\/index.php\/wp-json\/wp\/v2\/comments?post=13264"}],"version-history":[{"count":0,"href":"https:\/\/rdnews.al\/index.php\/wp-json\/wp\/v2\/posts\/13264\/revisions"}],"wp:attachment":[{"href":"https:\/\/rdnews.al\/index.php\/wp-json\/wp\/v2\/media?parent=13264"}],"wp:term":[{"taxonomy":"category","embeddable":true,"href":"https:\/\/rdnews.al\/index.php\/wp-json\/wp\/v2\/categories?post=13264"},{"taxonomy":"post_tag","embeddable":true,"href":"https:\/\/rdnews.al\/index.php\/wp-json\/wp\/v2\/tags?post=13264"}],"curies":[{"name":"wp","href":"https:\/\/api.w.org\/{rel}","templated":true}]}}