{"id":132648,"date":"2026-01-05T21:16:33","date_gmt":"2026-01-05T21:16:33","guid":{"rendered":"https:\/\/rdnews.al\/?p=132648"},"modified":"2026-01-05T21:16:44","modified_gmt":"2026-01-05T21:16:44","slug":"petro-i-kolumbise-thote-se-do-te-marre-armet-te-luftoje-kunder-shteteve-te-bashkuara","status":"publish","type":"post","link":"https:\/\/rdnews.al\/index.php\/2026\/01\/05\/petro-i-kolumbise-thote-se-do-te-marre-armet-te-luftoje-kunder-shteteve-te-bashkuara\/","title":{"rendered":"Petro i Kolumbis\u00eb thot\u00eb se do t\u00eb marr\u00eb arm\u00ebt t\u00eb luftoj\u00eb kund\u00ebr Shteteve te Bashkuara"},"content":{"rendered":"<p>Presidenti i Kolumbis\u00eb, Gustavo Petro, ka deklaruar se \u00ebsht\u00eb i gatsh\u00ebm t\u00eb marr\u00eb arm\u00ebt p\u00ebr t\u00eb \u201cmbrojtur atdheun\u201d, duke reaguar ashp\u00ebr ndaj precedentit t\u00eb krijuar nga arrestimi i presidentit venezuelas Nicol\u00e1s Maduro nga forcat amerikane.<\/p>\n<p>N\u00eb nj\u00eb deklarat\u00eb publike me tone t\u00eb forta politike dhe simbolike, Petro shprehu bindjen se populli kolumbian do ta mbronte at\u00eb, n\u00ebse Shtetet e Bashkuara do t\u00eb tentonin nj\u00eb veprim t\u00eb ngjash\u00ebm ndaj tij.<\/p>\n<p>\u201cN\u00ebse ata ndalojn\u00eb nj\u00eb president q\u00eb nj\u00eb pjes\u00eb e madhe e popullit tim e do dhe e respekton, at\u00ebher\u00eb do t\u00eb zgjojn\u00eb jaguarin e popullit\u201d, u shpreh Petro.<\/p>\n","protected":false},"excerpt":{"rendered":"<p>Presidenti i Kolumbis\u00eb, Gustavo Petro, ka deklaruar se \u00ebsht\u00eb i gatsh\u00ebm t\u00eb marr\u00eb arm\u00ebt p\u00ebr t\u00eb \u201cmbrojtur atdheun\u201d, duke reaguar ashp\u00ebr ndaj precedentit t\u00eb krijuar nga arrestimi i presidentit venezuelas Nicol\u00e1s Maduro nga forcat amerikane. N\u00eb nj\u00eb deklarat\u00eb publike me tone t\u00eb forta politike dhe simbolike, Petro shprehu bindjen se populli kolumbian do ta mbronte &hellip;<\/p>\n","protected":false},"author":3,"featured_media":132649,"comment_status":"closed","ping_status":"closed","sticky":false,"template":"","format":"standard","meta":{"footnotes":""},"categories":[38],"tags":[],"class_list":["post-132648","post","type-post","status-publish","format-standard","has-post-thumbnail","","category-bota"],"_links":{"self":[{"href":"https:\/\/rdnews.al\/index.php\/wp-json\/wp\/v2\/posts\/132648","targetHints":{"allow":["GET"]}}],"collection":[{"href":"https:\/\/rdnews.al\/index.php\/wp-json\/wp\/v2\/posts"}],"about":[{"href":"https:\/\/rdnews.al\/index.php\/wp-json\/wp\/v2\/types\/post"}],"author":[{"embeddable":true,"href":"https:\/\/rdnews.al\/index.php\/wp-json\/wp\/v2\/users\/3"}],"replies":[{"embeddable":true,"href":"https:\/\/rdnews.al\/index.php\/wp-json\/wp\/v2\/comments?post=132648"}],"version-history":[{"count":2,"href":"https:\/\/rdnews.al\/index.php\/wp-json\/wp\/v2\/posts\/132648\/revisions"}],"predecessor-version":[{"id":132651,"href":"https:\/\/rdnews.al\/index.php\/wp-json\/wp\/v2\/posts\/132648\/revisions\/132651"}],"wp:featuredmedia":[{"embeddable":true,"href":"https:\/\/rdnews.al\/index.php\/wp-json\/wp\/v2\/media\/132649"}],"wp:attachment":[{"href":"https:\/\/rdnews.al\/index.php\/wp-json\/wp\/v2\/media?parent=132648"}],"wp:term":[{"taxonomy":"category","embeddable":true,"href":"https:\/\/rdnews.al\/index.php\/wp-json\/wp\/v2\/categories?post=132648"},{"taxonomy":"post_tag","embeddable":true,"href":"https:\/\/rdnews.al\/index.php\/wp-json\/wp\/v2\/tags?post=132648"}],"curies":[{"name":"wp","href":"https:\/\/api.w.org\/{rel}","templated":true}]}}