{"id":132652,"date":"2026-01-05T21:38:16","date_gmt":"2026-01-05T21:38:16","guid":{"rendered":"https:\/\/rdnews.al\/?p=132652"},"modified":"2026-01-05T21:38:16","modified_gmt":"2026-01-05T21:38:16","slug":"10-miliarde-dollare-zvicra-ngrin-pasurite-e-maduros","status":"publish","type":"post","link":"https:\/\/rdnews.al\/index.php\/2026\/01\/05\/10-miliarde-dollare-zvicra-ngrin-pasurite-e-maduros\/","title":{"rendered":"10 miliard\u00eb dollar\u00eb\/ Zvicra ngrin pasurit\u00eb e Maduros"},"content":{"rendered":"<p><span dir=\"auto\">Nicolas Maduro \u00ebsht\u00eb p\u00ebrballur me nj\u00eb goditje t\u00eb re nga Evropa.<\/span><\/p>\n<p><span dir=\"auto\">Qeveria zvicerane ka vendosur t\u00eb ngrij\u00eb t\u00eb gjitha asetet e mbajtura nga Maduro dhe ata q\u00eb jan\u00eb t\u00eb lidhur me t\u00eb n\u00eb Zvic\u00ebr, dhe masa hyn n\u00eb fuqi menj\u00ebher\u00eb.<\/span><\/p>\n<p><span dir=\"auto\">Si\u00e7 \u00ebsht\u00eb njoftuar, q\u00ebllimi \u00ebsht\u00eb t\u00eb parandalohet nxjerrja e mundshme e fondeve nga vendi. N\u00ebse procedurat e ardhshme gjyq\u00ebsore tregojn\u00eb se asetet jan\u00eb fituar n\u00eb m\u00ebnyr\u00eb t\u00eb paligjshme, Zvicra thot\u00eb se do t\u00eb p\u00ebrpiqet t\u2019ia kthej\u00eb parat\u00eb popullit venezuelian, transmeton Klankosova.tv\u00a0<\/span><\/p>\n<p><span dir=\"auto\">Ende nuk dihet sakt\u00ebsisht se sa pron\u00eb ka Maduro n\u00eb Zvic\u00ebr, por mediat zvicerane raportuan n\u00eb vitin 2021, duke cituar dokumente t\u00eb rrjedhura, se prokuror\u00ebt kishin identifikuar llogari bankare me rreth 10 miliard\u00eb dollar\u00eb, t\u00eb dyshuara se buronin nga fonde publike t\u00eb p\u00ebrvet\u00ebsuara n\u00eb Venezuel\u00eb.<\/span><\/p>\n<p><span dir=\"auto\">Vendimi i sot\u00ebm p\u00ebr ngrirjen e aseteve \u00ebsht\u00eb i vlefsh\u00ebm p\u00ebr kat\u00ebr vjet, ose deri n\u00eb njoftim t\u00eb m\u00ebtejsh\u00ebm, var\u00ebsisht nga zhvillimi i procedurave ligjore.\u00a0<\/span><\/p>\n","protected":false},"excerpt":{"rendered":"<p>Nicolas Maduro \u00ebsht\u00eb p\u00ebrballur me nj\u00eb goditje t\u00eb re nga Evropa. Qeveria zvicerane ka vendosur t\u00eb ngrij\u00eb t\u00eb gjitha asetet e mbajtura nga Maduro dhe ata q\u00eb jan\u00eb t\u00eb lidhur me t\u00eb n\u00eb Zvic\u00ebr, dhe masa hyn n\u00eb fuqi menj\u00ebher\u00eb. Si\u00e7 \u00ebsht\u00eb njoftuar, q\u00ebllimi \u00ebsht\u00eb t\u00eb parandalohet nxjerrja e mundshme e fondeve nga vendi. N\u00ebse &hellip;<\/p>\n","protected":false},"author":3,"featured_media":132653,"comment_status":"closed","ping_status":"closed","sticky":false,"template":"","format":"standard","meta":{"footnotes":""},"categories":[37],"tags":[],"class_list":["post-132652","post","type-post","status-publish","format-standard","has-post-thumbnail","","category-politike"],"_links":{"self":[{"href":"https:\/\/rdnews.al\/index.php\/wp-json\/wp\/v2\/posts\/132652","targetHints":{"allow":["GET"]}}],"collection":[{"href":"https:\/\/rdnews.al\/index.php\/wp-json\/wp\/v2\/posts"}],"about":[{"href":"https:\/\/rdnews.al\/index.php\/wp-json\/wp\/v2\/types\/post"}],"author":[{"embeddable":true,"href":"https:\/\/rdnews.al\/index.php\/wp-json\/wp\/v2\/users\/3"}],"replies":[{"embeddable":true,"href":"https:\/\/rdnews.al\/index.php\/wp-json\/wp\/v2\/comments?post=132652"}],"version-history":[{"count":1,"href":"https:\/\/rdnews.al\/index.php\/wp-json\/wp\/v2\/posts\/132652\/revisions"}],"predecessor-version":[{"id":132654,"href":"https:\/\/rdnews.al\/index.php\/wp-json\/wp\/v2\/posts\/132652\/revisions\/132654"}],"wp:featuredmedia":[{"embeddable":true,"href":"https:\/\/rdnews.al\/index.php\/wp-json\/wp\/v2\/media\/132653"}],"wp:attachment":[{"href":"https:\/\/rdnews.al\/index.php\/wp-json\/wp\/v2\/media?parent=132652"}],"wp:term":[{"taxonomy":"category","embeddable":true,"href":"https:\/\/rdnews.al\/index.php\/wp-json\/wp\/v2\/categories?post=132652"},{"taxonomy":"post_tag","embeddable":true,"href":"https:\/\/rdnews.al\/index.php\/wp-json\/wp\/v2\/tags?post=132652"}],"curies":[{"name":"wp","href":"https:\/\/api.w.org\/{rel}","templated":true}]}}