{"id":132659,"date":"2026-01-06T09:18:32","date_gmt":"2026-01-06T09:18:32","guid":{"rendered":"https:\/\/rdnews.al\/?p=132659"},"modified":"2026-01-06T09:19:17","modified_gmt":"2026-01-06T09:19:17","slug":"berisha-publikon-pamjet-e-permbytjeve-durresi-i-betonit-apo-gjushit-dhe-ramaduros","status":"publish","type":"post","link":"https:\/\/rdnews.al\/index.php\/2026\/01\/06\/berisha-publikon-pamjet-e-permbytjeve-durresi-i-betonit-apo-gjushit-dhe-ramaduros\/","title":{"rendered":"P\u00ebrmbytjet\/ Berisha publikon pamjet: Durr\u00ebsi i Betonit apo Gjushit dhe Ramaduros?!"},"content":{"rendered":"<p>Kryetari i PD, Sali Berisha, ka publikuar pamje nga p\u00ebrmbytjet n\u00eb Durr\u00ebs, si pasoj\u00eb e reshjeve t\u00eb dendura t\u00eb shiut.<\/p>\n<div class=\"jeg_ad jeg_ad_article jnews_content_inline_ads \">\n<div class=\"ads-wrapper align-center \">\n<div class=\"ads_code\">N\u00eb videon e shp\u00ebrndar\u00eb n\u00eb rrjetet sociale, shihen rrug\u00eb t\u00ebr\u00ebsisht t\u00eb mbuluara nga uji, automjete t\u00eb bllokuara dhe qytetar\u00eb t\u00eb detyruar t\u00eb l\u00ebvizin n\u00eb kushte t\u00eb v\u00ebshtira.<\/div>\n<\/div>\n<\/div>\n<p>Duke iu referuar situat\u00ebs, Berisha shkruan:\u00a0<em>\u201cDurr\u00ebsi i Betonit apo Gjushit dhe Ramaduros!\u201d,<\/em>\u00a0duke e cil\u00ebsuar gjendjen si pasoj\u00eb t\u00eb drejtp\u00ebrdrejt\u00eb t\u00eb betonizimit pa kriter dhe keqmenaxhimit t\u00eb qytetit.<\/p>\n<p><iframe loading=\"lazy\" src=\"https:\/\/www.facebook.com\/plugins\/video.php?height=476&amp;href=https%3A%2F%2Fwww.facebook.com%2Freel%2F1585712865963711%2F&amp;show_text=false&amp;width=269&amp;t=0\" width=\"269\" height=\"476\" frameborder=\"0\" scrolling=\"no\" allowfullscreen=\"allowfullscreen\" data-mce-fragment=\"1\"><\/iframe><\/p>\n<p>P\u00ebrmbytjet n\u00eb qytetin e Durr\u00ebsit\u00a0 jan\u00eb rezultat i politikave t\u00eb d\u00ebshtuara urbanistike dhe munges\u00ebs s\u00eb investimeve n\u00eb infrastruktur\u00eb dhe sistemin e kanalizimeve, p\u00ebrgjegj\u00ebsi q\u00eb i atribuohen qeveris\u00eb dhe pushtetit lokal.<\/p>\n<p>Pamjet d\u00ebshmojn\u00eb edhe nj\u00eb her\u00eb se \u00e7do episod reshjesh e kthen Durr\u00ebsin n\u00eb emergjenc\u00eb, nd\u00ebrsa qytetar\u00ebt p\u00ebrballen me pasoja t\u00eb p\u00ebrs\u00ebritura nga neglizhenca institucionale.<\/p>\n","protected":false},"excerpt":{"rendered":"<p>Kryetari i PD, Sali Berisha, ka publikuar pamje nga p\u00ebrmbytjet n\u00eb Durr\u00ebs, si pasoj\u00eb e reshjeve t\u00eb dendura t\u00eb shiut. N\u00eb videon e shp\u00ebrndar\u00eb n\u00eb rrjetet sociale, shihen rrug\u00eb t\u00ebr\u00ebsisht t\u00eb mbuluara nga uji, automjete t\u00eb bllokuara dhe qytetar\u00eb t\u00eb detyruar t\u00eb l\u00ebvizin n\u00eb kushte t\u00eb v\u00ebshtira. Duke iu referuar situat\u00ebs, Berisha shkruan:\u00a0\u201cDurr\u00ebsi i Betonit &hellip;<\/p>\n","protected":false},"author":4,"featured_media":132660,"comment_status":"closed","ping_status":"closed","sticky":false,"template":"","format":"standard","meta":{"footnotes":""},"categories":[37],"tags":[],"class_list":["post-132659","post","type-post","status-publish","format-standard","has-post-thumbnail","","category-politike"],"_links":{"self":[{"href":"https:\/\/rdnews.al\/index.php\/wp-json\/wp\/v2\/posts\/132659","targetHints":{"allow":["GET"]}}],"collection":[{"href":"https:\/\/rdnews.al\/index.php\/wp-json\/wp\/v2\/posts"}],"about":[{"href":"https:\/\/rdnews.al\/index.php\/wp-json\/wp\/v2\/types\/post"}],"author":[{"embeddable":true,"href":"https:\/\/rdnews.al\/index.php\/wp-json\/wp\/v2\/users\/4"}],"replies":[{"embeddable":true,"href":"https:\/\/rdnews.al\/index.php\/wp-json\/wp\/v2\/comments?post=132659"}],"version-history":[{"count":2,"href":"https:\/\/rdnews.al\/index.php\/wp-json\/wp\/v2\/posts\/132659\/revisions"}],"predecessor-version":[{"id":132662,"href":"https:\/\/rdnews.al\/index.php\/wp-json\/wp\/v2\/posts\/132659\/revisions\/132662"}],"wp:featuredmedia":[{"embeddable":true,"href":"https:\/\/rdnews.al\/index.php\/wp-json\/wp\/v2\/media\/132660"}],"wp:attachment":[{"href":"https:\/\/rdnews.al\/index.php\/wp-json\/wp\/v2\/media?parent=132659"}],"wp:term":[{"taxonomy":"category","embeddable":true,"href":"https:\/\/rdnews.al\/index.php\/wp-json\/wp\/v2\/categories?post=132659"},{"taxonomy":"post_tag","embeddable":true,"href":"https:\/\/rdnews.al\/index.php\/wp-json\/wp\/v2\/tags?post=132659"}],"curies":[{"name":"wp","href":"https:\/\/api.w.org\/{rel}","templated":true}]}}