{"id":132738,"date":"2026-01-06T18:04:42","date_gmt":"2026-01-06T18:04:42","guid":{"rendered":"https:\/\/rdnews.al\/?p=132738"},"modified":"2026-01-06T18:04:42","modified_gmt":"2026-01-06T18:04:42","slug":"nese-spak-do-bente-detyren","status":"publish","type":"post","link":"https:\/\/rdnews.al\/index.php\/2026\/01\/06\/nese-spak-do-bente-detyren\/","title":{"rendered":"N\u00ebse SPAK do b\u00ebnte detyr\u00ebn&#8230;"},"content":{"rendered":"<p><strong>Nga Adriana KALAJA<\/strong><\/p>\n<p>M\u00eb dat\u00eb 1 prill 2025, kam depozituar kall\u00ebzim penal n\u00eb SPAK kund\u00ebr Belinda Ballukut, Ceno Klosit, Emirjana Sako, Spartak Kova\u00e7i, Genti Klosi dhe \u00e7do person tjet\u00ebr t\u00eb paidentifikuar prej meje por q\u00eb do rezultonte nga SPAK, q\u00eb kishte lidhje me k\u00ebto vepra penale q\u00eb kam kall\u00ebzuar.<\/p>\n<p>Sipas provave t\u00eb referuar n\u00eb SPAK, shuma e abuzuar e q\u00eb lidhej me Bashkin\u00eb dhe Uj\u00ebsjell\u00ebs Kanalizime Durr\u00ebs, shkon mbi 46 milion\u00eb Euro.<\/p>\n<p>Ajo q\u00eb ndodhi sot n\u00eb Durr\u00ebs dhe jo vet\u00ebm, por edhe her\u00eb t\u00eb tjera, tregon qart\u00eb se institucionet vendore kan\u00eb r\u00ebn\u00eb dhe se shifrat e abuzuar n\u00ebse do ishin investuar n\u00eb z\u00ebrin p\u00ebrkat\u00ebs n\u00eb interes t\u00eb publikut, situata do ishte komplet ndryshe.<\/p>\n<p>Nisur nga shkresa e SPAK, se kjo \u00e7\u00ebshtje \u00ebsht\u00eb rregjistruar q\u00eb n\u00eb prill 2025, dhe organi i akuzes nuk ka b\u00ebr\u00eb asnj\u00eb veprim konkret hetimor, tregon qart\u00eb se n\u00ebse SPAK do reagonte bazuar n\u00eb dispozita ligjore, kjo organizat\u00eb kriminale, se k\u00ebshtu e kam cil\u00ebsuar n\u00eb kall\u00ebzim, do ishte pas hekurave, dhe jo duke harxhuar parat\u00eb e grabitura n\u00eb &#8220;xhepin ton\u00eb&#8221;, me pushime jasht\u00eb vendit.<\/p>\n<p>Nj\u00eb falenderim i madh i shkon dhe emisionit PLUG te <a href=\"https:\/\/www.facebook.com\/syrimedia?__cft__%5b0%5d=AZYtoM-6V33qU4lV0xOXTo6NzGB0WiXmYAE5ZK67EvaCEFoYzixT3LKLRFmZg_UpfMpL-0-eCAXDngV7lvMtjIZAjImKIquuGDHuwUARmuLMII7_X3m6hvZXwjvG5ZqEqZSQ8lUIyuN2vkyx2qESkKp0qDbT2BK86HK0iYHnlgNY_Q&amp;__tn__=-%5dK-R\" target=\"_blank\" rel=\"noopener\"><strong>Syri Tv<\/strong><\/a>, p\u00ebr k\u00ebt\u00eb denoncim t\u00eb b\u00ebr\u00ea mbi fakte e prova.<\/p>\n<p>Gjithsesi,<\/p>\n<p>Erdhi dita t\u00eb japin llogari.<\/p>\n<p>Kush e ka rradh\u00ebn&#8230;&#8230;?<\/p>\n<p>PS: Prokurorja e \u00e7\u00ebshtjes, ka shansin t\u00eb tregoj\u00eb se e ia seriozisht zbatimin e Kushtetut\u00ebs dhe ligjit, meqen\u00ebse \u00ebsht\u00eb em\u00ebruar dhe n\u00eb Krye t\u00eb Seksionit t\u00eb Luft\u00ebs Kund\u00ebr Korrupsionit.<\/p>\n<p><img decoding=\"async\" src=\"https:\/\/scontent.ftia5-1.fna.fbcdn.net\/v\/t39.30808-6\/612384914_2230005757411066_3217696650621255587_n.jpg?stp=dst-jpg_s590x590_tt6&amp;_nc_cat=107&amp;ccb=1-7&amp;_nc_sid=833d8c&amp;_nc_eui2=AeFLIqVqOfgCTznK3Ru_PVZY-aObTMajvM75o5tMxqO8zjvAKQaYfi82BCSrEzZoQe0&amp;_nc_ohc=vblcP3vFfA8Q7kNvwHEmi1m&amp;_nc_oc=AdkCLTf7TEUUFf1g-WZzb8g1k9QOFQiJBuFugOLYpRhxM_PjEQEzjgedI59yT74cm3o&amp;_nc_zt=23&amp;_nc_ht=scontent.ftia5-1.fna&amp;_nc_gid=hhuH2ULEI98ZowdQ-x2c8g&amp;oh=00_AfqHTYPLtXZdf-i28yhnOGiyc-X3VZolXnN0OIQ9-jE6WQ&amp;oe=69633546\" \/><\/p>\n<p><img decoding=\"async\" src=\"https:\/\/scontent.ftia5-1.fna.fbcdn.net\/v\/t39.30808-6\/612725960_2230005817411060_3170286782554874237_n.jpg?stp=dst-jpg_s590x590_tt6&amp;_nc_cat=102&amp;ccb=1-7&amp;_nc_sid=833d8c&amp;_nc_eui2=AeG9-Kcd5bWso37Ks2clRB_pG-7R5PmKSrIb7tHk-YpKslsqQalRKw7lO-1-vicJvAA&amp;_nc_ohc=QJpeqih_arcQ7kNvwEsDYzR&amp;_nc_oc=AdnTK4Ui6dNFAv_Rjc7fJ0CgM33TPUtlKbzZd8pfWP6ZJ0sGU_V0CVcOHPSwdd6e1_o&amp;_nc_zt=23&amp;_nc_ht=scontent.ftia5-1.fna&amp;_nc_gid=hhuH2ULEI98ZowdQ-x2c8g&amp;oh=00_AfpIlGFd4_swdt1zjWT_EZHgozu3sbAZuKgMfePjH9z7Yg&amp;oe=6963202E\" \/><\/p>\n<p><img decoding=\"async\" src=\"https:\/\/scontent.ftia5-1.fna.fbcdn.net\/v\/t39.30808-6\/612021206_2230005850744390_3893606017043444964_n.jpg?stp=dst-jpg_s590x590_tt6&amp;_nc_cat=101&amp;ccb=1-7&amp;_nc_sid=833d8c&amp;_nc_eui2=AeFjDo4D2LTEz19W3kIBoXByX6ulKRkHO-tfq6UpGQc764iEEvnKWgpaymfg68km8l0&amp;_nc_ohc=_REaMCGZHH8Q7kNvwGlno4v&amp;_nc_oc=AdnE1sFZsgflrXZHzRJeSx87axHfvbONOnN51eXnMHVR1EnlDIMjAZrVMmDX8mrabCY&amp;_nc_zt=23&amp;_nc_ht=scontent.ftia5-1.fna&amp;_nc_gid=hhuH2ULEI98ZowdQ-x2c8g&amp;oh=00_AfpboSbc25lQXORjeFaRZ8IEvOsKJsy-GnRz4QUz3bOnGg&amp;oe=69633B7D\" \/><\/p>\n","protected":false},"excerpt":{"rendered":"<p>Nga Adriana KALAJA M\u00eb dat\u00eb 1 prill 2025, kam depozituar kall\u00ebzim penal n\u00eb SPAK kund\u00ebr Belinda Ballukut, Ceno Klosit, Emirjana Sako, Spartak Kova\u00e7i, Genti Klosi dhe \u00e7do person tjet\u00ebr t\u00eb paidentifikuar prej meje por q\u00eb do rezultonte nga SPAK, q\u00eb kishte lidhje me k\u00ebto vepra penale q\u00eb kam kall\u00ebzuar. Sipas provave t\u00eb referuar n\u00eb SPAK, &hellip;<\/p>\n","protected":false},"author":4,"featured_media":67658,"comment_status":"closed","ping_status":"closed","sticky":false,"template":"","format":"standard","meta":{"footnotes":""},"categories":[44],"tags":[],"class_list":["post-132738","post","type-post","status-publish","format-standard","has-post-thumbnail","","category-editorial"],"_links":{"self":[{"href":"https:\/\/rdnews.al\/index.php\/wp-json\/wp\/v2\/posts\/132738","targetHints":{"allow":["GET"]}}],"collection":[{"href":"https:\/\/rdnews.al\/index.php\/wp-json\/wp\/v2\/posts"}],"about":[{"href":"https:\/\/rdnews.al\/index.php\/wp-json\/wp\/v2\/types\/post"}],"author":[{"embeddable":true,"href":"https:\/\/rdnews.al\/index.php\/wp-json\/wp\/v2\/users\/4"}],"replies":[{"embeddable":true,"href":"https:\/\/rdnews.al\/index.php\/wp-json\/wp\/v2\/comments?post=132738"}],"version-history":[{"count":1,"href":"https:\/\/rdnews.al\/index.php\/wp-json\/wp\/v2\/posts\/132738\/revisions"}],"predecessor-version":[{"id":132739,"href":"https:\/\/rdnews.al\/index.php\/wp-json\/wp\/v2\/posts\/132738\/revisions\/132739"}],"wp:featuredmedia":[{"embeddable":true,"href":"https:\/\/rdnews.al\/index.php\/wp-json\/wp\/v2\/media\/67658"}],"wp:attachment":[{"href":"https:\/\/rdnews.al\/index.php\/wp-json\/wp\/v2\/media?parent=132738"}],"wp:term":[{"taxonomy":"category","embeddable":true,"href":"https:\/\/rdnews.al\/index.php\/wp-json\/wp\/v2\/categories?post=132738"},{"taxonomy":"post_tag","embeddable":true,"href":"https:\/\/rdnews.al\/index.php\/wp-json\/wp\/v2\/tags?post=132738"}],"curies":[{"name":"wp","href":"https:\/\/api.w.org\/{rel}","templated":true}]}}