{"id":132740,"date":"2026-01-06T19:06:18","date_gmt":"2026-01-06T19:06:18","guid":{"rendered":"https:\/\/rdnews.al\/?p=132740"},"modified":"2026-01-06T19:06:18","modified_gmt":"2026-01-06T19:06:18","slug":"permbytja-e-durresit-fajin-e-ka-uji","status":"publish","type":"post","link":"https:\/\/rdnews.al\/index.php\/2026\/01\/06\/permbytja-e-durresit-fajin-e-ka-uji\/","title":{"rendered":"P\u00ebrmbytja e Durr\u00ebsit, fajin e ka \u201cuji\u201d!"},"content":{"rendered":"<p>Vet\u00ebm disa or\u00eb n\u00ebn pushtetin e rreshjeve intensive t\u00eb shiut dhe, Durresi \u00ebshte gjendur i p\u00ebrmbytur dhe n\u00eb emergjenc\u00eb. M\u00ebsimi n\u00eb shkolla e \u00e7erdhe \u00ebsht\u00eb pezulluar. Veliera e Durr\u00ebsit dhe n\u00ebnkalimi p\u00ebrkat\u00ebs jan\u00eb p\u00ebrmbytur, ura e fshatit Bor\u00e7 rrezikon shembjen, nd\u00ebrsa disa familje jan\u00eb evakuuar.<\/p>\n<p>Qindra automjete dhe qytetar\u00eb jan\u00eb bllokuar me or\u00eb t\u00eb t\u00ebra n\u00eb autostrad\u00ebn \u00a0Durr\u00ebs-Tiran\u00eb e cila u pushtua nga uji. Alternativa p\u00ebr l\u00ebvizje t\u00eb automjeteve n\u00eb autostrad\u00eb mbeti rruga e vjet\u00ebr, Plepa-Ndroq.<\/p>\n<p>N\u00eb disa zona t\u00eb Shkodr\u00ebs dhe Lezh\u00ebs, uji ka shkuar deri n\u00eb 40 cm\u00a0 Ministri i Mbrojtjes Pirro V\u00ebngu mblodhi Shtabin e Emergjencave Civile p\u00ebr t\u00eb monitoruar situat\u00ebn dhe n\u00eb or\u00ebt n\u00eb vijim priten nd\u00ebrhyrje sidomos n\u00eb arginatura ku rrezikohet dalja nga shtrati i lumenjve.<\/p>\n<div><iframe loading=\"lazy\" src=\"https:\/\/streamable.com\/e\/5bsra7?\" width=\"100%\" height=\"100%\" allowfullscreen=\"allowfullscreen\" data-mce-fragment=\"1\"><\/iframe><\/div>\n<p>Nusha Pulaj, banore e ish-K\u00ebnet\u00ebs n\u00eb Durr\u00ebs, rr\u00ebfen p\u00ebr Faktoje.al se banesa e saj \u00ebsht\u00eb p\u00ebrfshir\u00eb nga p\u00ebrmbytja:<\/p>\n<p><em>\u201cUji hyri brenda dhe gjith\u00e7ka u p\u00ebrmbyt.\u201d<\/em><\/p>\n<p>Por Nusha nuk \u00ebsht\u00eb e vetme. Jan\u00eb me dhjetra familje \u00a0n\u00eb zon\u00ebn e \u00a0Ish-K\u00ebnet\u00ebs, Spitall\u00eb dhe Nishtull\u00eb, \u00a0t\u00eb mbushura me uj\u00eb.<\/p>\n<div><iframe loading=\"lazy\" src=\"https:\/\/streamable.com\/e\/53kfp7?\" width=\"100%\" height=\"100%\" allowfullscreen=\"allowfullscreen\" data-mce-fragment=\"1\"><\/iframe><\/div>\n<p>\u201cKjo rrug\u00eb p\u00ebrmbytet gjithmon\u00eb k\u00ebshtu. Uji arriti mbi nj\u00eb met\u00ebr k\u00ebtu, nuk ka ardhur askush p\u00ebr t\u00eb na par\u00eb. Ngjitemi deri n\u00eb katin e dyt\u00eb, n\u00eb dor\u00eb t\u00eb Zotit\u2026 e gjith\u00eb sht\u00ebpia \u00ebsht\u00eb p\u00ebrmbytur,\u201d tha nj\u00eb banor i lagjes 17 n\u00eb Durr\u00ebs, duke treguar situat\u00ebn dramatike q\u00eb po p\u00ebrjetojn\u00eb pas reshjeve t\u00eb dendura.<\/p>\n<p>Nga p\u00ebrmbytjet nuk kan\u00eb shp\u00ebtuar as zonat pran\u00eb portit, ku Veliera e Durr\u00ebsit dhe n\u00ebnkalimi p\u00ebrkat\u00ebs jan\u00eb p\u00ebrmbytur. Policia Bashkiake ka vendosur shirita sigurie p\u00ebr t\u00eb ndaluar qarkullimin e mjeteve.<\/p>\n<div><iframe loading=\"lazy\" src=\"https:\/\/streamable.com\/e\/cqb67i?\" width=\"100%\" height=\"100%\" allowfullscreen=\"allowfullscreen\" data-mce-fragment=\"1\"><\/iframe><\/div>\n<p>Rrug\u00ebt e qytetit jan\u00eb kthyer n\u00eb pengesa t\u00eb v\u00ebrteta p\u00ebr qarkullim. Akseset e bllokuara p\u00ebrfshijn\u00eb \u201cMujo Ulqinaku\u201d, \u201cHysen Myshketa\u201d, \u201cMarta Buda\u201d, \u201cJahja Ballhysa\u201d, \u201cKristo Sotiri\u201d, \u201cGlaukia\u201d, \u201cVaso Pasha\u201d, \u201cJeta Re\u201d, \u201cVllaz\u00ebrimi\u201d, \u201cJezerca\u201d, \u201cAzem Hajdari\u201d, \u201cMbreti Pirro\u201d dhe \u201cEnkelejve\u201d, duke prekur ve\u00e7an\u00ebrisht lagjet 12, 13, 14, 17 dhe 18.<\/p>\n<p><img decoding=\"async\" src=\"https:\/\/faktoje.al\/wp-content\/uploads\/2026\/01\/WhatsApp-Image-2026-01-06-at-3.02.45-PM-1024x577.jpeg\" data-pin-no-hover=\"true\" \/><\/p>\n<p>Situata nuk \u00ebsht\u00eb vet\u00ebm n\u00eb rrug\u00eb: rr\u00ebshqitje dheu jan\u00eb regjistruar n\u00eb Kodr\u00ebn e Currilave, duke rrezikuar automjetet, nd\u00ebrsa ura e fshatit Bor\u00e7 n\u00eb nj\u00ebsin\u00eb administrative Manz\u00eb rrezikon shembjen p\u00ebr shkak t\u00eb prurjeve t\u00eb m\u00ebdha t\u00eb ujit. \/Faktoje.al\/<\/p>\n","protected":false},"excerpt":{"rendered":"<p>Vet\u00ebm disa or\u00eb n\u00ebn pushtetin e rreshjeve intensive t\u00eb shiut dhe, Durresi \u00ebshte gjendur i p\u00ebrmbytur dhe n\u00eb emergjenc\u00eb. M\u00ebsimi n\u00eb shkolla e \u00e7erdhe \u00ebsht\u00eb pezulluar. Veliera e Durr\u00ebsit dhe n\u00ebnkalimi p\u00ebrkat\u00ebs jan\u00eb p\u00ebrmbytur, ura e fshatit Bor\u00e7 rrezikon shembjen, nd\u00ebrsa disa familje jan\u00eb evakuuar. Qindra automjete dhe qytetar\u00eb jan\u00eb bllokuar me or\u00eb t\u00eb t\u00ebra &hellip;<\/p>\n","protected":false},"author":4,"featured_media":132741,"comment_status":"closed","ping_status":"closed","sticky":false,"template":"","format":"standard","meta":{"footnotes":""},"categories":[37],"tags":[],"class_list":["post-132740","post","type-post","status-publish","format-standard","has-post-thumbnail","","category-politike"],"_links":{"self":[{"href":"https:\/\/rdnews.al\/index.php\/wp-json\/wp\/v2\/posts\/132740","targetHints":{"allow":["GET"]}}],"collection":[{"href":"https:\/\/rdnews.al\/index.php\/wp-json\/wp\/v2\/posts"}],"about":[{"href":"https:\/\/rdnews.al\/index.php\/wp-json\/wp\/v2\/types\/post"}],"author":[{"embeddable":true,"href":"https:\/\/rdnews.al\/index.php\/wp-json\/wp\/v2\/users\/4"}],"replies":[{"embeddable":true,"href":"https:\/\/rdnews.al\/index.php\/wp-json\/wp\/v2\/comments?post=132740"}],"version-history":[{"count":1,"href":"https:\/\/rdnews.al\/index.php\/wp-json\/wp\/v2\/posts\/132740\/revisions"}],"predecessor-version":[{"id":132742,"href":"https:\/\/rdnews.al\/index.php\/wp-json\/wp\/v2\/posts\/132740\/revisions\/132742"}],"wp:featuredmedia":[{"embeddable":true,"href":"https:\/\/rdnews.al\/index.php\/wp-json\/wp\/v2\/media\/132741"}],"wp:attachment":[{"href":"https:\/\/rdnews.al\/index.php\/wp-json\/wp\/v2\/media?parent=132740"}],"wp:term":[{"taxonomy":"category","embeddable":true,"href":"https:\/\/rdnews.al\/index.php\/wp-json\/wp\/v2\/categories?post=132740"},{"taxonomy":"post_tag","embeddable":true,"href":"https:\/\/rdnews.al\/index.php\/wp-json\/wp\/v2\/tags?post=132740"}],"curies":[{"name":"wp","href":"https:\/\/api.w.org\/{rel}","templated":true}]}}