{"id":132746,"date":"2026-01-06T20:49:49","date_gmt":"2026-01-06T20:49:49","guid":{"rendered":"https:\/\/rdnews.al\/?p=132746"},"modified":"2026-01-08T20:25:07","modified_gmt":"2026-01-08T20:25:07","slug":"deshmia-e-re-e-ahmetajt-kater-depozitat-e-rames","status":"publish","type":"post","link":"https:\/\/rdnews.al\/index.php\/2026\/01\/06\/deshmia-e-re-e-ahmetajt-kater-depozitat-e-rames\/","title":{"rendered":"D\u00ebshmia e re e Ahmetajt\/ Kat\u00ebr depozitat e Ram\u00ebs"},"content":{"rendered":"<p>Ish-zv.Kryeministri Ahmetaj riktheht t\u00eb enjten n\u00eb nj\u00eb intervist\u00eb p\u00ebr gazetarin Cim Peka duke dh\u00ebn\u00eb d\u00ebshmi t\u00eb reja mbi skandalet e forta t\u00eb Ram\u00ebs. Gazetari paralajm\u00ebron nj\u00eb intervist\u00eb t\u00eb fort\u00eb ku Ahmetaj do t\u00eb denoncoj\u00eb depozitat e Ram\u00ebs.<\/p>\n<p>&#8220;Kat\u00ebr depozitat e Edi Ram\u00ebs! D\u00ebshmia e re bomb\u00eb e Arben Ahmetajt, t\u00eb enjten ora 20:45 n\u00eb &#8216;\u00c7im Peka Live'&#8221;, shkruan Peka ne rrjetet sociale.<\/p>\n<p><strong>\u00c7im Peka: Nj\u00eb sekond\u00eb, p\u00ebr ju dhe p\u00ebr familjen \u00e7far\u00eb ka ndryshuar gjat\u00eb nj\u00eb viti? Dhe ju m\u00eb p\u00ebrmendni struktur\u00ebn kriminale brenda qeveris\u00eb, kat\u00ebrshja Rama-Balluku-Veliaj dhe dikush tjet\u00ebr, struktura kriminale jasht\u00eb qeveris\u00eb dhe mediat. Ku hyjn\u00eb k\u00ebta, k\u00ebto struktura ndaj familjes tuaj?<\/strong><\/p>\n<p><strong>Arben Ahmetaj:<\/strong>\u00a0T\u00eb fal\u00ebnderoj p\u00ebr pyetjen, po t\u00eb lutem mos m\u00eb nd\u00ebrpre sepse dua q\u00eb t\u00eb komunikoj me ju dhe me publikun at\u00eb q\u00eb un\u00eb mendoj \u00ebsht\u00eb e r\u00ebnd\u00ebsishme, pastaj \u00ebsht\u00eb n\u00eb gjykim t\u00eb publikut dhe sigurisht edhe n\u00eb gjykimin tuaj q\u00eb t\u00eb vendosni \u00eb sa e r\u00ebnd\u00ebsishme \u00ebsht\u00eb. Ju e dini q\u00eb un\u00eb jam k\u00ebrc\u00ebnuar n\u00eb Shqip\u00ebri personalisht. Un\u00eb e kam lajm\u00ebruar&#8230;<\/p>\n<p><strong>\u00c7im Peka: E keni th\u00ebn\u00eb k\u00ebt\u00eb.<\/strong><\/p>\n<p><strong>Arben Ahmetaj:<\/strong>\u00a0Po po, e kam th\u00ebn\u00eb. Po mir\u00eb, nj\u00eb pyetje e kam un\u00eb p\u00ebr zotin Dumani. Zoti Dumani e ka d\u00ebgjuar q\u00eb f\u00ebmija im ka qen\u00eb n\u00ebn k\u00ebrc\u00ebnim p\u00ebr rr\u00ebmbim? Un\u00eb e kam deklaruar, kam nxjerr\u00eb edhe aktin noterial t\u00eb personit p\u00ebrgjegj\u00ebs. A ka marr\u00eb ndonj\u00ebher\u00eb, meq\u00eb ka dashur indicie, a ka marr\u00eb ndonj\u00ebher\u00eb ndonj\u00eb mundim t\u00eb pyes\u00eb? Un\u00eb i kam k\u00ebrkuar kamerat e liqenit policis\u00eb, e liqenit artificial. I kam k\u00ebrkuar kamerat, nuk m&#8217;i dha. Ja kam k\u00ebrkuar edhe kompanis\u00eb private. Kishte frik\u00eb t&#8217;i m\u00eb jepte p\u00ebr t&#8217;i identifikuar un\u00eb vet\u00eb personat. L\u00ebre mua, te Rotondo e Nobis, aty ku jetoja me qira, m\u00eb kan\u00eb k\u00ebrc\u00ebnuar direkt. Dometh\u00ebn\u00eb, pavar\u00ebsisht personit, jemi duke folur p\u00ebr nj\u00eb ish-minist\u00ebr, p\u00ebr nj\u00eb ish-z\u00ebvend\u00ebskryeminist\u00ebr.<\/p>\n<p><strong>\u00c7im Peka: K\u00ebto i keni folur. T\u00eb k\u00ebrc\u00ebnime t\u00eb reja keni folur p\u00ebr k\u00ebrc\u00ebnime me jet\u00eb gjat\u00eb k\u00ebtij viti?<\/strong><\/p>\n<p><strong>Arben Ahmetaj:<\/strong>\u00a0Pra&#8230; Do vazhdojm\u00eb. Gjat\u00eb k\u00ebtij viti ka shum\u00eb t\u00eb reja. Ka nj\u00eb informacion shum\u00eb real nga burime sh\u00ebrbimesh p\u00ebr nj\u00eb tentativ\u00eb p\u00ebr sekuestrim ilegal personi dhe k\u00ebtu autoritetet jan\u00eb t\u00eb informuara dhe t\u00eb njoftuara. Pra, ka pasur nj\u00eb plan brenda grupit kriminal q\u00eb un\u00eb kam p\u00ebrmendur m\u00eb lart, q\u00eb e kan\u00eb diskutuar, deri n\u00eb eliminim fizik. Patjet\u00ebr, se ka qen\u00eb plani q\u00eb n\u00eb momentin nj\u00eb. P\u00ebr sekuestrim ilegal personi nga k\u00ebtu me demek un\u00eb kisha kaluar kufirin, pas kisha kaluar kufirin ilegalisht n\u00eb Itali, n\u00eb Itali do m\u00eb kishte kapur karabinieria dhe mua do m\u00eb \u00e7onin tek Altin Dumani p\u00ebr t\u00eb mos dal\u00eb m\u00eb i gjall\u00eb nga burgu. Sigurisht q\u00eb kan\u00eb hequr dor\u00eb p\u00ebr tre arsye, tre arsyet s&#8217;jan\u00eb t\u00eb r\u00ebnd\u00ebsis\u00eb, t\u00eb r\u00ebnd\u00ebsishme p\u00ebr shqiptar\u00ebt. \u00cbsht\u00eb bised\u00eb e b\u00ebr\u00eb nga organizata kriminale. \u00cbsht\u00eb bised\u00eb e b\u00ebr\u00eb nga organizata kriminale. Po, kjo nuk vlen p\u00ebr shqiptar\u00ebt, kjo ka t\u00eb b\u00ebj\u00eb me mua. Tjetra \u00ebsht\u00eb&#8230;<\/p>\n<p><strong>\u00c7im Peka: Jo nj\u00eb sekond, kjo, kjo vlen p\u00ebr mua sepse un\u00eb po e b\u00ebj intervist\u00ebn. Fakti q\u00eb \u00e7do akuz\u00eb e juaja ka dal\u00eb ose \u00e7do indicie juaj \u00ebsht\u00eb, \u00ebsht\u00eb certifikuar nuk do t\u00eb thot\u00eb se gjith\u00e7ka q\u00eb thoni ju do v\u00ebrtetohet. K\u00ebto q\u00eb sapo that\u00eb, se that\u00eb \u00ebsht\u00eb diskutuar, keni mund\u00ebsi ta provoni?<\/strong><\/p>\n<p><strong>Arben Ahmetaj:<\/strong>\u00a0Do vij\u00eb koha&#8230;<\/p>\n<p><strong>\u00c7im Peka: Tentativa p\u00ebr rr\u00ebmbimin tuaj.<\/strong><\/p>\n<p><strong>Arben Ahmetaj:<\/strong> Do vij\u00eb koha patjet\u00ebr, do vij\u00eb koha q\u00eb edhe detajet do dalin n\u00eb shesh p\u00ebr t\u00eb gjitha k\u00ebto. Jan\u00eb tentuar t\u00eb p\u00ebrdoren t\u00eb gjitha format mafioze, kriminale kund\u00ebr meje dhe kund\u00ebr familjes time. Zoti Peka, \u00ebsht\u00eb tentuar rr\u00ebmbimi i f\u00ebmij\u00ebs tim kur ka qen\u00eb 1 vje\u00e7 e gjys\u00ebm. 1 vje\u00e7 e gjys\u00ebm. E kam deklaruar. Altin Dumani ka marr\u00eb ndonj\u00eb hap?\u00a0 N\u00eb raport me mua apo ishte pjes\u00eb e urdh\u00ebrit politik q\u00eb un\u00eb t\u00eb shkoja n\u00eb burg dhe mos dilja i gjall\u00eb. E kam th\u00ebn\u00eb n\u00eb intervist\u00ebn para nj\u00eb viti. Kam dyshime serioze q\u00eb ka qen\u00eb plan eliminimi fizik, arrestimi im pa asnj\u00eb prov\u00eb dhe pa asnj\u00eb rrezik p\u00ebr asgj\u00eb, p\u00ebr asgj\u00eb, p\u00ebr t&#8217;u eliminuar fizikisht.<\/p>\n","protected":false},"excerpt":{"rendered":"<p>Ish-zv.Kryeministri Ahmetaj riktheht t\u00eb enjten n\u00eb nj\u00eb intervist\u00eb p\u00ebr gazetarin Cim Peka duke dh\u00ebn\u00eb d\u00ebshmi t\u00eb reja mbi skandalet e forta t\u00eb Ram\u00ebs. Gazetari paralajm\u00ebron nj\u00eb intervist\u00eb t\u00eb fort\u00eb ku Ahmetaj do t\u00eb denoncoj\u00eb depozitat e Ram\u00ebs. &#8220;Kat\u00ebr depozitat e Edi Ram\u00ebs! D\u00ebshmia e re bomb\u00eb e Arben Ahmetajt, t\u00eb enjten ora 20:45 n\u00eb &#8216;\u00c7im &hellip;<\/p>\n","protected":false},"author":3,"featured_media":132747,"comment_status":"closed","ping_status":"closed","sticky":false,"template":"","format":"standard","meta":{"footnotes":""},"categories":[37],"tags":[],"class_list":["post-132746","post","type-post","status-publish","format-standard","has-post-thumbnail","","category-politike"],"_links":{"self":[{"href":"https:\/\/rdnews.al\/index.php\/wp-json\/wp\/v2\/posts\/132746","targetHints":{"allow":["GET"]}}],"collection":[{"href":"https:\/\/rdnews.al\/index.php\/wp-json\/wp\/v2\/posts"}],"about":[{"href":"https:\/\/rdnews.al\/index.php\/wp-json\/wp\/v2\/types\/post"}],"author":[{"embeddable":true,"href":"https:\/\/rdnews.al\/index.php\/wp-json\/wp\/v2\/users\/3"}],"replies":[{"embeddable":true,"href":"https:\/\/rdnews.al\/index.php\/wp-json\/wp\/v2\/comments?post=132746"}],"version-history":[{"count":4,"href":"https:\/\/rdnews.al\/index.php\/wp-json\/wp\/v2\/posts\/132746\/revisions"}],"predecessor-version":[{"id":132981,"href":"https:\/\/rdnews.al\/index.php\/wp-json\/wp\/v2\/posts\/132746\/revisions\/132981"}],"wp:featuredmedia":[{"embeddable":true,"href":"https:\/\/rdnews.al\/index.php\/wp-json\/wp\/v2\/media\/132747"}],"wp:attachment":[{"href":"https:\/\/rdnews.al\/index.php\/wp-json\/wp\/v2\/media?parent=132746"}],"wp:term":[{"taxonomy":"category","embeddable":true,"href":"https:\/\/rdnews.al\/index.php\/wp-json\/wp\/v2\/categories?post=132746"},{"taxonomy":"post_tag","embeddable":true,"href":"https:\/\/rdnews.al\/index.php\/wp-json\/wp\/v2\/tags?post=132746"}],"curies":[{"name":"wp","href":"https:\/\/api.w.org\/{rel}","templated":true}]}}