{"id":132807,"date":"2026-01-07T12:13:07","date_gmt":"2026-01-07T12:13:07","guid":{"rendered":"https:\/\/rdnews.al\/?p=132807"},"modified":"2026-01-07T12:13:07","modified_gmt":"2026-01-07T12:13:07","slug":"berisha-rruget-e-florinjta-te-rames-dhe-lubise-jane-shembur-nga-permbytjet-sepse-tenderat-jane-vjedhur-deri-ne-98-perqind","status":"publish","type":"post","link":"https:\/\/rdnews.al\/index.php\/2026\/01\/07\/berisha-rruget-e-florinjta-te-rames-dhe-lubise-jane-shembur-nga-permbytjet-sepse-tenderat-jane-vjedhur-deri-ne-98-perqind\/","title":{"rendered":"Berisha: Rrug\u00ebt e florinjta t\u00eb Ram\u00ebs dhe Lubis\u00eb jan\u00eb shembur nga p\u00ebrmbytjet sepse tenderat jan\u00eb vjedhur deri n\u00eb 98 p\u00ebrqind"},"content":{"rendered":"<p>Kreu i PD, Sali Berisha tha se, rrug\u00ebt e florinjta t\u00eb Ram\u00ebs dhe Lubis\u00eb jan\u00eb shembur nga p\u00ebrmbytjet sepse tenderat jan\u00eb vjedhur deri n\u00eb 98 p\u00ebrqind.<\/p>\n<p>Gjat\u00eb konferenc\u00ebs p\u00ebr shtyp, Berisha p\u00ebrmendi rrug\u00ebn Quk\u00ebs-Qaf\u00eb Pllo\u00e7\u00eb si shembull t\u00eb projekteve t\u00eb d\u00ebshtuara, duke theksuar se skarpatat nuk jan\u00eb p\u00ebrforcuar.<\/p>\n<p><strong>Berisha:<\/strong> Natyrisht kur p\u00ebrdor tenderat p\u00ebr t\u00eb vjedhur 90 deri n\u00eb 98 p\u00ebrqind t\u00eb investimit, si\u00e7 ndodh me Lubi Ballukun dhe Edi Ram\u00ebn n\u00eb tenderat e infrastruktur\u00ebs, kur nd\u00ebrton rrug\u00eb t\u00eb florinjta q\u00eb shemben tre muaj pas inaugurimit nga 73 milion\u00eb euro n\u00eb 360 milion\u00eb, si rruga Quk\u00ebs-Qaf\u00eb Pllo\u00e7\u00eb e cila edhe sot \u00ebsht\u00eb shembur, dhe do shembet vazhdimisht sepse skarpatet jan\u00eb l\u00ebn\u00eb natyrore, pa asnj\u00eb lloj p\u00ebrforcimi.<\/p>\n<p>Un\u00eb duhet t\u2019u them qytetar\u00ebve se p\u00ebrforcimi i skarpat\u00ebs \u00ebsht\u00eb kushti i t\u00eb gjitha kushteve n\u00eb nd\u00ebrtimin e rrug\u00ebve.<\/p>\n<p>Skarpata m\u00eb e rrezikshme n\u00eb Shqip\u00ebri \u00ebsht\u00eb skarpata Kardhiq-Tepelen\u00eb, por kompania q\u00eb e ka nd\u00ebrtuar dhe supervizori kan\u00eb punuar ndoshta edhe dy vite vet\u00ebm me skarpat\u00ebn, e cila \u00ebsht\u00eb gjeologjikisht m\u00eb e d\u00ebmtueshmja.<\/p>\n<p>Por nuk ka l\u00ebvizur nj\u00eb gur\u00eb sepse skarpatat jan\u00eb pjes\u00eb kryesore e rrug\u00ebs.<br \/>\nKurse k\u00ebta kan\u00eb shtruar asfaltin dhe i kan\u00eb l\u00ebn\u00eb si\u00e7 i kan\u00eb hapur dhe tani derdhen mbi rrug\u00eb.<\/p>\n<p>Pra, gjendja \u00ebsht\u00eb jasht\u00ebzakonisht e r\u00ebnd\u00eb.<\/p>\n<p>Java p\u00ebrs\u00ebri nuk premton qet\u00ebsim t\u00eb motit.<\/p>\n<p>Shpallja e gjendjes s\u00eb fatkeq\u00ebsis\u00eb natyrore n\u00eb t\u00eb gjitha rrethet e p\u00ebrmbytura, nga Shkodra gjer n\u00eb Gjirokast\u00ebr, \u00ebsht\u00eb domosdoshm\u00ebri.<\/p>\n<p>Natyrisht nuk e b\u00ebn k\u00ebt\u00eb se ai buxhetin e konsideron si pron\u00eb t\u00eb tij dhe familjes s\u00eb tij.<\/p>\n","protected":false},"excerpt":{"rendered":"<p>Kreu i PD, Sali Berisha tha se, rrug\u00ebt e florinjta t\u00eb Ram\u00ebs dhe Lubis\u00eb jan\u00eb shembur nga p\u00ebrmbytjet sepse tenderat jan\u00eb vjedhur deri n\u00eb 98 p\u00ebrqind. Gjat\u00eb konferenc\u00ebs p\u00ebr shtyp, Berisha p\u00ebrmendi rrug\u00ebn Quk\u00ebs-Qaf\u00eb Pllo\u00e7\u00eb si shembull t\u00eb projekteve t\u00eb d\u00ebshtuara, duke theksuar se skarpatat nuk jan\u00eb p\u00ebrforcuar. Berisha: Natyrisht kur p\u00ebrdor tenderat p\u00ebr t\u00eb &hellip;<\/p>\n","protected":false},"author":4,"featured_media":130654,"comment_status":"closed","ping_status":"closed","sticky":false,"template":"","format":"standard","meta":{"footnotes":""},"categories":[37],"tags":[],"class_list":["post-132807","post","type-post","status-publish","format-standard","has-post-thumbnail","","category-politike"],"_links":{"self":[{"href":"https:\/\/rdnews.al\/index.php\/wp-json\/wp\/v2\/posts\/132807","targetHints":{"allow":["GET"]}}],"collection":[{"href":"https:\/\/rdnews.al\/index.php\/wp-json\/wp\/v2\/posts"}],"about":[{"href":"https:\/\/rdnews.al\/index.php\/wp-json\/wp\/v2\/types\/post"}],"author":[{"embeddable":true,"href":"https:\/\/rdnews.al\/index.php\/wp-json\/wp\/v2\/users\/4"}],"replies":[{"embeddable":true,"href":"https:\/\/rdnews.al\/index.php\/wp-json\/wp\/v2\/comments?post=132807"}],"version-history":[{"count":1,"href":"https:\/\/rdnews.al\/index.php\/wp-json\/wp\/v2\/posts\/132807\/revisions"}],"predecessor-version":[{"id":132808,"href":"https:\/\/rdnews.al\/index.php\/wp-json\/wp\/v2\/posts\/132807\/revisions\/132808"}],"wp:featuredmedia":[{"embeddable":true,"href":"https:\/\/rdnews.al\/index.php\/wp-json\/wp\/v2\/media\/130654"}],"wp:attachment":[{"href":"https:\/\/rdnews.al\/index.php\/wp-json\/wp\/v2\/media?parent=132807"}],"wp:term":[{"taxonomy":"category","embeddable":true,"href":"https:\/\/rdnews.al\/index.php\/wp-json\/wp\/v2\/categories?post=132807"},{"taxonomy":"post_tag","embeddable":true,"href":"https:\/\/rdnews.al\/index.php\/wp-json\/wp\/v2\/tags?post=132807"}],"curies":[{"name":"wp","href":"https:\/\/api.w.org\/{rel}","templated":true}]}}