{"id":132863,"date":"2026-01-07T22:10:01","date_gmt":"2026-01-07T22:10:01","guid":{"rendered":"https:\/\/rdnews.al\/?p=132863"},"modified":"2026-01-07T22:18:26","modified_gmt":"2026-01-07T22:18:26","slug":"rama-do-te-merret-ne-pyetje-nga-drejtesia-aerikane-gazetarja-ka-hetime-per-disa-afera","status":"publish","type":"post","link":"https:\/\/rdnews.al\/index.php\/2026\/01\/07\/rama-do-te-merret-ne-pyetje-nga-drejtesia-aerikane-gazetarja-ka-hetime-per-disa-afera\/","title":{"rendered":"&#8220;Rama do t\u00eb merret n\u00eb pyetje nga drejt\u00ebsia amerikane&#8221;\/ Gazetarja: Ka hetime p\u00ebr disa afera"},"content":{"rendered":"<p>Moderatorja e emisionit \u201cOponenc\u00eb\u201d n\u00eb\u00a0<strong>News24<\/strong>, Anduena Llabani, ka b\u00ebr\u00eb nj\u00eb paralajm\u00ebrim t\u00eb fort\u00eb dhe trondit\u00ebs n\u00eb studio, duke deklaruar se kryeministri Edi Rama pritet t\u00eb thirret n\u00eb Shtetet e Bashkuara t\u00eb Amerik\u00ebs p\u00ebr t\u00eb d\u00ebshmuar si person n\u00eb dijeni n\u00eb lidhje me disa dosje t\u00eb hapura nga drejt\u00ebsia amerikane.<\/p>\n<p>Sipas Llabanit, data e p\u00ebrmendur \u00ebsht\u00eb 20 janari, nj\u00eb moment q\u00eb ajo e cil\u00ebsoi si kritik dhe t\u00eb paprecedent p\u00ebr nj\u00eb kryeminist\u00ebr shqiptar n\u00eb detyr\u00eb. \u201cShpresojm\u00eb t\u00eb mos i z\u00ebn\u00eb rrug\u00eb Ram\u00ebs n\u00eb 20 janar, ku ai do t\u00eb thirret n\u00eb SHBA p\u00ebr t\u00eb d\u00ebshmuar si person n\u00eb dijeni p\u00ebr disa dosje q\u00eb jan\u00eb hapur andej,\u201d u shpreh ajo.<\/p>\n<p>Moderatorja theksoi se ky hap p\u00ebrb\u00ebn nj\u00eb \u201cverdikt\u201d i cili p\u00ebr her\u00eb t\u00eb par\u00eb e vendos kryeministrin shqiptar n\u00eb kushte t\u00eb pabarabarta p\u00ebrball\u00eb drejt\u00ebsis\u00eb. Sipas saj, b\u00ebhet fjal\u00eb p\u00ebr nj\u00eb situat\u00eb q\u00eb as vet\u00eb Rama nuk e pret plot\u00ebsisht se si do t\u00eb zhvillohet dhe \u00e7far\u00eb pasojash mund t\u00eb ket\u00eb.<\/p>\n<p>Llabani deklaroi se informacioni q\u00eb ajo posedon tregon se kryeministri nuk do t\u00eb udh\u00ebtoj\u00eb i vet\u00ebm drejt SHBA-s\u00eb, por i shoq\u00ebruar nga nj\u00eb avokat. Kjo, sipas saj, lidhet me faktin se d\u00ebshmia do t\u00eb ket\u00eb t\u00eb b\u00ebj\u00eb me \u00e7\u00ebshtje t\u00eb hapura prej koh\u00ebsh nga drejt\u00ebsia amerikane, t\u00eb mb\u00ebshtetura mbi d\u00ebshmi q\u00eb ajo i cil\u00ebsoi si trondit\u00ebse.<\/p>\n<p>\u201cN\u00eb k\u00ebto dosje ka element\u00eb shum\u00eb interesant\u00eb p\u00ebr gjeopolitik\u00ebn shqiptare,\u201d tha Llabani, duke shtuar se b\u00ebhet fjal\u00eb p\u00ebr zhvillime q\u00eb mund t\u00eb ken\u00eb ndikim t\u00eb fort\u00eb politik dhe institucional.\/Balkanweb<\/p>\n","protected":false},"excerpt":{"rendered":"<p>Moderatorja e emisionit \u201cOponenc\u00eb\u201d n\u00eb\u00a0News24, Anduena Llabani, ka b\u00ebr\u00eb nj\u00eb paralajm\u00ebrim t\u00eb fort\u00eb dhe trondit\u00ebs n\u00eb studio, duke deklaruar se kryeministri Edi Rama pritet t\u00eb thirret n\u00eb Shtetet e Bashkuara t\u00eb Amerik\u00ebs p\u00ebr t\u00eb d\u00ebshmuar si person n\u00eb dijeni n\u00eb lidhje me disa dosje t\u00eb hapura nga drejt\u00ebsia amerikane. Sipas Llabanit, data e p\u00ebrmendur \u00ebsht\u00eb &hellip;<\/p>\n","protected":false},"author":3,"featured_media":132864,"comment_status":"closed","ping_status":"closed","sticky":false,"template":"","format":"standard","meta":{"footnotes":""},"categories":[37],"tags":[],"class_list":["post-132863","post","type-post","status-publish","format-standard","has-post-thumbnail","","category-politike"],"_links":{"self":[{"href":"https:\/\/rdnews.al\/index.php\/wp-json\/wp\/v2\/posts\/132863","targetHints":{"allow":["GET"]}}],"collection":[{"href":"https:\/\/rdnews.al\/index.php\/wp-json\/wp\/v2\/posts"}],"about":[{"href":"https:\/\/rdnews.al\/index.php\/wp-json\/wp\/v2\/types\/post"}],"author":[{"embeddable":true,"href":"https:\/\/rdnews.al\/index.php\/wp-json\/wp\/v2\/users\/3"}],"replies":[{"embeddable":true,"href":"https:\/\/rdnews.al\/index.php\/wp-json\/wp\/v2\/comments?post=132863"}],"version-history":[{"count":4,"href":"https:\/\/rdnews.al\/index.php\/wp-json\/wp\/v2\/posts\/132863\/revisions"}],"predecessor-version":[{"id":132868,"href":"https:\/\/rdnews.al\/index.php\/wp-json\/wp\/v2\/posts\/132863\/revisions\/132868"}],"wp:featuredmedia":[{"embeddable":true,"href":"https:\/\/rdnews.al\/index.php\/wp-json\/wp\/v2\/media\/132864"}],"wp:attachment":[{"href":"https:\/\/rdnews.al\/index.php\/wp-json\/wp\/v2\/media?parent=132863"}],"wp:term":[{"taxonomy":"category","embeddable":true,"href":"https:\/\/rdnews.al\/index.php\/wp-json\/wp\/v2\/categories?post=132863"},{"taxonomy":"post_tag","embeddable":true,"href":"https:\/\/rdnews.al\/index.php\/wp-json\/wp\/v2\/tags?post=132863"}],"curies":[{"name":"wp","href":"https:\/\/api.w.org\/{rel}","templated":true}]}}