{"id":132872,"date":"2026-01-08T09:18:50","date_gmt":"2026-01-08T09:18:50","guid":{"rendered":"https:\/\/rdnews.al\/?p=132872"},"modified":"2026-01-08T09:21:13","modified_gmt":"2026-01-08T09:21:13","slug":"11-familjaret-qe-iu-dogj-banesa-ne-qiell-te-hapur-deputetja-pd-kerkon-trajtim-urgjent-nga-qeveria","status":"publish","type":"post","link":"https:\/\/rdnews.al\/index.php\/2026\/01\/08\/11-familjaret-qe-iu-dogj-banesa-ne-qiell-te-hapur-deputetja-pd-kerkon-trajtim-urgjent-nga-qeveria\/","title":{"rendered":"11 familjar\u00ebt q\u00eb iu dogj banesa n\u00eb qiell t\u00eb hapur, deputetja PD k\u00ebrkon trajtim urgjent nga qeveria"},"content":{"rendered":"<p>Deputetja e PD, Denisa Vata ishte sot pran\u00eb 11 an\u00ebtar\u00ebve t\u00eb familjes Musta n\u00eb Klos t\u00eb cil\u00ebve iu shkrumbua banesa nga zjarri mbr\u00ebmjen e djeshme.<\/p>\n<p>Nga banesa, vet\u00ebm nj\u00eb dhom\u00eb ka shp\u00ebtuar pa u djegur, nd\u00ebrsa e gjith\u00eb \u00e7atia e katit t\u00eb dyt\u00eb \u00ebsht\u00eb shkrumbuar.<\/p>\n<p>N\u00eb nj\u00eb postim n\u00eb Facebook deputetja shkruan se, rasti duhet t\u00eb trajtohet me p\u00ebrgjegj\u00ebsi institucionale dhe shpejt pasi familja trajtohet me ndihm\u00eb ekonomike dhe \u00ebsht\u00eb n\u00eb kushte t\u00eb r\u00ebnda ekonomike.<\/p>\n<p><strong>Reagimi<\/strong><\/p>\n<p>Sot isha n\u00eb Klos, s\u00eb bashku me k\u00ebshilltarin bashkiak\u00eb Edison Leti, pran\u00eb familjes q\u00eb ka p\u00ebsuar d\u00ebme t\u00eb r\u00ebnda nga zjarri n\u00eb banes\u00eb mbr\u00ebmjen e kaluar.<\/p>\n<p>Nga banesa, vet\u00ebm nj\u00eb dhom\u00eb ka shp\u00ebtuar pa u djegur, nd\u00ebrsa e gjith\u00eb \u00e7atia e katit t\u00eb dyt\u00eb \u00ebsht\u00eb shkrumbuar. N\u00eb k\u00ebto kushte, sidomos n\u00eb mes t\u00eb dimrit, familja ndodhet p\u00ebrball\u00eb nj\u00eb situate shum\u00eb t\u00eb v\u00ebshtir\u00eb.<\/p>\n<p>Shkaku i zjarrit ende i pakonfirmuar.<\/p>\n<p>Megjithat\u00eb, duke qen\u00eb se b\u00ebhet fjal\u00eb p\u00ebr nj\u00eb familje q\u00eb trajtohet me ndihm\u00eb ekonomike, \u00ebsht\u00eb pa pun\u00eb dhe jeton n\u00eb kushte t\u00eb r\u00ebnda ekonomike, k\u00ebrkohet trajtim urgjent dhe me prioritet, p\u00ebrtej vler\u00ebsimit formal nga bashkia Klos.<\/p>\n<p>Raste t\u00eb tilla k\u00ebrkojn\u00eb veprim t\u00eb shpejt\u00eb dhe ve\u00e7an\u00ebrisht kur kushtet klimatike e p\u00ebrkeq\u00ebsojn\u00eb edhe m\u00eb shum\u00eb situat\u00ebn.<\/p>\n<p>Kjo \u00e7\u00ebshtje do t\u00eb ndiqet nga k\u00ebshilltar\u00ebt e opozit\u00ebs dhe nuk do t\u00eb lihet n\u00eb harres\u00eb.<\/p>\n<p><img decoding=\"async\" src=\"https:\/\/www.syri.net\/uploads\/syri.net\/images\/2026\/January\/07\/auto_612902126_10234234900193715_366358867904607405_n1767817397.jpg\" \/><\/p>\n<p><img decoding=\"async\" src=\"https:\/\/www.syri.net\/uploads\/syri.net\/images\/2026\/January\/07\/auto_612370565_10234234899713703_8204237189452542319_n_11767817397.jpg\" \/><\/p>\n","protected":false},"excerpt":{"rendered":"<p>Deputetja e PD, Denisa Vata ishte sot pran\u00eb 11 an\u00ebtar\u00ebve t\u00eb familjes Musta n\u00eb Klos t\u00eb cil\u00ebve iu shkrumbua banesa nga zjarri mbr\u00ebmjen e djeshme. Nga banesa, vet\u00ebm nj\u00eb dhom\u00eb ka shp\u00ebtuar pa u djegur, nd\u00ebrsa e gjith\u00eb \u00e7atia e katit t\u00eb dyt\u00eb \u00ebsht\u00eb shkrumbuar. N\u00eb nj\u00eb postim n\u00eb Facebook deputetja shkruan se, rasti duhet &hellip;<\/p>\n","protected":false},"author":4,"featured_media":132873,"comment_status":"closed","ping_status":"closed","sticky":false,"template":"","format":"standard","meta":{"footnotes":""},"categories":[37],"tags":[],"class_list":["post-132872","post","type-post","status-publish","format-standard","has-post-thumbnail","","category-politike"],"_links":{"self":[{"href":"https:\/\/rdnews.al\/index.php\/wp-json\/wp\/v2\/posts\/132872","targetHints":{"allow":["GET"]}}],"collection":[{"href":"https:\/\/rdnews.al\/index.php\/wp-json\/wp\/v2\/posts"}],"about":[{"href":"https:\/\/rdnews.al\/index.php\/wp-json\/wp\/v2\/types\/post"}],"author":[{"embeddable":true,"href":"https:\/\/rdnews.al\/index.php\/wp-json\/wp\/v2\/users\/4"}],"replies":[{"embeddable":true,"href":"https:\/\/rdnews.al\/index.php\/wp-json\/wp\/v2\/comments?post=132872"}],"version-history":[{"count":2,"href":"https:\/\/rdnews.al\/index.php\/wp-json\/wp\/v2\/posts\/132872\/revisions"}],"predecessor-version":[{"id":132875,"href":"https:\/\/rdnews.al\/index.php\/wp-json\/wp\/v2\/posts\/132872\/revisions\/132875"}],"wp:featuredmedia":[{"embeddable":true,"href":"https:\/\/rdnews.al\/index.php\/wp-json\/wp\/v2\/media\/132873"}],"wp:attachment":[{"href":"https:\/\/rdnews.al\/index.php\/wp-json\/wp\/v2\/media?parent=132872"}],"wp:term":[{"taxonomy":"category","embeddable":true,"href":"https:\/\/rdnews.al\/index.php\/wp-json\/wp\/v2\/categories?post=132872"},{"taxonomy":"post_tag","embeddable":true,"href":"https:\/\/rdnews.al\/index.php\/wp-json\/wp\/v2\/tags?post=132872"}],"curies":[{"name":"wp","href":"https:\/\/api.w.org\/{rel}","templated":true}]}}