{"id":132876,"date":"2026-01-08T09:23:32","date_gmt":"2026-01-08T09:23:32","guid":{"rendered":"https:\/\/rdnews.al\/?p=132876"},"modified":"2026-01-08T09:24:53","modified_gmt":"2026-01-08T09:24:53","slug":"sulmet-ndaj-drejtesise-birn-rama-mund-te-perballet-me-sanksione-nderkombetare","status":"publish","type":"post","link":"https:\/\/rdnews.al\/index.php\/2026\/01\/08\/sulmet-ndaj-drejtesise-birn-rama-mund-te-perballet-me-sanksione-nderkombetare\/","title":{"rendered":"BIRN: Rama mund t\u00eb p\u00ebrballet me sanksione nd\u00ebrkomb\u00ebtare!"},"content":{"rendered":"<div id=\"rekl-49\"><em><strong>Kreu i qeveris\u00eb ashp\u00ebrsoi tonet me drejt\u00ebsin\u00eb n\u00eb fund t\u00eb vitit, por kalimi i tij nga retorika p\u00ebr konsum politik te aktet konkrete rrezikon sipas analist\u00ebve q\u00eb ta p\u00ebrball\u00eb at\u00eb me sanksione nd\u00ebrkomb\u00ebtare.<\/strong><\/em><\/div>\n<div class=\"readmore-text-here\">\n<p><strong>BIRN<\/strong><\/p>\n<p>Kryeministri Edi Rama e mbylli vitin duke kritikuar pun\u00ebn e drejt\u00ebsis\u00eb s\u00eb re dhe kryesisht at\u00eb t\u00eb Prokuroris\u00eb s\u00eb Posa\u00e7me, SPAK, nd\u00ebrkoh\u00eb q\u00eb zyrtar\u00eb t\u00eb lart\u00eb t\u00eb qeveris\u00eb s\u00eb tij po p\u00ebrballen me akuza penale.<\/p>\n<p>N\u00eb konferenc\u00ebn e fundvitit me gazetar\u00ebt, Rama ironizoi dhe relativizoi akuzat e ngritura ndaj zv.kryeministres Belinda Balluku dhe drejtoresh\u00ebs jet\u00ebgjat\u00eb t\u00eb AKSHI, Mirlinda Kar\u00e7anaj, nd\u00ebrsa iu rikthye krahasimit butaforik t\u00eb SPAK me \u2018Sigurimin\u2019 fam\u00ebkeq t\u00eb komunizmit.<\/p>\n<p>Por gjuha e Ram\u00ebs \u00ebsht\u00eb e dykuptimt\u00eb dhe fsheh raportin e tij t\u00eb pritsh\u00ebm me sistemin e drejt\u00ebsis\u00eb.<\/p>\n<p>\u201cQ\u00eb sot n\u00eb Shqip\u00ebrin\u00eb q\u00eb un\u00eb jam kryeminist\u00ebr, t\u00eb trajtohen njer\u00ebz sikur jan\u00eb p\u00ebrball\u00eb Sigurimit, me ato metodat e ndyra?!\u201d- pyeti ai n\u00eb m\u00ebnyr\u00eb retorike n\u00eb nj\u00eb nga komentet e shumta mbi pun\u00ebn e SPAK-ut. \u201c\u2026Po kjo nuk do t\u00eb thot\u00eb fare q\u00eb \u2019duhet t\u00eb hedhim beben bashk\u00eb me ujin\u2019\u2026\u201d- shtoi m\u00eb tej ai duke iu referuar drejt\u00ebsis\u00eb.<\/p>\n<p>Q\u00eb prej miratimit t\u00eb reform\u00ebs n\u00eb drejt\u00ebsi nj\u00eb dekad\u00eb m\u00eb par\u00eb, lufta kund\u00ebr korrupsionit dhe krimit t\u00eb organizuar n\u00eb Shqip\u00ebri dominon agjend\u00ebn politike t\u00eb vendit dhe perspektiv\u00ebn e integrimit drejt Bashkimin Europian. Zbatimi i k\u00ebsaj reforme konsiderohet gjithashtu nj\u00eb investim nd\u00ebrkomb\u00ebtar p\u00ebr fuqizimin e shtetit ligjor n\u00eb Shqip\u00ebri, me mb\u00ebshtetje t\u00eb Bashkimit Europian dhe Shteteve t\u00eb Bashkuara t\u00eb Amerik\u00ebs.<\/p>\n<p>Vet\u00eb Rama e p\u00ebrdori reform\u00ebn n\u00eb drejt\u00ebsi si nj\u00eb \u2018trofe\u2019 n\u00eb p\u00ebrballjet elektorale, duke e portretizuar veten si \u2018krijues\u2019 dhe \u2018mbrojt\u00ebs\u2019 t\u00eb saj, nd\u00ebrkoh\u00eb q\u00eb nj\u00eb num\u00ebr ministrash dhe zyrtar\u00ebsh t\u00eb lart\u00eb t\u00eb qeveris\u00eb s\u00eb tij u p\u00ebrball\u00ebn me akuza p\u00ebr korrupsion apo shp\u00ebrdorim detyre.<\/p>\n<p>Me marrjen n\u00eb mbrojtje t\u00eb numrit 2 t\u00eb qeveris\u00eb dhe drejtoresh\u00ebs s\u00eb AKSHI, Rama po b\u00ebn sot at\u00eb q\u00eb kishte premtuar publikisht se nuk do ta b\u00ebnte asnj\u00ebher\u00eb. Por p\u00ebrtej retorik\u00ebs, testi i v\u00ebrtet\u00eb i raportit t\u00eb qeveris\u00eb me drejt\u00ebsin\u00eb mbetet q\u00ebndrimi ndaj k\u00ebrkes\u00ebs s\u00eb SPAK p\u00ebr heqjen e imunitetit t\u00eb zv.kryeministres Belinda Balluku, e akuzuar p\u00ebr shkelje t\u00eb barazis\u00eb n\u00eb tendera me vler\u00eb qindramilion\u00eb euro.<\/p>\n<p>Altin Gjeta, studiues i Shkencave Politike pran\u00eb Universitetit t\u00eb Birmingham n\u00eb Mbret\u00ebrin\u00eb e Bashkuar beson se kryeministri b\u00ebn retorik\u00eb p\u00ebr \u2018konsum t\u00eb brendsh\u00ebm politik\u201d, pa b\u00ebr\u00eb sipas tij akte q\u00eb \u00e7ojn\u00eb n\u00eb sulme konkrete ndaj drejt\u00ebsis\u00eb s\u00eb re.<\/p>\n<p>\u201cN\u00ebse kryeministri i Shqip\u00ebris\u00eb fillon nj\u00eb sulm frontal apo qoft\u00eb edhe p\u00ebrpjekje p\u00ebr t\u00eb ngushtuar hap\u00ebsir\u00ebn e veprimit t\u00eb strukturave t\u00eb posa\u00e7me, gjykoj se do t\u00eb p\u00ebrballej me sanksione nga administrata amerikane,\u201d tha Gjeta p\u00ebr BIRN.<\/p>\n<p>\u201cSepse pas nj\u00eb investimi t\u00eb madh politik, financiar dhe n\u00eb burime njer\u00ebzore, SHBA dhe BE nuk do t\u00eb lejonin asnj\u00eb aktor politik t\u00eb vras\u00eb \u2018beben e tyre\u2019 n\u00eb k\u00ebt\u00eb faz\u00eb kur ka filluar t\u00eb ec\u00eb shpejt dhe po jep rezultate konkrete kund\u00ebr korrupsionit dhe krimit t\u00eb organizuar,\u201d shtoi ai, duke theksuar se kjo do t\u00eb minonte besueshm\u00ebrin\u00eb e tyre dhe politik\u00ebn e stabilizimit dhe ankorimit p\u00ebrfundimtar t\u00eb Shqip\u00ebris\u00eb n\u00eb BE.<\/p>\n<p>Sipas Ermal Hasimes, pedagog i Shkencave Politike, qeveria \u201cRama\u201d e ka humbur \u201clegjitimimin moral\u201d p\u00ebr shkak t\u00eb skandaleve t\u00eb shumta t\u00eb korrupsionit.<\/p>\n<p>\u201cAjo (qeverisja) mbahet n\u00eb k\u00ebmb\u00eb elektoralisht nga klientelizmi, shfryt\u00ebzimi i administrat\u00ebs dhe aleanca me krimin e organizuar dhe media klienteliste,\u201d tha Hasimja, duke shtuar se nd\u00ebrkomb\u00ebtar\u00ebt e kan\u00eb toleruar Ram\u00ebn si garanci stabiliteti.<\/p>\n<p>Por gj\u00ebrat sipas tij po ndryshojn\u00eb.<\/p>\n<p>Sjellja e pritshme e SHBA-ve, sipas tij, lidhet me strategjin\u00eb e re komb\u00ebtare q\u00eb kan\u00eb si objektiv madhor luft\u00ebn kund\u00ebr drog\u00ebs dhe v\u00ebnien n\u00eb sh\u00ebnjest\u00ebr t\u00eb krimit t\u00eb organizuar shqiptar, si nj\u00eb nga organizator\u00ebt kryesor\u00eb t\u00eb trafiqeve nd\u00ebrkomb\u00ebtare.<\/p>\n<p>\u201cK\u00ebta segmente t\u00eb krimit kan\u00eb sot nj\u00eb baz\u00eb t\u00eb sigurt\u00eb dhe mbrojtje politike n\u00eb Shqip\u00ebri. Pik\u00ebrisht kjo mbrojtje e vendos Rilindjen e Ram\u00ebs n\u00eb konflikt me politik\u00ebn amerikane,\u201d thekson ai.<\/p>\n<p>Azmi Stringa, lektor i Financ\u00ebs n\u00eb Universitetin e Nju Jorkut n\u00eb Tiran\u00eb, beson se n\u00eb m\u00ebnyr\u00eb t\u00eb vijueshme e t\u00eb q\u00ebllimshme, politika shqiptare nga t\u00eb dy krah\u00ebt ka punuar p\u00ebr t\u00eb sabotuar pun\u00ebn e drejt\u00ebsis\u00eb dhe kjo \u00ebsht\u00eb e ditur p\u00ebr partner\u00ebt nd\u00ebrkomb\u00ebtar\u00eb, duke sjell\u00eb dhe distancimin me qeverisjen.<\/p>\n<p>\u201cStrategjia kryesore ka qen\u00eb ajo q\u00eb mund t\u00eb quhet \u2018vrasja e ngadalt\u00eb\u2019 e SPAK-ut,\u201d tha Stringa p\u00ebr BIRN.<\/p>\n<p>N\u00eb k\u00ebt\u00eb kontekst, sipas tij, sjellja e kryeministrit Rama n\u00eb lidhje me luft\u00ebn ndaj korrupsionit dhe krimit ka b\u00ebr\u00eb q\u00eb ai t\u00eb humb\u00eb besimin dhe t\u00eb jet\u00eb m\u00eb i izoluar n\u00eb raport me aktor\u00ebt nd\u00ebrkomb\u00ebtar\u00eb t\u00eb nivelit t\u00eb lart\u00eb.<\/p>\n<p>\u201cAi nuk trajtohet m\u00eb si partner politik me t\u00eb cilin nd\u00ebrtohen procese afatgjata, sepse p\u00ebr partner\u00ebt \u00ebsht\u00eb b\u00ebr\u00eb e qart\u00eb se mb\u00ebshtetja formale ndaj reform\u00ebs ka bashk\u00ebjetuar me sabotimin e saj n\u00eb prapasken\u00eb,\u201d sugjeron Stringa.<\/p>\n<p>N\u00eb t\u00eb kund\u00ebrt, sipas tij, qeveria ka reflektuar toleranc\u00eb ndaj krimit t\u00eb organizuar, munges\u00eb vullneti p\u00ebr hetimin e korrupsionit t\u00eb lart\u00eb dhe tentativa t\u00eb vazhdueshme p\u00ebr t\u00eb ndikuar institucionet ky\u00e7e t\u00eb drejt\u00ebsis\u00eb.<\/p>\n<p>Tabloja \u00ebsht\u00eb pak a shum\u00eb e ngjashme dhe n\u00eb syt\u00eb e Hasimes, i cili sugjeron se, \u201cpas daljes n\u00eb shesh t\u00eb fakteve t\u00eb pakund\u00ebrshtueshme t\u00eb krimit dhe korrupsionit n\u00eb Shqip\u00ebri, nd\u00ebrkomb\u00ebtar\u00ebt e kan\u00eb t\u00eb v\u00ebshtir\u00eb t\u00eb legjitimojn\u00eb Ram\u00ebn p\u00ebrpara opinionit publik t\u00eb vendeve t\u00eb tyre\u201d.<\/p>\n<p>Nd\u00ebrkoh\u00eb, ai vler\u00ebson se kryeministri Rama gjendet sot mes \u2018dy zjarresh\u2019.<\/p>\n<p>\u201cAi nuk heq dot dor\u00eb nga aleanca me bot\u00ebn e err\u00ebt q\u00eb i siguron vota dhe pushtet, por nuk ka as luksin t\u00eb hyj\u00eb n\u00eb konflikt me nd\u00ebrkomb\u00ebtar\u00ebt,\u201d tha Hasimja, duke shtuar se kryeministri Rama gjendet sot p\u00ebrpara dy zgjedhjesh; rr\u00ebshqitjes drejt izolimit dhe autoritarizmit t\u00eb plot\u00eb ose heqjes dor\u00eb nga gjith\u00e7ka, duke shpresuar p\u00ebr nj\u00eb \u201ct\u00ebrheqje sa m\u00eb pak t\u00eb dhimbshme\u201d.<\/p>\n<p>E vetmja pjes\u00eb e mozaikut q\u00eb mungon p\u00ebr momentin, shton Hasimja, \u201c\u00ebsht\u00eb nj\u00eb opozit\u00eb e fort\u00eb dhe e besueshme n\u00eb Shqip\u00ebri\u201d.<\/p>\n<\/div>\n","protected":false},"excerpt":{"rendered":"<p>Kreu i qeveris\u00eb ashp\u00ebrsoi tonet me drejt\u00ebsin\u00eb n\u00eb fund t\u00eb vitit, por kalimi i tij nga retorika p\u00ebr konsum politik te aktet konkrete rrezikon sipas analist\u00ebve q\u00eb ta p\u00ebrball\u00eb at\u00eb me sanksione nd\u00ebrkomb\u00ebtare. BIRN Kryeministri Edi Rama e mbylli vitin duke kritikuar pun\u00ebn e drejt\u00ebsis\u00eb s\u00eb re dhe kryesisht at\u00eb t\u00eb Prokuroris\u00eb s\u00eb Posa\u00e7me, SPAK, &hellip;<\/p>\n","protected":false},"author":4,"featured_media":132877,"comment_status":"closed","ping_status":"closed","sticky":false,"template":"","format":"standard","meta":{"footnotes":""},"categories":[37],"tags":[],"class_list":["post-132876","post","type-post","status-publish","format-standard","has-post-thumbnail","","category-politike"],"_links":{"self":[{"href":"https:\/\/rdnews.al\/index.php\/wp-json\/wp\/v2\/posts\/132876","targetHints":{"allow":["GET"]}}],"collection":[{"href":"https:\/\/rdnews.al\/index.php\/wp-json\/wp\/v2\/posts"}],"about":[{"href":"https:\/\/rdnews.al\/index.php\/wp-json\/wp\/v2\/types\/post"}],"author":[{"embeddable":true,"href":"https:\/\/rdnews.al\/index.php\/wp-json\/wp\/v2\/users\/4"}],"replies":[{"embeddable":true,"href":"https:\/\/rdnews.al\/index.php\/wp-json\/wp\/v2\/comments?post=132876"}],"version-history":[{"count":3,"href":"https:\/\/rdnews.al\/index.php\/wp-json\/wp\/v2\/posts\/132876\/revisions"}],"predecessor-version":[{"id":132880,"href":"https:\/\/rdnews.al\/index.php\/wp-json\/wp\/v2\/posts\/132876\/revisions\/132880"}],"wp:featuredmedia":[{"embeddable":true,"href":"https:\/\/rdnews.al\/index.php\/wp-json\/wp\/v2\/media\/132877"}],"wp:attachment":[{"href":"https:\/\/rdnews.al\/index.php\/wp-json\/wp\/v2\/media?parent=132876"}],"wp:term":[{"taxonomy":"category","embeddable":true,"href":"https:\/\/rdnews.al\/index.php\/wp-json\/wp\/v2\/categories?post=132876"},{"taxonomy":"post_tag","embeddable":true,"href":"https:\/\/rdnews.al\/index.php\/wp-json\/wp\/v2\/tags?post=132876"}],"curies":[{"name":"wp","href":"https:\/\/api.w.org\/{rel}","templated":true}]}}