{"id":132890,"date":"2026-01-08T09:58:34","date_gmt":"2026-01-08T09:58:34","guid":{"rendered":"https:\/\/rdnews.al\/?p=132890"},"modified":"2026-01-08T09:58:34","modified_gmt":"2026-01-08T09:58:34","slug":"124-milione-euro-grante-te-tjera-per-durresin-e-lezhen-por-dy-qytetet-lundrojne-ne-uje","status":"publish","type":"post","link":"https:\/\/rdnews.al\/index.php\/2026\/01\/08\/124-milione-euro-grante-te-tjera-per-durresin-e-lezhen-por-dy-qytetet-lundrojne-ne-uje\/","title":{"rendered":"124 milion\u00eb euro grante t\u00eb tjera p\u00ebr Durr\u00ebsin e Lezh\u00ebn, por dy qytetet lundrojn\u00eb n\u00eb uj\u00eb"},"content":{"rendered":"<p>Shqip\u00ebria ka siguruar s\u00eb fundmi nj\u00eb nga paketat m\u00eb t\u00eb m\u00ebdha t\u00eb financimit evropian p\u00ebr sektorin e mjedisit, ku p\u00ebrfshihen 124 milion\u00eb euro grante nga Western Balkans Investment Framework (WBIF), t\u00eb destinuara p\u00ebr projekte infrastrukturore n\u00eb Durr\u00ebs, Lezh\u00eb e Sarand\u00eb. Vendimi p\u00ebrfshin zgjerimin e Impianteve t\u00eb Trajtimit t\u00eb Uj\u00ebrave t\u00eb Ndotura n\u00eb Lezh\u00eb dhe Sarand\u00eb, si edhe p\u00ebrmir\u00ebsimin e Impiantit t\u00eb Durr\u00ebsit, t\u00eb shoq\u00ebruar me rehabilitimin e sistemit t\u00eb kanalizimeve n\u00eb zon\u00ebn historike t\u00eb qytetit.<\/p>\n<p>Sipas njoftimit t\u00eb SASPAC(Agjencia Shtet\u00ebrore e Programimit Strategji dhe Koordinimit t\u00eb Ndihm\u00ebs), zgjerimi dhe modernizimi i impianteve t\u00eb trajtimit t\u00eb uj\u00ebrave t\u00eb ndotura n\u00eb Lezh\u00eb, Sarand\u00eb dhe Durr\u00ebs pritet t\u00eb p\u00ebrmir\u00ebsoj\u00eb ndjesh\u00ebm menaxhimin e ndotjes urbane dhe t\u00eb ul\u00eb presionin mbi ekosistemet bregdetare dhe ujore, ve\u00e7an\u00ebrisht n\u00eb qytete me flukse t\u00eb larta turistike. Rehabilitimi i sistemit t\u00eb kanalizimeve n\u00eb zon\u00ebn historike t\u00eb Durr\u00ebsit synon gjithashtu mbrojtjen e trash\u00ebgimis\u00eb urbane dhe p\u00ebrmir\u00ebsimin e sh\u00ebrbimeve baz\u00eb p\u00ebr banor\u00ebt dhe vizitor\u00ebt.<\/p>\n<p>Nd\u00ebrkoh\u00eb, realiteti n\u00eb terren vijon t\u00eb tregoj\u00eb nj\u00eb kontrast t\u00eb fort\u00eb mes fondeve t\u00eb akorduara dhe efikasitetit t\u00eb investimeve. P\u00ebrmbytjet e p\u00ebrs\u00ebritura, n\u00eb k\u00ebt\u00eb rast n\u00eb Durr\u00ebs dhe Lezh\u00eb, edhe pas reshjeve t\u00eb fundit, kan\u00eb nxjerr\u00eb s\u00ebrish n\u00eb pah nj\u00eb problem strukturor: munges\u00ebn e nj\u00eb qasjeje t\u00eb integruar dhe efektive n\u00eb planifikimin, zbatimin dhe mir\u00ebmbajtjen e infrastruktur\u00ebs urbane dhe mjedisore.<\/p>\n<p>Nd\u00ebrsa projektet e financuara nga BE, KfW dhe AFD synojn\u00eb modernizimin e impianteve t\u00eb trajtimit t\u00eb uj\u00ebrave t\u00eb ndotura dhe rehabilitimin e sistemeve t\u00eb kanalizimeve, sidomos n\u00eb zona me ndjeshm\u00ebri historike dhe turistike, p\u00ebrvoja e viteve t\u00eb fundit tregon se investimet e kryera deri m\u00eb tani nuk kan\u00eb prodhuar gjithmon\u00eb ndikimin e pritsh\u00ebm. N\u00eb ve\u00e7anti n\u00eb Durr\u00ebs dhe Lezh\u00eb, qytete me zhvillim t\u00eb shpejt\u00eb urban dhe presion t\u00eb lart\u00eb nd\u00ebrtimi, infrastruktura ekzistuese ka rezultuar e pafuqishme p\u00ebr t\u00eb p\u00ebrballuar volumet e uj\u00ebrave dhe ndryshimet klimatike, duke reflektuar probleme jo vet\u00ebm financimi, por edhe projektimi, koordinimi institucional dhe kontrolli territorial.<\/p>\n<div class=\"jnews_inline_related_post_wrapper left\">\n<div class=\"jnews_inline_related_post\">\n<div class=\"jeg_postblock_29 jeg_postblock jeg_module_hook jeg_pagination_disable jeg_col_2o3 jnews_module_1645254_1_695f7a2b4748c   \" data-unique=\"jnews_module_1645254_1_695f7a2b4748c\">\n<div class=\"jeg_block_heading jeg_block_heading_6 jeg_subcat_right\"><\/div>\n<\/div>\n<\/div>\n<\/div>\n<div class=\"jeg_ad jeg_ad_article jnews_content_inline_2_ads  \">\n<div class=\"ads-wrapper align-center \">\n<div class=\"ads_code\">Faktori thelb\u00ebsor mbetet efikasiteti i shpenzimit t\u00eb fondeve. \u201cLumenjt\u00eb\u201d e financimeve, qofshin nga donator\u00eb t\u00eb huaj apo nga buxhetet vendore, nuk garantojn\u00eb automatikisht zgjidhje n\u00ebse investimet nuk shoq\u00ebrohen me plane t\u00eb qarta urbane, standarde t\u00eb forta teknike, transparenc\u00eb n\u00eb zbatim dhe p\u00ebrgjegjshm\u00ebri institucionale. P\u00ebrndryshe, rreziku \u00ebsht\u00eb q\u00eb edhe projektet e reja, sado t\u00eb m\u00ebdha n\u00eb vler\u00eb, t\u00eb mbeten nd\u00ebrhyrje t\u00eb fragmentuara, pa arritur t\u00eb adresojn\u00eb shkakun real t\u00eb p\u00ebrmbytjeve dhe degradimit mjedisor.<\/div>\n<\/div>\n<\/div>\n<p>N\u00eb k\u00ebt\u00eb kontekst, sfida p\u00ebr Durr\u00ebsin, Lezh\u00ebn dhe bashkit\u00eb e tjera nuk \u00ebsht\u00eb m\u00eb sigurimi i fondeve \u2013 pasi ato tashm\u00eb ekzistojn\u00eb \u2013 por transformimi i k\u00ebtyre investimeve n\u00eb infrastruktur\u00eb funksionale, t\u00eb q\u00ebndrueshme dhe t\u00eb integruar me zhvillimin urban. P\u00ebrndryshe, p\u00ebrmbytjet do t\u00eb vijojn\u00eb t\u00eb jen\u00eb simboli m\u00eb i duksh\u00ebm i nj\u00eb hendeku t\u00eb thell\u00eb mes financimeve t\u00eb disponueshme dhe rezultateve reale p\u00ebr qytetar\u00ebt. \/<strong>ekofin.al<\/strong><\/p>\n","protected":false},"excerpt":{"rendered":"<p>Shqip\u00ebria ka siguruar s\u00eb fundmi nj\u00eb nga paketat m\u00eb t\u00eb m\u00ebdha t\u00eb financimit evropian p\u00ebr sektorin e mjedisit, ku p\u00ebrfshihen 124 milion\u00eb euro grante nga Western Balkans Investment Framework (WBIF), t\u00eb destinuara p\u00ebr projekte infrastrukturore n\u00eb Durr\u00ebs, Lezh\u00eb e Sarand\u00eb. Vendimi p\u00ebrfshin zgjerimin e Impianteve t\u00eb Trajtimit t\u00eb Uj\u00ebrave t\u00eb Ndotura n\u00eb Lezh\u00eb dhe Sarand\u00eb, &hellip;<\/p>\n","protected":false},"author":4,"featured_media":132891,"comment_status":"closed","ping_status":"closed","sticky":false,"template":"","format":"standard","meta":{"footnotes":""},"categories":[37],"tags":[],"class_list":["post-132890","post","type-post","status-publish","format-standard","has-post-thumbnail","","category-politike"],"_links":{"self":[{"href":"https:\/\/rdnews.al\/index.php\/wp-json\/wp\/v2\/posts\/132890","targetHints":{"allow":["GET"]}}],"collection":[{"href":"https:\/\/rdnews.al\/index.php\/wp-json\/wp\/v2\/posts"}],"about":[{"href":"https:\/\/rdnews.al\/index.php\/wp-json\/wp\/v2\/types\/post"}],"author":[{"embeddable":true,"href":"https:\/\/rdnews.al\/index.php\/wp-json\/wp\/v2\/users\/4"}],"replies":[{"embeddable":true,"href":"https:\/\/rdnews.al\/index.php\/wp-json\/wp\/v2\/comments?post=132890"}],"version-history":[{"count":1,"href":"https:\/\/rdnews.al\/index.php\/wp-json\/wp\/v2\/posts\/132890\/revisions"}],"predecessor-version":[{"id":132892,"href":"https:\/\/rdnews.al\/index.php\/wp-json\/wp\/v2\/posts\/132890\/revisions\/132892"}],"wp:featuredmedia":[{"embeddable":true,"href":"https:\/\/rdnews.al\/index.php\/wp-json\/wp\/v2\/media\/132891"}],"wp:attachment":[{"href":"https:\/\/rdnews.al\/index.php\/wp-json\/wp\/v2\/media?parent=132890"}],"wp:term":[{"taxonomy":"category","embeddable":true,"href":"https:\/\/rdnews.al\/index.php\/wp-json\/wp\/v2\/categories?post=132890"},{"taxonomy":"post_tag","embeddable":true,"href":"https:\/\/rdnews.al\/index.php\/wp-json\/wp\/v2\/tags?post=132890"}],"curies":[{"name":"wp","href":"https:\/\/api.w.org\/{rel}","templated":true}]}}