{"id":132893,"date":"2026-01-08T10:15:16","date_gmt":"2026-01-08T10:15:16","guid":{"rendered":"https:\/\/rdnews.al\/?p=132893"},"modified":"2026-01-08T10:15:43","modified_gmt":"2026-01-08T10:15:43","slug":"132893","status":"publish","type":"post","link":"https:\/\/rdnews.al\/index.php\/2026\/01\/08\/132893\/","title":{"rendered":"Kush \u00ebsht\u00eb biznesmeni q\u00eb po u nxin jet\u00ebn banor\u00ebve, lidhjet me Manastirliun"},"content":{"rendered":"<p><strong>Nga\u00a0Enkelejda MEMA<\/strong><\/p>\n<p><strong>Nj\u00eb p\u00ebrgjigje dhe nj\u00eb pyetje p\u00ebr Altin Preng\u00ebn<\/strong><\/p>\n<p>N\u00eb 19 dhjetor, nj\u00eb dit\u00eb para hapjes s\u00eb Mrizit t\u00eb Zanave, n\u00eb Bulevardin \u201cZogu i Par\u00eb\u201d, banor\u00ebt telefonohen (numrat nuk e di nga i gjet\u00ebn) t\u00eb l\u00ebviznin p\u00ebr nj\u00eb dit\u00eb makinat pasi nj\u00eb biznes n\u00eb t\u00eb njejt\u00ebn rrugic\u00eb i duhej t\u00eb ngarkonte dhe t\u00eb shkarkonte materiale t\u00eb m\u00ebdha nd\u00ebrtimi. K\u00ebrkesa ishte p\u00ebr arsye sigurie p\u00ebr t\u00eb mos d\u00ebmtuar mjetet n\u00eb parkim.<\/p>\n<p>N\u00eb 20 dhjetor, n\u00eb m\u00ebngjes her\u00ebt, n\u00eb hap\u00ebsir\u00ebn e parkimit ishin vendosur disa vazo lulesh. Si\u00e7 duket n\u00eb FOTON 1, n\u00eb shkarkimin e vazove t\u00eb luleve \u00ebsht\u00eb fizikisht Altin Prenga. Pas ankes\u00ebs se po zinte vendin e parkimit ai e mohoi q\u00eb ishin t\u00eb tijat dhe ia faturoi biznesit tjet\u00ebr. N\u00eb t\u00eb nj\u00ebjt\u00ebn dit\u00eb ishte edhe p\u00ebrurimi i Mrizit t\u00eb Zanave.<\/p>\n<figure class=\"wp-block-image size-large\"><img loading=\"lazy\" decoding=\"async\" class=\"wp-image-354379 td-animation-stack-type0-2\" src=\"https:\/\/faktor.al\/wp-content\/uploads\/2026\/01\/1000235439-1024x576.jpg\" sizes=\"auto, (max-width: 1024px) 100vw, 1024px\" srcset=\"https:\/\/faktor.al\/wp-content\/uploads\/2026\/01\/1000235439-1024x576.jpg 1024w, https:\/\/faktor.al\/wp-content\/uploads\/2026\/01\/1000235439-300x169.jpg 300w, https:\/\/faktor.al\/wp-content\/uploads\/2026\/01\/1000235439-768x432.jpg 768w, https:\/\/faktor.al\/wp-content\/uploads\/2026\/01\/1000235439-150x84.jpg 150w, https:\/\/faktor.al\/wp-content\/uploads\/2026\/01\/1000235439-696x392.jpg 696w, https:\/\/faktor.al\/wp-content\/uploads\/2026\/01\/1000235439-1068x601.jpg 1068w, https:\/\/faktor.al\/wp-content\/uploads\/2026\/01\/1000235439.jpg 1500w\" alt=\"\" width=\"1024\" height=\"576\" data-pagespeed-url-hash=\"3579104280\" data-pin-no-hover=\"true\" \/><\/figure>\n<p>21 dhjetor i drejtohemi biznesit q\u00eb na k\u00ebrkoi heqjen e makinave t\u00eb zhvendos vazot e luleve pasi ka z\u00ebn\u00eb parkimin. P\u00ebrgjegj\u00ebsi i punimeve u deklarua se nuk ishte n\u00eb dijeni.<\/p>\n<p>22 dhjetor i drejtohemi bashkis\u00eb Tiran\u00eb, n\u00eb FOTON 4. Kjo e fundit sjell\u00eb Policin\u00eb Bashkiake dhe na b\u00ebn me dije q\u00eb vazot jan\u00eb zhvendosur dhe hap\u00ebsira \u00ebsht\u00eb e lir\u00eb p\u00ebr parkim s\u00ebrish.<\/p>\n<figure class=\"wp-block-image size-large\"><img loading=\"lazy\" decoding=\"async\" class=\"wp-image-354380 td-animation-stack-type0-2\" src=\"https:\/\/faktor.al\/wp-content\/uploads\/2026\/01\/1000235441-771x1024.jpg\" sizes=\"auto, (max-width: 771px) 100vw, 771px\" srcset=\"https:\/\/faktor.al\/wp-content\/uploads\/2026\/01\/1000235441-771x1024.jpg 771w, https:\/\/faktor.al\/wp-content\/uploads\/2026\/01\/1000235441-226x300.jpg 226w, https:\/\/faktor.al\/wp-content\/uploads\/2026\/01\/1000235441-768x1021.jpg 768w, https:\/\/faktor.al\/wp-content\/uploads\/2026\/01\/1000235441-1156x1536.jpg 1156w, https:\/\/faktor.al\/wp-content\/uploads\/2026\/01\/1000235441-150x199.jpg 150w, https:\/\/faktor.al\/wp-content\/uploads\/2026\/01\/1000235441-300x399.jpg 300w, https:\/\/faktor.al\/wp-content\/uploads\/2026\/01\/1000235441-696x925.jpg 696w, https:\/\/faktor.al\/wp-content\/uploads\/2026\/01\/1000235441-1068x1419.jpg 1068w, https:\/\/faktor.al\/wp-content\/uploads\/2026\/01\/1000235441.jpg 1204w\" alt=\"\" width=\"444\" height=\"590\" data-pagespeed-url-hash=\"848100272\" data-pin-no-hover=\"true\" \/><\/figure>\n<p>N\u00eb dit\u00ebt n\u00eb vijim banor\u00ebt rikthyen makinat p\u00ebr t\u2019i parkuar aty ku i kan\u00eb parkuar jet\u00eb e mot, si para rind\u00ebrtimit t\u00eb Bulevardit \u201cZogu i Par\u00eb\u201d, pra q\u00eb n\u00eb Tiran\u00ebn e pas 1990 dhe deri n\u00eb Tiran\u00ebn e 2026, aty ku kurr\u00eb nuk ka pasur nj\u00eb tabel\u00eb ndalim parkimi.<\/p>\n<p>Nis\u00ebn gjobat edhe pse aty nuk ekzistonte asnj\u00eb tabel\u00eb ndalim parkimi. Disa prej banor\u00ebve rezistuan edhe pse u gjobit\u00ebn n\u00eb paligjshm\u00ebri.<\/p>\n<p>N\u00eb 5 janar kandidatja socialiste Ogerta Manastirliu viziton Mrizin e Zanave.<\/p>\n<p>N\u00eb 6 janar n\u00eb m\u00ebngjes vendoset tabela ndalim parkimi.<\/p>\n<p>Tashm\u00eb vendi i parkimit \u00ebsht\u00eb kthyer n\u00eb vendpritje p\u00ebr t\u00eb bler\u00eb buk\u00eb me djath t\u00eb zier. Madje edhe n\u00eb vendparkimi p\u00ebr klient\u00ebt e Altin Preng\u00ebs si\u00e7 duket n\u00eb FOTON 4.<\/p>\n<p>Altin Prenga zhvillo biznesin t\u00ebnd n\u00eb hap\u00ebsir\u00ebn t\u00ebnde.<\/p>\n<p>Tirana ka qen\u00eb, \u00ebsht\u00eb dhe do t\u00eb jet\u00eb e t\u00eb gjith\u00ebve. I ka mir\u00ebprit dhe mir\u00ebpret k\u00ebdo q\u00eb e zgjedh ta jetoj\u00eb at\u00eb por pa c\u00ebnuar hap\u00ebsir\u00ebn e t\u00eb tjer\u00ebve.<\/p>\n<p><strong>Pyetje<\/strong><\/p>\n<p>Pasi t\u00eb rendita t\u00eb gjitha faktet, Altin Prenga, m\u00eb v\u00ebrteto q\u00eb nuk p\u00ebrdore lidhjet e tua n\u00eb politik\u00eb p\u00ebr t\u2019i hequr banor\u00ebve t\u00eb zon\u00ebs parkimin n\u00eb funksion t\u00eb biznesit t\u00ebnd?<\/p>\n<p>PS. FOTO 2 dhe 3 v\u00ebrtetojn\u00eb se ajo ka qen\u00eb zon\u00eb parkimi dhe nuk ka pas asnj\u00eb tabel\u00eb ndalim parkimi nga Tirana e 1991 deri n\u00eb dit\u00ebn kur solle biznesin t\u00ebnd.<\/p>\n<p>Pu\u00e7.<\/p>\n<figure class=\"wp-block-image size-large\"><img loading=\"lazy\" decoding=\"async\" class=\"wp-image-354381 td-animation-stack-type0-2\" src=\"https:\/\/faktor.al\/wp-content\/uploads\/2026\/01\/1000235442-467x1024.jpg\" sizes=\"auto, (max-width: 467px) 100vw, 467px\" srcset=\"https:\/\/faktor.al\/wp-content\/uploads\/2026\/01\/1000235442-467x1024.jpg 467w, https:\/\/faktor.al\/wp-content\/uploads\/2026\/01\/1000235442-137x300.jpg 137w, https:\/\/faktor.al\/wp-content\/uploads\/2026\/01\/1000235442-768x1684.jpg 768w, https:\/\/faktor.al\/wp-content\/uploads\/2026\/01\/1000235442-700x1536.jpg 700w, https:\/\/faktor.al\/wp-content\/uploads\/2026\/01\/1000235442-150x329.jpg 150w, https:\/\/faktor.al\/wp-content\/uploads\/2026\/01\/1000235442-300x658.jpg 300w, https:\/\/faktor.al\/wp-content\/uploads\/2026\/01\/1000235442-696x1526.jpg 696w, https:\/\/faktor.al\/wp-content\/uploads\/2026\/01\/1000235442.jpg 912w\" alt=\"\" width=\"467\" height=\"1024\" data-pagespeed-url-hash=\"4203929659\" data-pin-no-hover=\"true\" \/><\/figure>\n","protected":false},"excerpt":{"rendered":"<p>Nga\u00a0Enkelejda MEMA Nj\u00eb p\u00ebrgjigje dhe nj\u00eb pyetje p\u00ebr Altin Preng\u00ebn N\u00eb 19 dhjetor, nj\u00eb dit\u00eb para hapjes s\u00eb Mrizit t\u00eb Zanave, n\u00eb Bulevardin \u201cZogu i Par\u00eb\u201d, banor\u00ebt telefonohen (numrat nuk e di nga i gjet\u00ebn) t\u00eb l\u00ebviznin p\u00ebr nj\u00eb dit\u00eb makinat pasi nj\u00eb biznes n\u00eb t\u00eb njejt\u00ebn rrugic\u00eb i duhej t\u00eb ngarkonte dhe t\u00eb shkarkonte &hellip;<\/p>\n","protected":false},"author":4,"featured_media":132894,"comment_status":"closed","ping_status":"closed","sticky":false,"template":"","format":"standard","meta":{"footnotes":""},"categories":[37],"tags":[],"class_list":["post-132893","post","type-post","status-publish","format-standard","has-post-thumbnail","","category-politike"],"_links":{"self":[{"href":"https:\/\/rdnews.al\/index.php\/wp-json\/wp\/v2\/posts\/132893","targetHints":{"allow":["GET"]}}],"collection":[{"href":"https:\/\/rdnews.al\/index.php\/wp-json\/wp\/v2\/posts"}],"about":[{"href":"https:\/\/rdnews.al\/index.php\/wp-json\/wp\/v2\/types\/post"}],"author":[{"embeddable":true,"href":"https:\/\/rdnews.al\/index.php\/wp-json\/wp\/v2\/users\/4"}],"replies":[{"embeddable":true,"href":"https:\/\/rdnews.al\/index.php\/wp-json\/wp\/v2\/comments?post=132893"}],"version-history":[{"count":2,"href":"https:\/\/rdnews.al\/index.php\/wp-json\/wp\/v2\/posts\/132893\/revisions"}],"predecessor-version":[{"id":132896,"href":"https:\/\/rdnews.al\/index.php\/wp-json\/wp\/v2\/posts\/132893\/revisions\/132896"}],"wp:featuredmedia":[{"embeddable":true,"href":"https:\/\/rdnews.al\/index.php\/wp-json\/wp\/v2\/media\/132894"}],"wp:attachment":[{"href":"https:\/\/rdnews.al\/index.php\/wp-json\/wp\/v2\/media?parent=132893"}],"wp:term":[{"taxonomy":"category","embeddable":true,"href":"https:\/\/rdnews.al\/index.php\/wp-json\/wp\/v2\/categories?post=132893"},{"taxonomy":"post_tag","embeddable":true,"href":"https:\/\/rdnews.al\/index.php\/wp-json\/wp\/v2\/tags?post=132893"}],"curies":[{"name":"wp","href":"https:\/\/api.w.org\/{rel}","templated":true}]}}