{"id":132902,"date":"2026-01-08T10:33:39","date_gmt":"2026-01-08T10:33:39","guid":{"rendered":"https:\/\/rdnews.al\/?p=132902"},"modified":"2026-01-08T10:33:39","modified_gmt":"2026-01-08T10:33:39","slug":"berisha-permbytja-ne-durres-u-ndihmua-nga-korrupsioni","status":"publish","type":"post","link":"https:\/\/rdnews.al\/index.php\/2026\/01\/08\/berisha-permbytja-ne-durres-u-ndihmua-nga-korrupsioni\/","title":{"rendered":"Berisha: P\u00ebrmbytja n\u00eb Durr\u00ebs u ndihmua nga korrupsioni!"},"content":{"rendered":"<p>Kryetari i PD, Sali Berisha ka postuar nj\u00eb mesazh n\u00eb faqen e tij n\u00eb Facebook pas p\u00ebrmbytjeve masive n\u00eb Qarkun e Durr\u00ebsit,<\/p>\n<p>\u201cP\u00ebrmbytja u ndihmua nga korrupsioni\u201d, shkruan Berisha duke shpjeguar edhe gjendjen e portave t\u00eb Hidrovorit n\u00eb Porto Romano.<\/p>\n<p><strong>Reagimi<\/strong><\/p>\n<p>Kjo ishte gjendja e portave t\u00eb hidrovorit t\u00eb Porto Romanos dje pas dite! P\u00ebrmbytja u ndihmua nga korrupsioni.<\/p>\n<p>E para nuk duket me siguri n\u00ebse punon<\/p>\n<p>E dyta punon.<\/p>\n<p>E treta nuk punon.<\/p>\n<p>E kat\u00ebrta dhe pesta punojn\u00eb.<\/p>\n<p>E gjashta dhe e shtata nuk punojn\u00eb.<\/p>\n<p>E teta dhe e n\u00ebnta nuk punojn\u00eb.<\/p>\n<div class=\"readmore-text-here\">\n<p><iframe loading=\"lazy\" src=\"https:\/\/www.facebook.com\/plugins\/post.php?href=https%3A%2F%2Fwww.facebook.com%2FSaliBerisha%2Fposts%2Fpfbid042YNew9c2myUWoeMaRDz6r9iyKoGsxD5csTq6xZa5buGeJVHJvTTsD4kHKnHZpZfl&amp;show_text=true&amp;width=500\" width=\"500\" height=\"550\" frameborder=\"0\" scrolling=\"no\" allowfullscreen=\"allowfullscreen\" data-mce-fragment=\"1\"><\/iframe><\/p>\n<\/div>\n<div id=\"rekl-45\"><\/div>\n<div id=\"rekl-16\"><\/div>\n<div id=\"rekl-33\"><\/div>\n","protected":false},"excerpt":{"rendered":"<p>Kryetari i PD, Sali Berisha ka postuar nj\u00eb mesazh n\u00eb faqen e tij n\u00eb Facebook pas p\u00ebrmbytjeve masive n\u00eb Qarkun e Durr\u00ebsit, \u201cP\u00ebrmbytja u ndihmua nga korrupsioni\u201d, shkruan Berisha duke shpjeguar edhe gjendjen e portave t\u00eb Hidrovorit n\u00eb Porto Romano. Reagimi Kjo ishte gjendja e portave t\u00eb hidrovorit t\u00eb Porto Romanos dje pas dite! P\u00ebrmbytja &hellip;<\/p>\n","protected":false},"author":4,"featured_media":132903,"comment_status":"closed","ping_status":"closed","sticky":false,"template":"","format":"standard","meta":{"footnotes":""},"categories":[37],"tags":[],"class_list":["post-132902","post","type-post","status-publish","format-standard","has-post-thumbnail","","category-politike"],"_links":{"self":[{"href":"https:\/\/rdnews.al\/index.php\/wp-json\/wp\/v2\/posts\/132902","targetHints":{"allow":["GET"]}}],"collection":[{"href":"https:\/\/rdnews.al\/index.php\/wp-json\/wp\/v2\/posts"}],"about":[{"href":"https:\/\/rdnews.al\/index.php\/wp-json\/wp\/v2\/types\/post"}],"author":[{"embeddable":true,"href":"https:\/\/rdnews.al\/index.php\/wp-json\/wp\/v2\/users\/4"}],"replies":[{"embeddable":true,"href":"https:\/\/rdnews.al\/index.php\/wp-json\/wp\/v2\/comments?post=132902"}],"version-history":[{"count":1,"href":"https:\/\/rdnews.al\/index.php\/wp-json\/wp\/v2\/posts\/132902\/revisions"}],"predecessor-version":[{"id":132904,"href":"https:\/\/rdnews.al\/index.php\/wp-json\/wp\/v2\/posts\/132902\/revisions\/132904"}],"wp:featuredmedia":[{"embeddable":true,"href":"https:\/\/rdnews.al\/index.php\/wp-json\/wp\/v2\/media\/132903"}],"wp:attachment":[{"href":"https:\/\/rdnews.al\/index.php\/wp-json\/wp\/v2\/media?parent=132902"}],"wp:term":[{"taxonomy":"category","embeddable":true,"href":"https:\/\/rdnews.al\/index.php\/wp-json\/wp\/v2\/categories?post=132902"},{"taxonomy":"post_tag","embeddable":true,"href":"https:\/\/rdnews.al\/index.php\/wp-json\/wp\/v2\/tags?post=132902"}],"curies":[{"name":"wp","href":"https:\/\/api.w.org\/{rel}","templated":true}]}}