{"id":132909,"date":"2026-01-08T10:41:44","date_gmt":"2026-01-08T10:41:44","guid":{"rendered":"https:\/\/rdnews.al\/?p=132909"},"modified":"2026-01-08T10:41:44","modified_gmt":"2026-01-08T10:41:44","slug":"permbytjet-ne-durres-kallezohet-ne-spak-rama-dhe-kryebashkiakja-sako","status":"publish","type":"post","link":"https:\/\/rdnews.al\/index.php\/2026\/01\/08\/permbytjet-ne-durres-kallezohet-ne-spak-rama-dhe-kryebashkiakja-sako\/","title":{"rendered":"P\u00ebrmbytjet n\u00eb Durr\u00ebs\/ Kall\u00ebzohet n\u00eb SPAK Rama dhe kryebashkiakja Sako"},"content":{"rendered":"<p>Kryeministrit Edi Rama dhe kryetarja e Bashkis\u00eb s\u00eb Durr\u00ebsit, Emiriana Sako jan\u00eb kall\u00ebzuar sot n\u00eb SPAK pas situat\u00ebs me p\u00ebrmbytjet n\u00eb qytet.<\/p>\n<p>An\u00ebtarja e K\u00ebshillit Komb\u00ebtar t\u00eb PD, Ilirjana Ku\u00e7ana b\u00ebri t\u00eb ditur se ka depozituar sot n\u00eb SPAK nj\u00eb kall\u00ebzim penal ndaj kryeministrit Edi Rama dhe kryetares s\u00eb Bashkis\u00eb Durr\u00ebs, Emirjana Sako, si dhe ndaj institucioneve t\u00eb tjera, p\u00ebr vepr\u00ebn penale \u201cShp\u00ebrdorim i detyr\u00ebs n\u00eb bashk\u00ebpunim\u201d, t\u00eb parashikuar nga neni 248 i Kodit Penal.<\/p>\n<p>Sipas kall\u00ebzimit, i cili p\u00ebrfshin gjithashtu Ministrin\u00eb e Bujq\u00ebsis\u00eb dhe Zhvillimit Rural dhe Drejtorin\u00eb e Ujitjes dhe Kullimit Durr\u00ebs, dyshohet se personat dhe institucionet e p\u00ebrfshira mund t\u00eb ken\u00eb shp\u00ebrdoruar fonde publike dhe detyra t\u00eb tjera zyrtare, duke kontribuar n\u00eb p\u00ebrkeq\u00ebsimin e situat\u00ebs s\u00eb p\u00ebrmbytjeve n\u00eb qytetin e Durr\u00ebsit.<\/p>\n<p>Kall\u00ebzimi thekson se hetimi mund t\u00eb zbuloj\u00eb edhe veprime t\u00eb tjera penale t\u00eb kryera n\u00eb bashk\u00ebpunim nga personat dhe institucionet e p\u00ebrfshira. Dokumenti ligjor referon Kushtetut\u00ebn e Republik\u00ebs s\u00eb Shqip\u00ebris\u00eb, Kodin Penal dhe ligjet p\u00ebr vet\u00ebqeverisjen vendore dhe administrimin e ujitjes dhe t\u00eb kullimit.Kryetarja e Bashkis\u00eb s\u00eb Durr\u00ebsit, Emiriana Sako, \u00ebsht\u00eb kall\u00ebzuar sot n\u00eb SPAK pas situat\u00ebs me p\u00ebrmbytjet n\u00eb qytet.<\/p>\n<p>N\u00eb nj\u00eb prononcim p\u00ebr mediat para selis\u00eb s\u00eb SPAK, An\u00ebtarja e k\u00ebshillit Komb\u00ebtra t\u00eb PD, Ilirjana Ku\u00e7ana, deklaroi se p\u00ebrmbytjet q\u00eb kan\u00eb prekur mij\u00ebra banor\u00eb n\u00eb Durr\u00ebs dhe zonat p\u00ebrreth nuk jan\u00eb \u201c\u00e7\u00ebshtje e Zotit\u201d, por pasoj\u00eb e drejtp\u00ebrdrejt\u00eb e keqqeverisjes. Ajo akuzoi kryeministrin Rama si p\u00ebrgjegj\u00ebsin kryesor p\u00ebr situat\u00ebn, dhe q\u00eb duhet t\u00eb mbaj\u00eb p\u00ebrgjegj\u00ebsi.<\/p>\n<p>\u201cKemi t\u00eb b\u00ebjm\u00eb me nj\u00eb narko-qeveri. Kemi rreth nj\u00eb vit q\u00eb ju themi se k\u00ebta jan\u00eb nj\u00eb grup i strukturuar kriminal,\u201d u shpreh Ku\u00e7ana, duke paralajm\u00ebruar se s\u00eb shpejti do t\u00eb publikohen video kompromentuese. Sipas saj, materialet filmike do t\u00eb ekspozojn\u00eb \u201ckoordinator\u00ebt e krimit\u201d dhe p\u00ebrfaq\u00ebsues t\u00eb tyre n\u00eb \u201cpazare t\u00eb drejtp\u00ebrdrejta me Edi Ram\u00ebn\u201d.<\/p>\n<p>\u201cAta nuk e kan\u00eb m\u00eb hallin e qytetar\u00ebve. Fillimisht kishin hallin p\u00ebr t\u00eb vjedhur parat\u00eb e shqiptar\u00ebve, tashm\u00eb kan\u00eb hallin t&#8217;i fshehin ato para, por nuk do t\u2019i fshehin m\u00eb,\u201d shtoi ajo, duke iu referuar edhe v\u00ebmendjes s\u00eb shtuar nd\u00ebrkomb\u00ebtare. Ajo p\u00ebrmendi q\u00ebndrimin e Departamentit Amerikan t\u00eb Shtetit, i cili ka deklaruar se deri n\u00eb fund t\u00eb marsit Shqip\u00ebria do t\u00eb shikohet me prioritet, duke shtuar se \u201ccilido q\u00eb mendon se ka vjedhur parat\u00eb e shqiptar\u00ebve dhe do t\u00eb shp\u00ebtoj\u00eb, e ka shum\u00eb gabim\u201d.<\/p>\n<p>E pyetur se pse i drejtohet s\u00ebrish SPAK-ut, pas nj\u00eb kall\u00ebzimi t\u00eb m\u00ebparsh\u00ebm q\u00eb u shpall moskompetenc\u00eb, Ku\u00e7ana theksoi se k\u00ebt\u00eb her\u00eb ka besim se institucioni do t\u00eb veproj\u00eb me intensitetin e duhur. Ajo i b\u00ebri thirrje SPAK-ut t\u00eb kryej\u00eb detyr\u00ebn, pasi \u201cshqiptar\u00ebt ndihen t\u00eb vjedhur, t\u00eb braktisur dhe pa shpres\u00eb\u201d.<\/p>\n","protected":false},"excerpt":{"rendered":"<p>Kryeministrit Edi Rama dhe kryetarja e Bashkis\u00eb s\u00eb Durr\u00ebsit, Emiriana Sako jan\u00eb kall\u00ebzuar sot n\u00eb SPAK pas situat\u00ebs me p\u00ebrmbytjet n\u00eb qytet. An\u00ebtarja e K\u00ebshillit Komb\u00ebtar t\u00eb PD, Ilirjana Ku\u00e7ana b\u00ebri t\u00eb ditur se ka depozituar sot n\u00eb SPAK nj\u00eb kall\u00ebzim penal ndaj kryeministrit Edi Rama dhe kryetares s\u00eb Bashkis\u00eb Durr\u00ebs, Emirjana Sako, si dhe &hellip;<\/p>\n","protected":false},"author":4,"featured_media":93955,"comment_status":"closed","ping_status":"closed","sticky":false,"template":"","format":"standard","meta":{"footnotes":""},"categories":[37],"tags":[],"class_list":["post-132909","post","type-post","status-publish","format-standard","has-post-thumbnail","","category-politike"],"_links":{"self":[{"href":"https:\/\/rdnews.al\/index.php\/wp-json\/wp\/v2\/posts\/132909","targetHints":{"allow":["GET"]}}],"collection":[{"href":"https:\/\/rdnews.al\/index.php\/wp-json\/wp\/v2\/posts"}],"about":[{"href":"https:\/\/rdnews.al\/index.php\/wp-json\/wp\/v2\/types\/post"}],"author":[{"embeddable":true,"href":"https:\/\/rdnews.al\/index.php\/wp-json\/wp\/v2\/users\/4"}],"replies":[{"embeddable":true,"href":"https:\/\/rdnews.al\/index.php\/wp-json\/wp\/v2\/comments?post=132909"}],"version-history":[{"count":1,"href":"https:\/\/rdnews.al\/index.php\/wp-json\/wp\/v2\/posts\/132909\/revisions"}],"predecessor-version":[{"id":132910,"href":"https:\/\/rdnews.al\/index.php\/wp-json\/wp\/v2\/posts\/132909\/revisions\/132910"}],"wp:featuredmedia":[{"embeddable":true,"href":"https:\/\/rdnews.al\/index.php\/wp-json\/wp\/v2\/media\/93955"}],"wp:attachment":[{"href":"https:\/\/rdnews.al\/index.php\/wp-json\/wp\/v2\/media?parent=132909"}],"wp:term":[{"taxonomy":"category","embeddable":true,"href":"https:\/\/rdnews.al\/index.php\/wp-json\/wp\/v2\/categories?post=132909"},{"taxonomy":"post_tag","embeddable":true,"href":"https:\/\/rdnews.al\/index.php\/wp-json\/wp\/v2\/tags?post=132909"}],"curies":[{"name":"wp","href":"https:\/\/api.w.org\/{rel}","templated":true}]}}