{"id":132911,"date":"2026-01-08T10:48:51","date_gmt":"2026-01-08T10:48:51","guid":{"rendered":"https:\/\/rdnews.al\/?p=132911"},"modified":"2026-01-08T10:48:51","modified_gmt":"2026-01-08T10:48:51","slug":"regjistrohet-viktima-e-pare-nga-permbytjet-ne-durres","status":"publish","type":"post","link":"https:\/\/rdnews.al\/index.php\/2026\/01\/08\/regjistrohet-viktima-e-pare-nga-permbytjet-ne-durres\/","title":{"rendered":"Regjistrohet viktima e par\u00eb nga p\u00ebrmbytjet n\u00eb Durr\u00ebs"},"content":{"rendered":"<p>Nj\u00eb person \u00ebsht\u00eb gjetur pa shenja jete, i dyshuar i mbytur, n\u00eb zon\u00ebn e Plepave n\u00eb qytetin e Durr\u00ebsit.<\/p>\n<p>Forca t\u00eb Policis\u00eb kan\u00eb mb\u00ebrritur n\u00eb vendngjarje dhe po kryejn\u00eb veprimet e nevojshme hetimore p\u00ebr identifikimin e viktim\u00ebs dhe zbardhjen e rrethanave n\u00eb t\u00eb cilat ka ndodhur ngjarja. Deri m\u00eb tani, identiteti i personit ende nuk \u00ebsht\u00eb b\u00ebr\u00eb i ditur.<\/p>\n<p>Trupi i pajet\u00eb \u00ebsht\u00eb transportuar drejt morgut t\u00eb qytetit t\u00eb Durr\u00ebsit, ku do t\u2019i n\u00ebnshtrohet ekspertiz\u00ebs mjeko-ligjore, me q\u00ebllim p\u00ebrcaktimin e shkakut t\u00eb sakt\u00eb t\u00eb vdekjes.<\/p>\n<p>Policia vijon hetimet p\u00ebr t\u00eb hedhur drit\u00eb mbi k\u00ebt\u00eb ngjarje.<\/p>\n","protected":false},"excerpt":{"rendered":"<p>Nj\u00eb person \u00ebsht\u00eb gjetur pa shenja jete, i dyshuar i mbytur, n\u00eb zon\u00ebn e Plepave n\u00eb qytetin e Durr\u00ebsit. Forca t\u00eb Policis\u00eb kan\u00eb mb\u00ebrritur n\u00eb vendngjarje dhe po kryejn\u00eb veprimet e nevojshme hetimore p\u00ebr identifikimin e viktim\u00ebs dhe zbardhjen e rrethanave n\u00eb t\u00eb cilat ka ndodhur ngjarja. Deri m\u00eb tani, identiteti i personit ende nuk &hellip;<\/p>\n","protected":false},"author":4,"featured_media":132741,"comment_status":"closed","ping_status":"closed","sticky":false,"template":"","format":"standard","meta":{"footnotes":""},"categories":[37],"tags":[],"class_list":["post-132911","post","type-post","status-publish","format-standard","has-post-thumbnail","","category-politike"],"_links":{"self":[{"href":"https:\/\/rdnews.al\/index.php\/wp-json\/wp\/v2\/posts\/132911","targetHints":{"allow":["GET"]}}],"collection":[{"href":"https:\/\/rdnews.al\/index.php\/wp-json\/wp\/v2\/posts"}],"about":[{"href":"https:\/\/rdnews.al\/index.php\/wp-json\/wp\/v2\/types\/post"}],"author":[{"embeddable":true,"href":"https:\/\/rdnews.al\/index.php\/wp-json\/wp\/v2\/users\/4"}],"replies":[{"embeddable":true,"href":"https:\/\/rdnews.al\/index.php\/wp-json\/wp\/v2\/comments?post=132911"}],"version-history":[{"count":1,"href":"https:\/\/rdnews.al\/index.php\/wp-json\/wp\/v2\/posts\/132911\/revisions"}],"predecessor-version":[{"id":132912,"href":"https:\/\/rdnews.al\/index.php\/wp-json\/wp\/v2\/posts\/132911\/revisions\/132912"}],"wp:featuredmedia":[{"embeddable":true,"href":"https:\/\/rdnews.al\/index.php\/wp-json\/wp\/v2\/media\/132741"}],"wp:attachment":[{"href":"https:\/\/rdnews.al\/index.php\/wp-json\/wp\/v2\/media?parent=132911"}],"wp:term":[{"taxonomy":"category","embeddable":true,"href":"https:\/\/rdnews.al\/index.php\/wp-json\/wp\/v2\/categories?post=132911"},{"taxonomy":"post_tag","embeddable":true,"href":"https:\/\/rdnews.al\/index.php\/wp-json\/wp\/v2\/tags?post=132911"}],"curies":[{"name":"wp","href":"https:\/\/api.w.org\/{rel}","templated":true}]}}