{"id":132922,"date":"2026-01-08T12:04:43","date_gmt":"2026-01-08T12:04:43","guid":{"rendered":"https:\/\/rdnews.al\/?p=132922"},"modified":"2026-01-08T12:04:43","modified_gmt":"2026-01-08T12:04:43","slug":"berisha-narko-qeveria-nuk-shpall-gjendjen-e-fatkeqesise-natyrore-sepse-nuk-duan-te-kompensojne-qytetaret","status":"publish","type":"post","link":"https:\/\/rdnews.al\/index.php\/2026\/01\/08\/berisha-narko-qeveria-nuk-shpall-gjendjen-e-fatkeqesise-natyrore-sepse-nuk-duan-te-kompensojne-qytetaret\/","title":{"rendered":"Berisha: Narko-qeveria nuk shpall gjendjen e fatkeq\u00ebsis\u00eb natyrore sepse nuk duan t\u00eb kompensojn\u00eb qytetar\u00ebt"},"content":{"rendered":"<p>Lideri i opozit\u00ebs, Sali Berisha, gjat\u00eb nj\u00eb konference p\u00ebr shyp i k\u00ebrkoi qeveris\u00eb t\u00eb shpall\u00eb gjendjen e jasht\u00ebzakonshme pas p\u00ebrmbytjeve dramatike.<\/p>\n<p>Berisha tha se, narko-qeveria nuk shpall gjendjen e fatkeq\u00ebsis\u00eb natyrore sepse nuk duan t\u00eb kompensojn\u00eb qytetar\u00ebt.<\/p>\n<p>Berisha: P\u00ebrmbytjet nga shirat kan\u00eb marr\u00eb dimensione t\u00eb reja dramatike, proporcione t\u00eb reja dramatike n\u00eb mbar\u00eb vendin.<\/p>\n<p>Narko-qeveria \u00ebsht\u00eb n\u00eb narkoz\u00eb t\u00eb plot\u00eb, \u00ebsht\u00eb jasht\u00eb \u00e7do lloj imagjinate, jasht\u00eb \u00e7do lloj standardi, q\u00eb n\u00eb kushte kur mij\u00ebra e mij\u00ebra banesa, dhjet\u00ebra mij\u00ebra qytetar\u00eb kan\u00eb sht\u00ebpit\u00eb e tyre t\u00eb p\u00ebrmbytura, kan\u00eb bizneset e tyre t\u00eb p\u00ebrmbytura, kan\u00eb jet\u00ebn e tyre t\u00eb k\u00ebrc\u00ebnuar, qeveria, narko-qeveria jo vet\u00ebm q\u00eb nuk vendos gjendjen e fatkeq\u00ebsis\u00eb natyrore, e cila detyron t\u00eb ashtuquajturim shtet t\u00eb mobilizoj\u00eb t\u00eb gjitha burimet p\u00ebr t\u00eb ndihmuar, p\u00ebr t\u00eb shp\u00ebtuar, p\u00ebr t\u00eb nxjerr\u00eb nga rreziku banor\u00ebt e zonave t\u00eb k\u00ebrc\u00ebnuara, t\u00eb p\u00ebrmbytura, por l\u00ebshon dje nj\u00eb tallje cinike, n\u00eb t\u00eb cil\u00ebn pretendon se opozita po e akuzon p\u00ebr p\u00ebrmbytjet n\u00eb Greqi dhe Itali, nj\u00eb fantazi e s\u00ebmur\u00eb e nj\u00eb fantazisti t\u00eb sfazuar, njeriu i cili tani po p\u00ebrjeton net tmerri \u00e7do nat\u00eb p\u00ebr shkak t\u00eb krimeve t\u00eb tij t\u00eb b\u00ebra evidente.<\/p>\n<p>Por un\u00eb prap\u00eb do ndalem edhe nj\u00ebher\u00eb tek zonat e p\u00ebrmbytura.<\/p>\n<p>Durr\u00ebsi \u00ebsht\u00eb p\u00ebrmbytur, pa diskutim q\u00eb reshjet e m\u00ebdha jan\u00eb shkaku themelor, por ajo q\u00eb e favorizoi n\u00eb m\u00ebnyr\u00eb t\u00eb paprecedent \u00ebsht\u00eb gjendja katastrofale e kanalizimeve dhe hidrovor\u00ebve, atij t\u00eb Porto Romanos dhe atij t\u00eb zon\u00ebs sip\u00ebr Bishtit t\u00eb Pall\u00ebs, e cila mbron t\u00eb gjith\u00eb at\u00eb ult\u00ebsir\u00eb.<\/p>\n<p>Pra, k\u00ebto dy hidrovor\u00eb, i pari ka disa porta q\u00eb nuk i funksionojn\u00eb, kurse hidrovori i Hamallajt i ka pompat e djegura.<\/p>\n<p>P\u00ebrve\u00e7 k\u00ebsaj kanalizimet jan\u00eb bllokuar me nd\u00ebrtime t\u00eb tjera ose nuk jan\u00eb pastruar.<\/p>\n<p>Pra, n\u00eb k\u00ebt\u00eb situat\u00eb gjith\u00e7ka favorizon ujin p\u00ebr t\u00eb p\u00ebrmbytur qytetar\u00ebt, sht\u00ebpit\u00eb, bizneset e tyre.<\/p>\n<p>Situat\u00eb dramatike, tep\u00ebr k\u00ebrc\u00ebnuese \u00ebsht\u00eb n\u00eb zon\u00ebn e Novosel\u00ebs ndaj dhe Bashkia e Vlor\u00ebs ka k\u00ebrkuar evakuimin.<\/p>\n<p>U b\u00ebj thirrje banor\u00ebve t\u00eb evakuohen sa m\u00eb par\u00eb sepse lumi Vjosa \u00ebsht\u00eb nj\u00eb lum\u00eb me rrezikshm\u00ebri t\u00eb pakrahasueshme me asnj\u00eb nga lumenjt\u00eb e tjer\u00eb t\u00eb vendit n\u00eb befasin\u00eb e prurjeve t\u00eb tij.<\/p>\n<p>Lumenj t\u00eb tjer\u00eb kan\u00eb dal\u00eb dhe p\u00ebrmbytur zona si\u00e7 \u00ebsht\u00eb lumi i Droj\u00ebs, q\u00eb n\u00eb fakt \u00ebsht\u00eb nj\u00eb p\u00ebrrua n\u00eb realitet, por gjat\u00eb shtr\u00ebngatave t\u00eb m\u00ebdha b\u00ebhet lum\u00eb i rr\u00ebmbyer dhe ka \u00e7ar\u00eb argjinaturat dhe ka p\u00ebrmbytur zonat e tjera.<\/p>\n<p>N\u00eb asnj\u00eb vend nuk gjenden qeveria dhe p\u00ebrfaq\u00ebsuesit e narko-qeveris\u00eb, p\u00ebrve\u00e7se ministri i Drejt\u00ebsis\u00eb q\u00eb kishte shkuar n\u00eb burg dhe kishte veshur kominoshet e burgut p\u00ebr t\u00eb d\u00ebshmuar se qeveria e tij \u00ebsht\u00eb nj\u00eb qeveri e mbytur komplet.<\/p>\n<p>Ndaj dhe para k\u00ebsaj situate, d\u00ebnoj me forc\u00ebn m\u00eb t\u00eb madhe k\u00ebt\u00eb indiferenc\u00eb \u00e7njer\u00ebzore, moshpalljen e gjendjes s\u00eb fatkeq\u00ebsis\u00eb natyrore, gjendje e cila ka tejkaluar, plot\u00ebson n\u00eb k\u00ebto rrethe t\u00eb gjitha kriteret p\u00ebr t\u2019u shpallur.<\/p>\n<p>Por kjo mosshpallje vjen p\u00ebr shkak se nuk duan t\u2019i kompensojn\u00eb qytetar\u00ebt p\u00ebr humbjet e tyre.<\/p>\n<p>Sepse shpallja e gjendjes s\u00eb fatkeq\u00ebsis\u00eb detyron qeverin\u00eb t\u00eb kompensoj\u00eb t\u00eb gjitha d\u00ebmtimet e krijuara nga fatkeq\u00ebsia.<\/p>\n<p>K\u00ebtu q\u00ebndron fakti q\u00eb narko-qeveria dhe Edi Rama sodisin.<\/p>\n","protected":false},"excerpt":{"rendered":"<p>Lideri i opozit\u00ebs, Sali Berisha, gjat\u00eb nj\u00eb konference p\u00ebr shyp i k\u00ebrkoi qeveris\u00eb t\u00eb shpall\u00eb gjendjen e jasht\u00ebzakonshme pas p\u00ebrmbytjeve dramatike. Berisha tha se, narko-qeveria nuk shpall gjendjen e fatkeq\u00ebsis\u00eb natyrore sepse nuk duan t\u00eb kompensojn\u00eb qytetar\u00ebt. Berisha: P\u00ebrmbytjet nga shirat kan\u00eb marr\u00eb dimensione t\u00eb reja dramatike, proporcione t\u00eb reja dramatike n\u00eb mbar\u00eb vendin. Narko-qeveria &hellip;<\/p>\n","protected":false},"author":4,"featured_media":132923,"comment_status":"closed","ping_status":"closed","sticky":false,"template":"","format":"standard","meta":{"footnotes":""},"categories":[37],"tags":[],"class_list":["post-132922","post","type-post","status-publish","format-standard","has-post-thumbnail","","category-politike"],"_links":{"self":[{"href":"https:\/\/rdnews.al\/index.php\/wp-json\/wp\/v2\/posts\/132922","targetHints":{"allow":["GET"]}}],"collection":[{"href":"https:\/\/rdnews.al\/index.php\/wp-json\/wp\/v2\/posts"}],"about":[{"href":"https:\/\/rdnews.al\/index.php\/wp-json\/wp\/v2\/types\/post"}],"author":[{"embeddable":true,"href":"https:\/\/rdnews.al\/index.php\/wp-json\/wp\/v2\/users\/4"}],"replies":[{"embeddable":true,"href":"https:\/\/rdnews.al\/index.php\/wp-json\/wp\/v2\/comments?post=132922"}],"version-history":[{"count":1,"href":"https:\/\/rdnews.al\/index.php\/wp-json\/wp\/v2\/posts\/132922\/revisions"}],"predecessor-version":[{"id":132924,"href":"https:\/\/rdnews.al\/index.php\/wp-json\/wp\/v2\/posts\/132922\/revisions\/132924"}],"wp:featuredmedia":[{"embeddable":true,"href":"https:\/\/rdnews.al\/index.php\/wp-json\/wp\/v2\/media\/132923"}],"wp:attachment":[{"href":"https:\/\/rdnews.al\/index.php\/wp-json\/wp\/v2\/media?parent=132922"}],"wp:term":[{"taxonomy":"category","embeddable":true,"href":"https:\/\/rdnews.al\/index.php\/wp-json\/wp\/v2\/categories?post=132922"},{"taxonomy":"post_tag","embeddable":true,"href":"https:\/\/rdnews.al\/index.php\/wp-json\/wp\/v2\/tags?post=132922"}],"curies":[{"name":"wp","href":"https:\/\/api.w.org\/{rel}","templated":true}]}}