{"id":132949,"date":"2026-01-08T17:33:57","date_gmt":"2026-01-08T17:33:57","guid":{"rendered":"https:\/\/rdnews.al\/?p=132949"},"modified":"2026-01-08T17:33:57","modified_gmt":"2026-01-08T17:33:57","slug":"situate-kritike-ne-fier-cahet-argjinatura-uji-vershon-ne-fshat-dhe-rrezikon-banesat","status":"publish","type":"post","link":"https:\/\/rdnews.al\/index.php\/2026\/01\/08\/situate-kritike-ne-fier-cahet-argjinatura-uji-vershon-ne-fshat-dhe-rrezikon-banesat\/","title":{"rendered":"Situat\u00eb kritike n\u00eb Fier\/ \u00c7ahet argjinatura, uji v\u00ebrshon n\u00eb fshat dhe rrezikon banesat"},"content":{"rendered":"<p>R\u00ebndohet edhe m\u00eb shum\u00eb situata e p\u00ebrmbytjeve n\u00eb qarkun e Fierit p\u00ebr shkak t\u00eb v\u00ebrshimeve q\u00eb vijn\u00eb nga lumenjt\u00eb Vjos\u00eb dhe Shkumbin.<\/p>\n<p>Gjendja mbr\u00ebmjen e sotme n\u00eb Ferras t\u00eb Fierit ka qen\u00eb kritike, teksa \u00ebsht\u00eb k\u00ebrkuar edhe evakuimi i menj\u00ebhersh\u00ebm i banor\u00ebve.<\/p>\n<p>Shkak \u00ebsht\u00eb b\u00ebr\u00eb \u00e7arja e argjinatur\u00ebs pas prurjeve t\u00eb m\u00ebdha dhe p\u00ebrmbytjeve nga reshjet e dendura t\u00eb shiut dhe investimet e k\u00ebqija t\u00eb autoriteteve vendore dhe qendrore.<\/p>\n<p>M\u00ebsohet se d\u00ebmtimi \u00ebsht\u00eb lokalizuar te argjinatura e kanalit t\u00eb Martin\u00ebs n\u00eb Ferras.<\/p>\n<p><img loading=\"lazy\" decoding=\"async\" class=\"alignnone size-medium wp-image-1645591\" src=\"https:\/\/boldnews.al\/wp-content\/uploads\/2026\/01\/argjinatura-fier1-1-640x361.jpg\" sizes=\"auto, (max-width: 640px) 100vw, 640px\" srcset=\"https:\/\/boldnews.al\/wp-content\/uploads\/2026\/01\/argjinatura-fier1-1-640x361.jpg 640w, https:\/\/boldnews.al\/wp-content\/uploads\/2026\/01\/argjinatura-fier1-1-750x423.jpg 750w, https:\/\/boldnews.al\/wp-content\/uploads\/2026\/01\/argjinatura-fier1-1.jpg 925w\" alt=\"\" width=\"640\" height=\"361\" data-pin-no-hover=\"true\" \/><\/p>\n<p>Si pasoj\u00eb uji ka hyr\u00eb n\u00eb fshat duke rrezikuar t\u00eb gjith\u00eb banesat. Nd\u00ebrkoh\u00eb raportohet se po merren masa p\u00ebr evakuimin e banor\u00ebve. Situata vijon t\u00eb jet\u00eb alarmante.<\/p>\n","protected":false},"excerpt":{"rendered":"<p>R\u00ebndohet edhe m\u00eb shum\u00eb situata e p\u00ebrmbytjeve n\u00eb qarkun e Fierit p\u00ebr shkak t\u00eb v\u00ebrshimeve q\u00eb vijn\u00eb nga lumenjt\u00eb Vjos\u00eb dhe Shkumbin. Gjendja mbr\u00ebmjen e sotme n\u00eb Ferras t\u00eb Fierit ka qen\u00eb kritike, teksa \u00ebsht\u00eb k\u00ebrkuar edhe evakuimi i menj\u00ebhersh\u00ebm i banor\u00ebve. Shkak \u00ebsht\u00eb b\u00ebr\u00eb \u00e7arja e argjinatur\u00ebs pas prurjeve t\u00eb m\u00ebdha dhe p\u00ebrmbytjeve nga &hellip;<\/p>\n","protected":false},"author":4,"featured_media":132950,"comment_status":"closed","ping_status":"closed","sticky":false,"template":"","format":"standard","meta":{"footnotes":""},"categories":[37],"tags":[],"class_list":["post-132949","post","type-post","status-publish","format-standard","has-post-thumbnail","","category-politike"],"_links":{"self":[{"href":"https:\/\/rdnews.al\/index.php\/wp-json\/wp\/v2\/posts\/132949","targetHints":{"allow":["GET"]}}],"collection":[{"href":"https:\/\/rdnews.al\/index.php\/wp-json\/wp\/v2\/posts"}],"about":[{"href":"https:\/\/rdnews.al\/index.php\/wp-json\/wp\/v2\/types\/post"}],"author":[{"embeddable":true,"href":"https:\/\/rdnews.al\/index.php\/wp-json\/wp\/v2\/users\/4"}],"replies":[{"embeddable":true,"href":"https:\/\/rdnews.al\/index.php\/wp-json\/wp\/v2\/comments?post=132949"}],"version-history":[{"count":1,"href":"https:\/\/rdnews.al\/index.php\/wp-json\/wp\/v2\/posts\/132949\/revisions"}],"predecessor-version":[{"id":132951,"href":"https:\/\/rdnews.al\/index.php\/wp-json\/wp\/v2\/posts\/132949\/revisions\/132951"}],"wp:featuredmedia":[{"embeddable":true,"href":"https:\/\/rdnews.al\/index.php\/wp-json\/wp\/v2\/media\/132950"}],"wp:attachment":[{"href":"https:\/\/rdnews.al\/index.php\/wp-json\/wp\/v2\/media?parent=132949"}],"wp:term":[{"taxonomy":"category","embeddable":true,"href":"https:\/\/rdnews.al\/index.php\/wp-json\/wp\/v2\/categories?post=132949"},{"taxonomy":"post_tag","embeddable":true,"href":"https:\/\/rdnews.al\/index.php\/wp-json\/wp\/v2\/tags?post=132949"}],"curies":[{"name":"wp","href":"https:\/\/api.w.org\/{rel}","templated":true}]}}